{"id":137943,"date":"2026-01-15T08:13:08","date_gmt":"2026-01-15T08:13:08","guid":{"rendered":"https:\/\/www.europesays.com\/no\/137943\/"},"modified":"2026-01-15T08:13:08","modified_gmt":"2026-01-15T08:13:08","slug":"maria-corina-machado-donald-trump-2","status":"publish","type":"post","link":"https:\/\/www.europesays.com\/no\/137943\/","title":{"rendered":"Maria Corina Machado, Donald Trump"},"content":{"rendered":"\n<p>Donald Trump tar i dag imot Maria Corina Machado som fikk fredsprisen han selv mener \u00e5 ha fortjent.<\/p>\n<p>\u2013 Det er vanskelig \u00e5 si hva som kan komme ut av dette m\u00f8tet, sier professor Leiv Marsteintredet ved Universitet i Bergen.<\/p>\n<p>\u2013 Machado h\u00e5per nok \u00e5 f\u00e5 en eller annen form for forpliktelse fra Trump om at det skal legges press p\u00e5 det sittende regimet i Venezuela, for eksempel en tidslinje eller en plan for overgang til demokrati, sier han til NTB.<\/p>\n<p>3. januar angrep USA en rekke m\u00e5l i USA, tok president Nicol\u00e1s Maduro og kona Cilia Flores til fange og fl\u00f8y dem til New York der de n\u00e5 sitter i varetekt.<\/p>\n<p>    Vil du se neste video?<\/p>\n<p>    <a href=\"https:\/\/www.nettavisen.no\/nyheter\/pete-hegseth-avbryter-plutselig-marco-rubio-klikker-pa-direkten\/v\/5-95-2813524\" class=\"recommend-poster\" data-adp-clicklabel=\"video-recommend\" data-adp-clickvalue=\"poster\" rel=\"nofollow noopener\" target=\"_blank\"><br \/>\n      <img decoding=\"async\" width=\"200\" height=\"200\" loading=\"lazy\" src=\"https:\/\/www.europesays.com\/no\/wp-content\/uploads\/2026\/01\/Hegseth+til+cue.jpg\" alt=\"\" class=\"brick-c-cFOWSL\" style=\"--brick-image-ratio: 200 \/ 200;\"\/><\/p>\n<p>Avbryter plutselig: Klikker p\u00e5 direkten1:05<\/p>\n<p>    <\/a><\/p>\n<p>        I dette intervjuet forteller Fox-personligheten Sean Patrick Hannity at han har snakket med den venezuelanske fredsprisvinneren Maria Corina Machado, som skal ha sagt at hun \u00f8nsker \u00e5 gi fredsprisen til USAs president Donald Trump for operasjonen i Venezuela.<br \/>\n        Det samme regimet<\/p>\n<p>Maduros n\u00e6re allierte Delcy Rodr\u00edguez er siden utpekt til fungerende president, og broren hennes Jorge Rodr\u00edguez er gjenvalgt som leder i landets nasjonalforsamling.<\/p>\n<p><b>Les ogs\u00e5:<\/b> <a href=\"https:\/\/www.nettavisen.no\/nyheter\/spekulasjoner-om-hemmelig-avtale-med-usa-etter-maduro-operasjonen-i-venezuela\/s\/5-95-2809649\" rel=\"Follow nofollow noopener\" target=\"_blank\">Spekulasjoner om hemmelig avtale etter Maduro-operasjonen<\/a><\/p>\n<p>\u2013 Det har absolutt ikke v\u00e6rt noen regimeendring i Venezuela. Det er fortsatt et beinhardt og autorit\u00e6rt regime, konstaterer Marsteintredet.<\/p>\n<p>\u2013 Det overrasket mange at amerikanerne gikk for denne melloml\u00f8sningen der de tok ut Maduro, men at de s\u00e5 seg forn\u00f8yd med \u00e5 beholde regimet, sier han.<\/p>\n<p>    Vil du se neste video?<\/p>\n<p>    <a href=\"https:\/\/www.nettavisen.no\/nyheter\/pete-hegseth-avbryter-plutselig-marco-rubio-klikker-pa-direkten\/v\/5-95-2813524\" class=\"recommend-poster\" data-adp-clicklabel=\"video-recommend\" data-adp-clickvalue=\"poster\" rel=\"nofollow noopener\" target=\"_blank\"><br \/>\n      <img decoding=\"async\" width=\"200\" height=\"200\" loading=\"lazy\" src=\"https:\/\/www.europesays.com\/no\/wp-content\/uploads\/2026\/01\/Hegseth+til+cue.jpg\" alt=\"\" class=\"brick-c-cFOWSL\" style=\"--brick-image-ratio: 200 \/ 200;\"\/><\/p>\n<p>Avbryter plutselig: Klikker p\u00e5 direkten1:05<\/p>\n<p>    <\/a><\/p>\n<p>        At den venezuelanske fredsprisvinneren Maria Corina Machado dedikerte prisen til president Donald Trump skapte reaksjoner i fjor h\u00f8st. Men etter USAs angrep mot Venezuela og p\u00e5gripelse av president Nicolas Maduro l\u00f8rdag, mener Machado at Trump fortjener prisen mer enn noen gang.<br \/>\n        Oljerikdom<\/p>\n<p>USA har de siste ukene bordet flere tankskip og hevder \u00e5 ha tatt kontroll over oljeeksporten fra Venezuela, som har verdens st\u00f8rste p\u00e5viste oljereserve.<\/p>\n<p>Trump har ogs\u00e5 hevdet at det n\u00e5 er han som styrer landet, noe som trolig bekymrer Machado og den \u00f8vrige opposisjonen i Venezuela, tror Marsteintredet.<\/p>\n<p>\u2013 Opposisjonen frykter nok at Trump skal se seg forn\u00f8yd med det som n\u00e5 er det best\u00e5ende i Venezuela, og at Rodr\u00edguez i tilstrekkelig grad vil greie \u00e5 oppfylle Trumps \u00f8nsker slik at han ikke legger ytterligere press p\u00e5 regimet, sier Marsteintredet.<\/p>\n<p><b>Les ogs\u00e5:<\/b><a href=\"https:\/\/www.nettavisen.no\/nyheter\/bredere-onske-om-kontroll\/s\/5-95-2806692\" rel=\"Follow nofollow noopener\" target=\"_blank\"> \u2013 Bredere \u00f8nske om kontroll<\/a><\/p>\n<p>Denne uka l\u00f8slot regimet en rekke fanger, blant dem flere politiske fanger og amerikanske statsborgere, noe som trolig var ment \u00e5 blidgj\u00f8re USA.<\/p>\n<p>Oljesektoren ble nasjonalisert i 2007, men if\u00f8lge Rodriguez \u00e5pner Venezuela n\u00e5 ogs\u00e5 for \u00abenergisamarbeid som gagner alle parter\u00bb.<\/p>\n<p>\u2013 Har ikke st\u00f8tte<\/p>\n<p>Machado har i flere \u00e5r hatt tett kontakt med USAs n\u00e5v\u00e6rende utenriksminister Marco Rubio, som st\u00f8tter hennes krav om regimeendring i Venezuela.<\/p>\n<p>Hun har ikke tidligere m\u00f8tt Trump, som under en pressekonferanse rett etter det amerikanske angrepet hevdet at hun verken hadde st\u00f8tte eller n\u00f8t respekt i Venezuela.<\/p>\n<p><b>Les ogs\u00e5:<\/b> <a href=\"https:\/\/www.nettavisen.no\/nyheter\/store-og-machado-moter-pressen\/s\/5-95-2774544\" rel=\"Follow nofollow noopener\" target=\"_blank\">Machado: \u2013 De ville ha gjort alt de kunne for \u00e5 stoppe meg<\/a><\/p>\n<p>\u2013 Det er en risikosport \u00e5 pr\u00f8ve \u00e5 fortolke Trump, men jeg tror nok ikke han n\u00f8dvendigvis at han mente folkelig st\u00f8tte, selv om det var det han sa. Jeg tror han mente st\u00f8tte i det milit\u00e6re apparatet og hos dem som sitter med makten i landet, sier Marsteintredet.<\/p>\n<p>\u2013 Dersom det skulle komme nye og demokratiske valg i Venezuela i l\u00f8pet av 2026, s\u00e5 er nok Machado s\u00e5pass popul\u00e6r at hun vil ligge godt an til \u00e5 vinne presidentmakten, tror han.<\/p>\n<p>Fredspris<\/p>\n<p>Da Machado i desember ble tildelt Nobels fredspris, dedikerte hun raskt prisen til Trump. I ettertid har det blitt spekulert i om hun ogs\u00e5 vil gi ham medaljen hun mottok i Oslo.<\/p>\n<p>    Vil du se neste video?<\/p>\n<p>    <a href=\"https:\/\/www.nettavisen.no\/nyheter\/pete-hegseth-avbryter-plutselig-marco-rubio-klikker-pa-direkten\/v\/5-95-2813524\" class=\"recommend-poster\" data-adp-clicklabel=\"video-recommend\" data-adp-clickvalue=\"poster\" rel=\"nofollow noopener\" target=\"_blank\"><br \/>\n      <img decoding=\"async\" width=\"200\" height=\"200\" loading=\"lazy\" src=\"https:\/\/www.europesays.com\/no\/wp-content\/uploads\/2026\/01\/Hegseth+til+cue.jpg\" alt=\"\" class=\"brick-c-cFOWSL\" style=\"--brick-image-ratio: 200 \/ 200;\"\/><\/p>\n<p>Avbryter plutselig: Klikker p\u00e5 direkten1:05<\/p>\n<p>    <\/a><\/p>\n<p>        Statsminister Jonas Gahr St\u00f8re (Ap) holder felles pressekonferanse med den venezuelanske fredsprisvinneren Maria Corina Machado torsdag formiddag.<\/p>\n<p>Dette har hun ikke anledning til \u00e5 gj\u00f8re, fant Nobelkomiteen det nylig n\u00f8dvendig \u00e5 p\u00e5peke.<\/p>\n<p>\u2013 En nobelpris kan verken tilbakekalles, deles eller overdras til andre. I det kunngj\u00f8ringen er gjort, s\u00e5 st\u00e5r beslutningen til evig tid, heter det i <a href=\"https:\/\/www.nobelpeaceprize.org\/presse\/pressemeldinger\/a-nobel-prize-cannot-be-revoked-shared-or-transferred-1\" rel=\"nofollow noopener\" target=\"_blank\">en uttalelse fra komiteen<\/a>.<\/p>\n<p>(\u00a9NTB)<\/p>\n","protected":false},"excerpt":{"rendered":"Donald Trump tar i dag imot Maria Corina Machado som fikk fredsprisen han selv mener \u00e5 ha fortjent.&hellip;\n","protected":false},"author":2,"featured_media":128040,"comment_status":"","ping_status":"","sticky":false,"template":"","format":"standard","meta":{"footnotes":""},"categories":[10],"tags":[20,21,24,25,15,22,23,13,30,28,29,14,16,26,27],"class_list":{"0":"post-137943","1":"post","2":"type-post","3":"status-publish","4":"format-standard","5":"has-post-thumbnail","7":"category-norge","8":"tag-breaking-news","9":"tag-breakingnews","10":"tag-featured-news","11":"tag-featurednews","12":"tag-headlines","13":"tag-latest-news","14":"tag-latestnews","15":"tag-news","16":"tag-no","17":"tag-norge","18":"tag-norway","19":"tag-nyheter","20":"tag-overskrifter","21":"tag-top-stories","22":"tag-topstories"},"share_on_mastodon":{"url":"https:\/\/pubeurope.com\/@no\/115898115888700799","error":""},"_links":{"self":[{"href":"https:\/\/www.europesays.com\/no\/wp-json\/wp\/v2\/posts\/137943","targetHints":{"allow":["GET"]}}],"collection":[{"href":"https:\/\/www.europesays.com\/no\/wp-json\/wp\/v2\/posts"}],"about":[{"href":"https:\/\/www.europesays.com\/no\/wp-json\/wp\/v2\/types\/post"}],"author":[{"embeddable":true,"href":"https:\/\/www.europesays.com\/no\/wp-json\/wp\/v2\/users\/2"}],"replies":[{"embeddable":true,"href":"https:\/\/www.europesays.com\/no\/wp-json\/wp\/v2\/comments?post=137943"}],"version-history":[{"count":0,"href":"https:\/\/www.europesays.com\/no\/wp-json\/wp\/v2\/posts\/137943\/revisions"}],"wp:featuredmedia":[{"embeddable":true,"href":"https:\/\/www.europesays.com\/no\/wp-json\/wp\/v2\/media\/128040"}],"wp:attachment":[{"href":"https:\/\/www.europesays.com\/no\/wp-json\/wp\/v2\/media?parent=137943"}],"wp:term":[{"taxonomy":"category","embeddable":true,"href":"https:\/\/www.europesays.com\/no\/wp-json\/wp\/v2\/categories?post=137943"},{"taxonomy":"post_tag","embeddable":true,"href":"https:\/\/www.europesays.com\/no\/wp-json\/wp\/v2\/tags?post=137943"}],"curies":[{"name":"wp","href":"https:\/\/api.w.org\/{rel}","templated":true}]}}