{"id":137957,"date":"2026-01-15T08:28:08","date_gmt":"2026-01-15T08:28:08","guid":{"rendered":"https:\/\/www.europesays.com\/no\/137957\/"},"modified":"2026-01-15T08:28:08","modified_gmt":"2026-01-15T08:28:08","slug":"zelenskyj-holder-igjen-en-fredsavtale","status":"publish","type":"post","link":"https:\/\/www.europesays.com\/no\/137957\/","title":{"rendered":"Zelenskyj holder igjen en fredsavtale"},"content":{"rendered":"\n<p class=\"_lead_o9xde_2 _lead_xtcu6_50 layout-component text-serif-m layout-normal text-serif-l layout-component layout-wide layout-padded _wide_17hqh_1 layout-padded\">Volodymyr Zelenskyj, ikke Vladimir Putin, er den som holder igjen en mulig fredsavtale for Ukraina, sier USAs president Donald Trump til Reuters.<\/p>\n<p><img alt=\"Donald Trump m\u00f8tte Volodymyr Zelenskyj senest i romjulen, den ukrainske presidenten er mer til hinder for en fredsavtale for Ukraina enn Russlands Vladimir Putin er.  Foto: Alex Brandon \/ AP \/ NTB\" class=\"_image_qp4xg_65 layout-component layout-wide\" data-fullscreen- data-track-element-type=\"Article image fullscreen\" data-track-name=\"ImageFullscreen\" fetchpriority=\"high\" decoding=\"sync\" loading=\"eager\" height=\"1790\" itemprop=\"image\"  src=\"https:\/\/www.europesays.com\/no\/wp-content\/uploads\/2026\/01\/13955ed5-9a4c-49a1-b5b3-68d31b893f55.jpeg\"  style=\"object-position:0% 0%\" width=\"2685\"\/>Donald Trump m\u00f8tte Volodymyr Zelenskyj senest i romjulen, den ukrainske presidenten er mer til hinder for en fredsavtale for Ukraina enn Russlands Vladimir Putin er.  Foto: Alex Brandon \/ AP \/ NTB<\/p>\n<ul aria-hidden=\"true\" class=\"_images_ntbth_112\">\n<li><a class=\"_link_ntbth_117\" href=\"https:\/\/www.vg.no\/forfatter\/ntb\" style=\"z-index:1\" title=\"NTB\" rel=\"nofollow noopener\" target=\"_blank\"><img alt=\"Bilde av NTB\" class=\"_image_ntbth_93\" fetchpriority=\"low\" loading=\"lazy\" decoding=\"async\" itemprop=\"image\"  src=\"https:\/\/www.europesays.com\/no\/wp-content\/uploads\/2026\/01\/1768465688_632_c33980b0-5d07-4027-84a1-813f90a7c8d6.png\"  width=\"480\"\/><\/a><\/li>\n<\/ul>\n<p> Oppdatert torsdag 15. januar kl. 07:31     <\/p>\n<p class=\"_paragraph_o9xde_4 _paragraph_xtcu6_10 layout-component text-serif-m layout-normal text-serif-m layout-padded\">Trumps uttalelse st\u00e5r i skarp kontrast til det som er tonen fra USAs allierte i Europa. De har hele tiden argumentert for at det er Russland som ikke er interessert i \u00e5 avslutte krigen i Ukraina.<\/p>\n<p class=\"_paragraph_o9xde_4 _paragraph_xtcu6_10 layout-component text-serif-m layout-normal text-serif-m layout-padded\"><strong class=\"_strong_o9xde_25\">I et eksklusivt intervju gjort p\u00e5 presidentens kontor i Det hvite hus sier Trump at Russlands president Putin er klar til \u00e5 runde av den nesten fire \u00e5r lange invasjonen av Ukraina. <\/strong><\/p>\n<p class=\"_paragraph_o9xde_4 _paragraph_xtcu6_10 layout-component text-serif-m layout-normal text-serif-m layout-padded\">\u2013 Jeg tror han er klar til \u00e5 gj\u00f8re en avtale. Jeg tror Ukraina er mindre klar til \u00e5 gj\u00f8re en avtale, sier Trump, som mener Zelenskyj er mer tilbakeholden enn hans russiske motpart. <\/p>\n<p class=\"_paragraph_o9xde_4 _paragraph_xtcu6_10 layout-component text-serif-m layout-normal text-serif-m layout-padded\">Trump svarer ogs\u00e5 \u00abZelenskyj\u00bb n\u00e5r han blir spurt om hvorfor de USA-ledede forhandlingene ikke har klart \u00e5 f\u00e5 slutt p\u00e5 krigen.<\/p>\n<p class=\"_paragraph_o9xde_4 _paragraph_xtcu6_10 layout-component text-serif-m layout-normal text-serif-m layout-padded\">Det har v\u00e6rt store svingninger i forholdet mellom den amerikanske og den ukrainske presidenten, men m\u00f8tene mellom dem ser ut til \u00e5 ha blitt bedre i l\u00f8pet av det \u00e5ret som har g\u00e5tt siden Trump kom tilbake til makten i USA.<\/p>\n<p class=\"_paragraph_o9xde_4 _paragraph_xtcu6_10 layout-component text-serif-m layout-normal text-serif-m layout-padded\">P\u00e5 sp\u00f8rsm\u00e5l om han vil m\u00f8te Zelenskyj under Verdens \u00f8konomiske forum i Davos neste uke, sier Trump at han er innstilt p\u00e5 det, dersom Zelenskyj kommer, men antyder at det ikke er lagt noen konkrete planer enn\u00e5. <\/p>\n<p class=\"_paragraph_o9xde_4 _paragraph_xtcu6_10 layout-component text-serif-m layout-normal text-serif-m layout-padded\">I perioder har Trump v\u00e6rt mer villig enn europeiske ledere til \u00e5 tro p\u00e5 forsikringer fra Putin, noe som har frustrert ukrainerne, europeiske ledere og mange amerikanske parlamentarikere, inkludert enkelte republikanere. <\/p>\n<p class=\"_paragraph_o9xde_4 _paragraph_xtcu6_10 layout-component text-serif-m layout-normal layout-padded\"><strong class=\"_strong_o9xde_25\">Les ogs\u00e5:<\/strong> <a href=\"https:\/\/www.vg.no\/i\/d4lR1q\" data-track-element-type=\"Link\" data-track-id=\"link:d4lR1q\" class=\"_link_o9xde_39\" rel=\"nofollow noopener\" target=\"_blank\">Eide i et iskaldt Ukraina: \u2013 Situasjonen er kritisk<\/a><\/p>\n","protected":false},"excerpt":{"rendered":"Volodymyr Zelenskyj, ikke Vladimir Putin, er den som holder igjen en mulig fredsavtale for Ukraina, sier USAs president&hellip;\n","protected":false},"author":2,"featured_media":137958,"comment_status":"","ping_status":"","sticky":false,"template":"","format":"standard","meta":{"footnotes":""},"categories":[12],"tags":[20,21,55,24,25,15,179,22,23,13,30,28,29,14,16,188,26,27,50,42,186,488,43,44,45],"class_list":{"0":"post-137957","1":"post","2":"type-post","3":"status-publish","4":"format-standard","5":"has-post-thumbnail","7":"category-verden","8":"tag-breaking-news","9":"tag-breakingnews","10":"tag-donald-trump","11":"tag-featured-news","12":"tag-featurednews","13":"tag-headlines","14":"tag-krigen-i-ukraina","15":"tag-latest-news","16":"tag-latestnews","17":"tag-news","18":"tag-no","19":"tag-norge","20":"tag-norway","21":"tag-nyheter","22":"tag-overskrifter","23":"tag-russland","24":"tag-top-stories","25":"tag-topstories","26":"tag-usa","27":"tag-verden","28":"tag-vladimir-putin","29":"tag-volodymyr-zelenskyj","30":"tag-world","31":"tag-world-news","32":"tag-worldnews"},"share_on_mastodon":{"url":"https:\/\/pubeurope.com\/@no\/115898174997650947","error":""},"_links":{"self":[{"href":"https:\/\/www.europesays.com\/no\/wp-json\/wp\/v2\/posts\/137957","targetHints":{"allow":["GET"]}}],"collection":[{"href":"https:\/\/www.europesays.com\/no\/wp-json\/wp\/v2\/posts"}],"about":[{"href":"https:\/\/www.europesays.com\/no\/wp-json\/wp\/v2\/types\/post"}],"author":[{"embeddable":true,"href":"https:\/\/www.europesays.com\/no\/wp-json\/wp\/v2\/users\/2"}],"replies":[{"embeddable":true,"href":"https:\/\/www.europesays.com\/no\/wp-json\/wp\/v2\/comments?post=137957"}],"version-history":[{"count":0,"href":"https:\/\/www.europesays.com\/no\/wp-json\/wp\/v2\/posts\/137957\/revisions"}],"wp:featuredmedia":[{"embeddable":true,"href":"https:\/\/www.europesays.com\/no\/wp-json\/wp\/v2\/media\/137958"}],"wp:attachment":[{"href":"https:\/\/www.europesays.com\/no\/wp-json\/wp\/v2\/media?parent=137957"}],"wp:term":[{"taxonomy":"category","embeddable":true,"href":"https:\/\/www.europesays.com\/no\/wp-json\/wp\/v2\/categories?post=137957"},{"taxonomy":"post_tag","embeddable":true,"href":"https:\/\/www.europesays.com\/no\/wp-json\/wp\/v2\/tags?post=137957"}],"curies":[{"name":"wp","href":"https:\/\/api.w.org\/{rel}","templated":true}]}}