{"id":137959,"date":"2026-01-15T08:29:07","date_gmt":"2026-01-15T08:29:07","guid":{"rendered":"https:\/\/www.europesays.com\/no\/137959\/"},"modified":"2026-01-15T08:29:07","modified_gmt":"2026-01-15T08:29:07","slug":"kjersti-stenseng-innvandring-stenseng-varsler-beinhardt-oppgjor-vil-kutte-i-ytelsene-til-innvandrere","status":"publish","type":"post","link":"https:\/\/www.europesays.com\/no\/137959\/","title":{"rendered":"Kjersti Stenseng, Innvandring | Stenseng varsler beinhardt oppgj\u00f8r: Vil kutte i ytelsene til innvandrere"},"content":{"rendered":"\n<p>For mange innvandrere kommer til Norge uten \u00e5 komme i jobb, fastsl\u00e5r arbeids- og inkluderingsminister Kjersti Stenseng (Ap) overfor Nettavisen. <\/p>\n<p>\u2013 Vi har ikke v\u00e6rt gode nok til \u00e5 f\u00e5 folk i jobb n\u00e5r de kommer til Norge. For mange blir st\u00e5ende utenfor, sier Stenseng.<\/p>\n<p>Hun sier Norge ikke har lykkes godt nok med \u00e5 f\u00e5 nyankomne raskt inn i arbeidslivet \u2013 og at b\u00e5de kulturforskjeller og svake \u00f8konomiske insentiver st\u00e5r i veien. <\/p>\n<p><b>H\u00f8r politisk podkast i Nettavisen: Slik hadde Norge blitt om R\u00f8dt hadde rent flertall<\/b><\/p>\n<p>Alarmerende tall<\/p>\n<p>Hun peker p\u00e5 at mange innvandrere kommer fra land der de aldri har v\u00e6rt i arbeid, ofte med lave kvalifikasjoner og svake norskkunnskaper. Samtidig mener Stenseng at kulturforskjeller mellom Norge og ikke-vestlige land undervurderes.<\/p>\n<p>\u2013 Mange kommer fra samfunn der kvinner ikke jobber. Da m\u00f8ter de et Norge som er helt annerledes. Her er likestilling grunnleggende, og b\u00e5de kvinner og menn skal jobbe. Dette skal innvandrere til Norge f\u00e5 klar beskjed om allerede i introduksjonsprogrammet<\/p>\n<p>Tall SSB<a href=\"https:\/\/www.nettavisen.no\/okonomi\/innvandrere-uten-jobb-koster-samfunnet-60-milliarder-i-aret\/s\/5-95-2714925\" rel=\"Follow nofollow noopener\" target=\"_blank\"> tidligere har publisert viser for eksempel at bare tolv prosent av syriske kvinner i alderen 20 til 66 er i heltidsstilling<\/a>. For somaliske kvinner er tallet 19, mens 38 prosent av somaliske menn i denne aldersgruppen er i full jobb. Bare hver fjerde pakistanske kvinne i alderen 20 til 66 i Norge er i full jobb.<\/p>\n<p>Til sammenligning er 52 prosent av kvinner i befolkningen i stort i fulltidsstilling.<\/p>\n<p><b>S\u00e5 du denne? <a href=\"https:\/\/www.nettavisen.no\/nyheter\/jon-reidar-oyan-publiserte-bilde-av-sin-egen-erigerte-penis-jeg-kuket-det-til\/s\/5-95-2825616\" rel=\"Follow nofollow noopener\" target=\"_blank\">Ap-topp sendte bilde av sin erigerte penis: \u2013 Kuket det til<\/a><\/b><\/p>\n<p>\u2013 Det m\u00e5 l\u00f8nne seg i lommeboka<\/p>\n<p>Stenseng mener dagens ytelsessystem i noen tilfeller gj\u00f8r det lite attraktivt for innvandrere \u00e5 g\u00e5 inn i arbeidslivet. Hun viser til at en alenefors\u00f8rger med to barn i Oslo kan ha behov for rundt 600.000 kroner i arbeidsinntekt for \u00e5 komme \u00f8konomisk likt ut med ulike ytelser det offentlig tilbyr. <\/p>\n<p>\u2013 Forventet l\u00f8nn for flyktninger med kort botid i heltidsstilling er rundt 450.000 kroner. Da f\u00e5r samfunnet et stort problem, for ingen \u00f8nsker \u00e5 g\u00e5 ned i inntekt.<\/p>\n<p>\u2013 S\u00e5 niv\u00e5et p\u00e5 ytelsene m\u00e5 ned?<\/p>\n<p>\u2013 Vi m\u00e5 se p\u00e5 b\u00e5de niv\u00e5et og p\u00e5 hvordan ytelsene er innrettet. Arbeidsretting m\u00e5 v\u00e6re en tydelig del av ordningene. Det skal alltid l\u00f8nne seg \u00e5 jobbe.<\/p>\n<p>\u2013 Men det gj\u00f8r det jo alts\u00e5 ikke if\u00f8lge ditt eksempel?<\/p>\n<p>\u2013 Nei, ikke alltid. Og det skal regjeringen endre.<\/p>\n<p>\u2013 Du kan jo ikke knipse og l\u00f8fte l\u00f8nnsniv\u00e5et i Norge, s\u00e5 da er det ytelsene du kan gj\u00f8re noe med?<\/p>\n<p>\u2013 Det er ytelsene, b\u00e5de niv\u00e5 og innretting, vi m\u00e5 se p\u00e5, ja.<\/p>\n<p><b>Les ogs\u00e5: <a href=\"https:\/\/www.nettavisen.no\/okonomi\/innvandrere-uten-jobb-koster-samfunnet-60-milliarder-i-aret\/s\/5-95-2714925\" rel=\"Follow nofollow noopener\" target=\"_blank\">S\u00e5 mye koster innvandrere AS Norge<\/a><\/b><\/p>\n<p>Stille tydeligere krav<\/p>\n<p>Fra 1. januar er introduksjonsprogrammet skjerpet. Deltakere kan n\u00e5 ta videreg\u00e5ende utdanning og fullf\u00f8re samtidig som de er i programmet, og arbeidsrettingen er styrket for alle.<\/p>\n<p>\u2013 Du g\u00e5r ikke ut i jobb for \u00e5 tjene 500.000 hvis du kan f\u00e5 600.000 uten \u00e5 jobbe. S\u00e5 enkelt er det. Derfor m\u00e5 systemene v\u00e5re st\u00f8tte opp under arbeid, ikke passivitet, sier Stenseng.<\/p>\n<p>Hun viser samtidig til at sysselsettingen blant enkelte innvandrergrupper i Norge samlet sett er omtrent p\u00e5 niv\u00e5 med resten av befolkningen \u2013 men at tallene skjuler store forskjeller.<\/p>\n<p>Stenseng mener Norge m\u00e5 stille klarere forventninger til dem som kommer hit, blant annet gjennom integreringserkl\u00e6ringen.<\/p>\n<p>\u2013 Vi m\u00e5 v\u00e6re tydelige: I Norge er vi likestilte. Her jobber kvinner og menn. Og vi har alle et ansvar for \u00e5 fors\u00f8rge oss selv og familien v\u00e5r, sier hun.<\/p>\n<p>Sosial kontroll<\/p>\n<p>Hun peker ogs\u00e5 p\u00e5 sosial kontroll som en barriere, s\u00e6rlig for kvinner, og mener arbeid er en n\u00f8kkel b\u00e5de til integrering og spr\u00e5kl\u00e6ring.<\/p>\n<p>\u2013 Jobb er en av de viktigste arenaene for \u00e5 l\u00e6re norsk og bli en del av samfunnet.<\/p>\n<p>Arbeids- og inkluderingsministeren legger ikke skjul p\u00e5 at hun mener enkelte grupper m\u00e5 m\u00f8tes med langt tydeligere forventninger.<\/p>\n<p>\u2013 Beskjeden er enkel: Du skal jobbe. Det gjelder ikke bare kvinner med innvandrerbakgrunn. Mannfolkene m\u00e5 ogs\u00e5 jobbe, sier Stenseng.<\/p>\n<p><b>Utraprosessert mat: <a href=\"https:\/\/www.nettavisen.no\/ultraprosessert-mat\/helse\/kosthold\/150-produkter-i-stor-oversikt-ultraprosessert-mat-disse-varene-er-fulle-av-tilsetningsstoffer\/s\/5-95-2785417\" rel=\"Follow nofollow noopener\" target=\"_blank\">Trekker frem 150 verstinger<\/a><\/b><\/p>\n<p>Varsler flere nye tiltak<\/p>\n<p>Hun avviser likevel at l\u00f8sningen er omfattende kutt i velferdsordningene.<\/p>\n<p>\u2013 \u00c5 gj\u00f8re folk fattigere gir ikke bedre integrering. Det er oppskriften p\u00e5 \u00e5 st\u00e5 utenfor. Hvis du ikke kan jobbe, skal du ha inntektssikring. Men hvis du kan jobbe, m\u00e5 systemet v\u00e5rt dytte deg i den retningen. Frp foresl\u00e5r for eksempel at flyktninger kun skal f\u00e5 et tre ukers norskkurs. Det er ingen som l\u00e6rer norsk p\u00e5 s\u00e5 kort tid, og vil f\u00f8re til flere p\u00e5 sosialhjelp. Vi skal stille krav, men ogs\u00e5 stille opp. Skal man f\u00e5 seg jobb m\u00e5 man kunne norsk, da kan vi ikke kutte i det tilbudet. <\/p>\n<p>Regjeringen vil if\u00f8lge Stenseng komme med flere tiltak fremover for \u00e5 \u00f8ke arbeidsdeltakelsen blant innvandrere.<\/p>\n<p>\u2013 Ingen p\u00e5 r\u00f8dgr\u00f8nn side ser p\u00e5 disse tallene og er forn\u00f8yd. Noe m\u00e5 gj\u00f8res, og regjeringen jobber med en rekke tiltak som jeg kommer til \u00e5 presentere n\u00e5r de er klare.<\/p>\n","protected":false},"excerpt":{"rendered":"For mange innvandrere kommer til Norge uten \u00e5 komme i jobb, fastsl\u00e5r arbeids- og inkluderingsminister Kjersti Stenseng (Ap)&hellip;\n","protected":false},"author":2,"featured_media":137960,"comment_status":"","ping_status":"","sticky":false,"template":"","format":"standard","meta":{"footnotes":""},"categories":[10],"tags":[20,21,24,25,15,22,23,13,30,28,29,14,16,26,27],"class_list":{"0":"post-137959","1":"post","2":"type-post","3":"status-publish","4":"format-standard","5":"has-post-thumbnail","7":"category-norge","8":"tag-breaking-news","9":"tag-breakingnews","10":"tag-featured-news","11":"tag-featurednews","12":"tag-headlines","13":"tag-latest-news","14":"tag-latestnews","15":"tag-news","16":"tag-no","17":"tag-norge","18":"tag-norway","19":"tag-nyheter","20":"tag-overskrifter","21":"tag-top-stories","22":"tag-topstories"},"share_on_mastodon":{"url":"https:\/\/pubeurope.com\/@no\/115898178820003477","error":""},"_links":{"self":[{"href":"https:\/\/www.europesays.com\/no\/wp-json\/wp\/v2\/posts\/137959","targetHints":{"allow":["GET"]}}],"collection":[{"href":"https:\/\/www.europesays.com\/no\/wp-json\/wp\/v2\/posts"}],"about":[{"href":"https:\/\/www.europesays.com\/no\/wp-json\/wp\/v2\/types\/post"}],"author":[{"embeddable":true,"href":"https:\/\/www.europesays.com\/no\/wp-json\/wp\/v2\/users\/2"}],"replies":[{"embeddable":true,"href":"https:\/\/www.europesays.com\/no\/wp-json\/wp\/v2\/comments?post=137959"}],"version-history":[{"count":0,"href":"https:\/\/www.europesays.com\/no\/wp-json\/wp\/v2\/posts\/137959\/revisions"}],"wp:featuredmedia":[{"embeddable":true,"href":"https:\/\/www.europesays.com\/no\/wp-json\/wp\/v2\/media\/137960"}],"wp:attachment":[{"href":"https:\/\/www.europesays.com\/no\/wp-json\/wp\/v2\/media?parent=137959"}],"wp:term":[{"taxonomy":"category","embeddable":true,"href":"https:\/\/www.europesays.com\/no\/wp-json\/wp\/v2\/categories?post=137959"},{"taxonomy":"post_tag","embeddable":true,"href":"https:\/\/www.europesays.com\/no\/wp-json\/wp\/v2\/tags?post=137959"}],"curies":[{"name":"wp","href":"https:\/\/api.w.org\/{rel}","templated":true}]}}