{"id":137973,"date":"2026-01-15T08:48:07","date_gmt":"2026-01-15T08:48:07","guid":{"rendered":"https:\/\/www.europesays.com\/no\/137973\/"},"modified":"2026-01-15T08:48:07","modified_gmt":"2026-01-15T08:48:07","slug":"iran-henrettelser-henrettelse-av-protestleder-i-iran-stanset","status":"publish","type":"post","link":"https:\/\/www.europesays.com\/no\/137973\/","title":{"rendered":"Iran, Henrettelser | Henrettelse av protestleder i Iran stanset"},"content":{"rendered":"\n<p>Erfan Soltani skulle henrettes onsdag, men d\u00f8dsdommen mot ham ikke er fullbyrdet, sier Hengaw og viser til slektninger. Menneskerettsgruppen sier det fortsatt er \u00abalvorlige og vedvarende bekymringer\u00bb knyttet til Soltanis rett til \u00e5 leve.<\/p>\n<p>I et intervju med amerikanske Fox News sier Irans utenriksminister Abbas Araghchi onsdag at det ikke blir noen \u00abhengninger, i dag eller i morgen\u00bb. Utsagnet kommer til tross for at iranske myndigheter tidligere har sagt at de vil har raske rettsprosesser mot demonstrantene.<\/p>\n<p>I intervjuet hevder Araghchi at ti dager med fredelige demonstrasjoner knyttet til Irans vanskelige \u00f8konomiske situasjon, ble fulgt av tre dager med vold iscenesatt av Israel, men at ro og orden n\u00e5 er gjenopprettet.<\/p>\n<p>\u2013 Jeg kan si deg at jeg f\u00f8ler meg trygg p\u00e5 at det ikke er noen planer om hengning, sier Araghchi.<\/p>\n<p>De seneste tallene fra den Oslo-baserte menneskerettsgruppen Iran Human Rights (IHR) tilsa onsdag at over 3400 demonstranter er drept i Iran siden 28. desember, de aller fleste av dem mellom 8. og 12. januar. <\/p>\n<p>USAs president Donald Trump har truet med kraftige tiltak mot prestestyret i Iran, men sa f\u00f8r Araghchis uttalelse at han har f\u00e5tt h\u00f8re at \u00abdrepingen i Iran stanses\u00bb.<\/p>\n<p>\u2013 Det er ingen planer om henrettelser, sa han uten \u00e5 utdype hvor han hadde informasjonen fra.<\/p>\n","protected":false},"excerpt":{"rendered":"Erfan Soltani skulle henrettes onsdag, men d\u00f8dsdommen mot ham ikke er fullbyrdet, sier Hengaw og viser til slektninger.&hellip;\n","protected":false},"author":2,"featured_media":137974,"comment_status":"","ping_status":"","sticky":false,"template":"","format":"standard","meta":{"footnotes":""},"categories":[12],"tags":[20,21,24,25,15,22,23,13,30,28,29,14,16,26,27,42,43,44,45],"class_list":{"0":"post-137973","1":"post","2":"type-post","3":"status-publish","4":"format-standard","5":"has-post-thumbnail","7":"category-verden","8":"tag-breaking-news","9":"tag-breakingnews","10":"tag-featured-news","11":"tag-featurednews","12":"tag-headlines","13":"tag-latest-news","14":"tag-latestnews","15":"tag-news","16":"tag-no","17":"tag-norge","18":"tag-norway","19":"tag-nyheter","20":"tag-overskrifter","21":"tag-top-stories","22":"tag-topstories","23":"tag-verden","24":"tag-world","25":"tag-world-news","26":"tag-worldnews"},"share_on_mastodon":{"url":"https:\/\/pubeurope.com\/@no\/115898253583790893","error":""},"_links":{"self":[{"href":"https:\/\/www.europesays.com\/no\/wp-json\/wp\/v2\/posts\/137973","targetHints":{"allow":["GET"]}}],"collection":[{"href":"https:\/\/www.europesays.com\/no\/wp-json\/wp\/v2\/posts"}],"about":[{"href":"https:\/\/www.europesays.com\/no\/wp-json\/wp\/v2\/types\/post"}],"author":[{"embeddable":true,"href":"https:\/\/www.europesays.com\/no\/wp-json\/wp\/v2\/users\/2"}],"replies":[{"embeddable":true,"href":"https:\/\/www.europesays.com\/no\/wp-json\/wp\/v2\/comments?post=137973"}],"version-history":[{"count":0,"href":"https:\/\/www.europesays.com\/no\/wp-json\/wp\/v2\/posts\/137973\/revisions"}],"wp:featuredmedia":[{"embeddable":true,"href":"https:\/\/www.europesays.com\/no\/wp-json\/wp\/v2\/media\/137974"}],"wp:attachment":[{"href":"https:\/\/www.europesays.com\/no\/wp-json\/wp\/v2\/media?parent=137973"}],"wp:term":[{"taxonomy":"category","embeddable":true,"href":"https:\/\/www.europesays.com\/no\/wp-json\/wp\/v2\/categories?post=137973"},{"taxonomy":"post_tag","embeddable":true,"href":"https:\/\/www.europesays.com\/no\/wp-json\/wp\/v2\/tags?post=137973"}],"curies":[{"name":"wp","href":"https:\/\/api.w.org\/{rel}","templated":true}]}}