{"id":137981,"date":"2026-01-15T08:55:08","date_gmt":"2026-01-15T08:55:08","guid":{"rendered":"https:\/\/www.europesays.com\/no\/137981\/"},"modified":"2026-01-15T08:55:08","modified_gmt":"2026-01-15T08:55:08","slug":"donald-trump-venezuela-reagerer-pa-trumps-signaler-skaper-ny-usikkerhet-i-venezuela","status":"publish","type":"post","link":"https:\/\/www.europesays.com\/no\/137981\/","title":{"rendered":"Donald Trump, Venezuela | Reagerer p\u00e5 Trumps signaler \u2013 skaper ny usikkerhet i Venezuela"},"content":{"rendered":"\n<p>Da nyheten om p\u00e5gripelsen av Venezuelas diktator Nicol\u00e1s Maduro kom l\u00f8rdag 3. januar, ble den norske debatten raskt dominert av sp\u00f8rsm\u00e5l om folkerett og internasjonal rettsorden. Utenriksminister <a href=\"https:\/\/www.regjeringen.no\/no\/aktuelt\/uttalelse-fra-utenriksminister-espen-barth-eide-om-situasjonen-i-venezuela\/id3144777\/\" rel=\"nofollow noopener\" target=\"_blank\">Espen Barth Eide<\/a> advarte mot operasjonens legitimitet, flere Latin-Amerika-eksperter og aviskommentatorer fulgte samme spor.<\/p>\n<p>Det som har manglet, er venezuelanernes egen stemme \u2013 etter mer enn tjue \u00e5r med systematiske overgrep, statlig vold og et internasjonalt samfunn som gjentatte ganger har sviktet dem.<\/p>\n<p>Lettelse, ikke triumf<\/p>\n<p>Den dominerende reaksjonen i Venezuela etter Maduros p\u00e5gripelse har v\u00e6rt lettelse. Ikke triumf, men lettelse. Det er verken irrasjonelt eller overraskende. Regimet har i over to ti\u00e5r st\u00e5tt bak grove menneskerettighetsbrudd og forbrytelser mot menneskeheten, ofte beg\u00e5tt \u00e5pent og med n\u00e6r total straffrihet.<\/p>\n<p>   <img decoding=\"async\" width=\"2229\" height=\"2247\" fetchpriority=\"low\"  loading=\"lazy\"  src=\"https:\/\/www.europesays.com\/no\/wp-content\/uploads\/2026\/01\/Sonia_Zapata_headshot_2026_1.jpg\" alt=\"\" class=\"brick-c-cFOWSL\" style=\"--brick-image-ratio: 2229 \/ 2247;\"\/><\/p>\n<p>      Sonia Zapata, jurist og grunnlegger av The Norwegian Venezuelan Justice Alliance.<br \/>\n      Foto: Privat\n    <\/p>\n<p>Sett fra et strengt juridisk perspektiv reiser den amerikanske operasjonen \u00e5penbare sp\u00f8rsm\u00e5l om brudd p\u00e5 internasjonale rettsnormer, og disse m\u00e5 tas p\u00e5 alvor. Samtidig er det b\u00e5de urealistisk og i praksis urettferdig \u00e5 vurdere venezuelanernes reaksjoner utelukkende gjennom et slikt juridisk rammeverk, l\u00f8srevet fra deres levde erfaring.<\/p>\n<p>For en befolkning som i over tjue \u00e5r har sett rettsstaten kollapse og internasjonale ansvarliggj\u00f8ringsmekanismer svikte, oppleves dette ikke som et angrep p\u00e5 nasjonen, men som et mulig f\u00f8rste brudd med et regime som har rasert landets institusjoner og drevet millioner p\u00e5 flukt.<\/p>\n<p><b>Les ogs\u00e5:<\/b> <a href=\"https:\/\/www.nettavisen.no\/norsk-debatt\/stemmer-det-trump-sier-at-regimet-i-venezuela-involvert-i-narkotikatrafikk-og-terrorisme\/o\/5-95-2813808\" rel=\"Follow nofollow noopener\" target=\"_blank\">Konsekvensene blir helt feil <\/a><\/p>\n<p>Oppfatter USA som en alliert<\/p>\n<p>Der toneangivende stemmer i den norske debatten tolker hendelsen som et uttrykk for <a href=\"https:\/\/www.nrk.no\/nyheter\/eksperter_-_-usas-maktbruk-i-venezuela-er-brudd-pa-folkeretten-1.17712668\" rel=\"nofollow noopener\" target=\"_blank\">amerikansk maktpolitikk<\/a>, oppfatter mange venezuelanere USA som en potensiell alliert \u2013 snarere enn en trussel \u2013 etter \u00e5r med internasjonal passivitet og tomme erkl\u00e6ringer.<\/p>\n<p>Dette m\u00e5 forst\u00e5s i lys av Venezuelas faktiske situasjon. Siden Ch\u00e1vez\u2019 tid har landet v\u00e6rt utsatt for dyp og inngripende innflytelse fra autorit\u00e6re akt\u00f8rer som Cuba, Iran, Russland og Kina. Disse statene har ikke bare bidratt til \u00e5 uthule venezuelansk suverenitet, men ogs\u00e5 fungert som sikkerhets- og etterretningspartnere i regimets undertrykkelse av egen befolkning.<\/p>\n<p>S\u00e6rlig blant yngre venezuelanere finnes det ingen tilsvarende kollektiv erfaring med at USA har p\u00e5f\u00f8rt dem denne typen systematiske overgrep.<\/p>\n<p>Interesse for oljen<\/p>\n<p>Det pekes ofte p\u00e5 USAs interesse i venezuelansk olje. Det som sjeldnere nevnes, er at landets naturressurser allerede i dag plyndres av kriminelle nettverk knyttet til regimet og dets utenlandske st\u00f8ttespillere \u2013 blant annet med massive \u00f8deleggelser i Amazonas og dramatiske konsekvenser for landets urbefolkning.<\/p>\n<p>Sp\u00f8rsm\u00e5let mange venezuelanere stiller seg, er enkelt: Hvis ressursene uansett utnyttes, hvorfor skal ikke venezuelanerne selv f\u00e5 avgj\u00f8re hvordan \u2013 og med hvem?<\/p>\n<p>Trump skaper usikkerhet<\/p>\n<p>Vi ser Maduros fall som begynnelsen p\u00e5 en ny fase. En demokratisk overgang vil v\u00e6re krevende, langvarig og s\u00e5rbar. Samtidig har venezuelanerne gjennom to ti\u00e5r vist en ekstraordin\u00e6r evne til motstand og utholdenhet.<\/p>\n<p>President Donald Trumps mange og til dels motstridende uttalelser har imidlertid skapt ny usikkerhet. Hans avvisende holdning til Mar\u00eda Corina Machado, manglende omtale av den demokratisk valgte presidenten Edmundo Gonz\u00e1lez Urrutia og signaler om samarbeid med Delcy Rodr\u00edguez er dypt bekymringsfulle.<\/p>\n<p>Machado ble valgt av venezuelanerne i prim\u00e6rvalget i 2023, og hennes legitimitet er udiskutabel. Det ble tydelig under Nobelmarkeringen i Oslo, da venezuelanere fra hele verden m\u00f8tte opp for \u00e5 vise sin st\u00f8tte.<\/p>\n<p>Trumps utspill st\u00e5r ogs\u00e5 i kontrast til linjen fra USAs utenriksminister <a href=\"https:\/\/www.instagram.com\/p\/DIgf_iqosCd\/?utm_source=ig_embed\" rel=\"nofollow noopener\" target=\"_blank\">Marco Rubio<\/a>, som har omtalt Machado som et h\u00e5p ikke bare for Venezuela, men for hele regionen.<\/p>\n<p>Fangene m\u00e5 l\u00f8slates<\/p>\n<p>Venezuelanernes har et klart krav om at valgresultatet fra 2024 respekteres, og at Gonz\u00e1lez og Machado skal lede overgangsprosessen.<\/p>\n<p>Like urovekkende har den langvarige stillheten om Venezuelas politiske fanger v\u00e6rt. If\u00f8lge menneskerettighetsorganisasjonen <a href=\"https:\/\/foropenal.com\/\" rel=\"nofollow noopener\" target=\"_blank\">Foro Penal<\/a> sitter rundt 800 fortsatt fengslet.<\/p>\n<p>En reell overgang mot et demokratisk styresett og en rettsstat forutsetter en umiddelbar og betingelsesl\u00f8s l\u00f8slatelse av alle politiske fanger, og en permanent stenging av landets beryktede tortursenter, <a href=\"https:\/\/news.sky.com\/story\/political-prisoners-are-being-freed-from-a-brutal-jail-in-caracas-its-a-significant-development-13492254\" rel=\"nofollow noopener\" target=\"_blank\">El Helicoide<\/a>.<\/p>\n<p>Det er der Venezuelas vei mot frihet m\u00e5 begynne!<\/p>\n<p><script async src=\"\/\/www.instagram.com\/embed.js\"><\/script><\/p>\n","protected":false},"excerpt":{"rendered":"Da nyheten om p\u00e5gripelsen av Venezuelas diktator Nicol\u00e1s Maduro kom l\u00f8rdag 3. januar, ble den norske debatten raskt&hellip;\n","protected":false},"author":2,"featured_media":137982,"comment_status":"","ping_status":"","sticky":false,"template":"","format":"standard","meta":{"footnotes":""},"categories":[12],"tags":[20,21,24,25,15,22,23,13,30,28,29,14,16,26,27,42,43,44,45],"class_list":{"0":"post-137981","1":"post","2":"type-post","3":"status-publish","4":"format-standard","5":"has-post-thumbnail","7":"category-verden","8":"tag-breaking-news","9":"tag-breakingnews","10":"tag-featured-news","11":"tag-featurednews","12":"tag-headlines","13":"tag-latest-news","14":"tag-latestnews","15":"tag-news","16":"tag-no","17":"tag-norge","18":"tag-norway","19":"tag-nyheter","20":"tag-overskrifter","21":"tag-top-stories","22":"tag-topstories","23":"tag-verden","24":"tag-world","25":"tag-world-news","26":"tag-worldnews"},"share_on_mastodon":{"url":"https:\/\/pubeurope.com\/@no\/115898281170866156","error":""},"_links":{"self":[{"href":"https:\/\/www.europesays.com\/no\/wp-json\/wp\/v2\/posts\/137981","targetHints":{"allow":["GET"]}}],"collection":[{"href":"https:\/\/www.europesays.com\/no\/wp-json\/wp\/v2\/posts"}],"about":[{"href":"https:\/\/www.europesays.com\/no\/wp-json\/wp\/v2\/types\/post"}],"author":[{"embeddable":true,"href":"https:\/\/www.europesays.com\/no\/wp-json\/wp\/v2\/users\/2"}],"replies":[{"embeddable":true,"href":"https:\/\/www.europesays.com\/no\/wp-json\/wp\/v2\/comments?post=137981"}],"version-history":[{"count":0,"href":"https:\/\/www.europesays.com\/no\/wp-json\/wp\/v2\/posts\/137981\/revisions"}],"wp:featuredmedia":[{"embeddable":true,"href":"https:\/\/www.europesays.com\/no\/wp-json\/wp\/v2\/media\/137982"}],"wp:attachment":[{"href":"https:\/\/www.europesays.com\/no\/wp-json\/wp\/v2\/media?parent=137981"}],"wp:term":[{"taxonomy":"category","embeddable":true,"href":"https:\/\/www.europesays.com\/no\/wp-json\/wp\/v2\/categories?post=137981"},{"taxonomy":"post_tag","embeddable":true,"href":"https:\/\/www.europesays.com\/no\/wp-json\/wp\/v2\/tags?post=137981"}],"curies":[{"name":"wp","href":"https:\/\/api.w.org\/{rel}","templated":true}]}}