{"id":137989,"date":"2026-01-15T09:02:06","date_gmt":"2026-01-15T09:02:06","guid":{"rendered":"https:\/\/www.europesays.com\/no\/137989\/"},"modified":"2026-01-15T09:02:06","modified_gmt":"2026-01-15T09:02:06","slug":"stengte-veier-over-grensen-nrk-ostfold-lokale-nyheter-tv-og-radio","status":"publish","type":"post","link":"https:\/\/www.europesays.com\/no\/137989\/","title":{"rendered":"Stengte veier over grensen \u2013 NRK \u00d8stfold \u2013 Lokale nyheter, TV og radio"},"content":{"rendered":"<p>V\u00e6romslag har f\u00f8rt til isete veier og sv\u00e6rt glatt f\u00f8re rundt svenskegrensa i \u00d8stfold.<\/p>\n<p><strong>\u2013 Hvis man ikke m\u00e5 kj\u00f8re, b\u00f8r du vente en time eller to, sier Barbro Evensen Venhagen i Vegtrafikksentralen.<\/strong><\/p>\n<p>To skolebusser har sklidd av veien i Halden og sperrer mindre veier. <a href=\"https:\/\/www.ha-halden.no\/skolebuss-av-veien\/s\/30-20-10935\" ec-id=\"https:\/\/www.ha-halden.no\/skolebuss-av-veien\/s\/30-20-10935\" ec-name=\"I den ene bussen skal det ogs\u00e5 v\u00e6re barn som ikke kommer seg ut.\" rel=\"nofollow noopener\" target=\"_blank\">I den ene bussen skal det ogs\u00e5 v\u00e6re barn som ikke kommer seg ut.<\/a> Ingen skal v\u00e6re skadet.<\/p>\n<p>\u2013 Bussene gj\u00f8r ogs\u00e5 at str\u00f8bilene ikke kommer seg frem i omr\u00e5det, sier Evensen Venhagen.<\/p>\n<p>Kaos p\u00e5 E6 i Sverige<\/p>\n<p>Enda verre er det p\u00e5 svensk side av grensa.<\/p>\n<p>E6 nord for Str\u00f6mstad er stengt fra Blomsholmsmotet til H\u00f8gdalsmotet. Veistrekket ligger nord Str\u00f8mstad, men s\u00f8r for Nordby.<\/p>\n<p><strong>Lokalavisen Str\u00f8mstads Tidning <a href=\"https:\/\/www.stromstadstidning.se\/nyheter\/stromstad\/olycka-pa-e6-utanfor-stromstad-.3d3bf253-48f5-4d6d-a2dc-7edc1bb97d80\" ec-id=\"https:\/\/www.stromstadstidning.se\/nyheter\/stromstad\/olycka-pa-e6-utanfor-stromstad-.3d3bf253-48f5-4d6d-a2dc-7edc1bb97d80\" ec-name=\"skriver at fire lastebiler og tre personbiler\" rel=\"nofollow noopener\" target=\"_blank\">skriver at fire lastebiler og tre personbiler<\/a> er involvert i ulykker.<\/strong><\/p>\n<p>Svenske SOS Alarm sier til avisen at de ikke vet n\u00e5r veien kan \u00e5pne igjen, og sier det er sv\u00e6rt glatt i omr\u00e5det.<\/p>\n<p>Omkj\u00f8ringsveien ved siden av er ogs\u00e5 stengt etter at en lastebil har f\u00e5tt stans, skriver svenske Trafikverket.<\/p>\n<p>\u2013 Situasjonen i Sverige p\u00e5virker ikke trafikken i Norge enda, men det er en pasienttaxi p\u00e5 svensk side som skal til Norge. Den sliter, sier Barbro Evensen Venhagen til NRK.<\/p>\n<p>Publisert<\/p>\n<p>15.01.2026, kl. 09.33<\/p>\n<p>Oppdatert<\/p>\n<p>15.01.2026, kl. 09.54<\/p>\n","protected":false},"excerpt":{"rendered":"V\u00e6romslag har f\u00f8rt til isete veier og sv\u00e6rt glatt f\u00f8re rundt svenskegrensa i \u00d8stfold. \u2013 Hvis man ikke&hellip;\n","protected":false},"author":2,"featured_media":137990,"comment_status":"","ping_status":"","sticky":false,"template":"","format":"standard","meta":{"footnotes":""},"categories":[12],"tags":[20,21,24,25,15,22,23,13,30,28,29,14,16,26,27,42,43,44,45],"class_list":{"0":"post-137989","1":"post","2":"type-post","3":"status-publish","4":"format-standard","5":"has-post-thumbnail","7":"category-verden","8":"tag-breaking-news","9":"tag-breakingnews","10":"tag-featured-news","11":"tag-featurednews","12":"tag-headlines","13":"tag-latest-news","14":"tag-latestnews","15":"tag-news","16":"tag-no","17":"tag-norge","18":"tag-norway","19":"tag-nyheter","20":"tag-overskrifter","21":"tag-top-stories","22":"tag-topstories","23":"tag-verden","24":"tag-world","25":"tag-world-news","26":"tag-worldnews"},"share_on_mastodon":{"url":"https:\/\/pubeurope.com\/@no\/115898308731690283","error":""},"_links":{"self":[{"href":"https:\/\/www.europesays.com\/no\/wp-json\/wp\/v2\/posts\/137989","targetHints":{"allow":["GET"]}}],"collection":[{"href":"https:\/\/www.europesays.com\/no\/wp-json\/wp\/v2\/posts"}],"about":[{"href":"https:\/\/www.europesays.com\/no\/wp-json\/wp\/v2\/types\/post"}],"author":[{"embeddable":true,"href":"https:\/\/www.europesays.com\/no\/wp-json\/wp\/v2\/users\/2"}],"replies":[{"embeddable":true,"href":"https:\/\/www.europesays.com\/no\/wp-json\/wp\/v2\/comments?post=137989"}],"version-history":[{"count":0,"href":"https:\/\/www.europesays.com\/no\/wp-json\/wp\/v2\/posts\/137989\/revisions"}],"wp:featuredmedia":[{"embeddable":true,"href":"https:\/\/www.europesays.com\/no\/wp-json\/wp\/v2\/media\/137990"}],"wp:attachment":[{"href":"https:\/\/www.europesays.com\/no\/wp-json\/wp\/v2\/media?parent=137989"}],"wp:term":[{"taxonomy":"category","embeddable":true,"href":"https:\/\/www.europesays.com\/no\/wp-json\/wp\/v2\/categories?post=137989"},{"taxonomy":"post_tag","embeddable":true,"href":"https:\/\/www.europesays.com\/no\/wp-json\/wp\/v2\/tags?post=137989"}],"curies":[{"name":"wp","href":"https:\/\/api.w.org\/{rel}","templated":true}]}}