{"id":137996,"date":"2026-01-15T09:08:10","date_gmt":"2026-01-15T09:08:10","guid":{"rendered":"https:\/\/www.europesays.com\/no\/137996\/"},"modified":"2026-01-15T09:08:10","modified_gmt":"2026-01-15T09:08:10","slug":"maja-lunde-utestengt-fra-facebook","status":"publish","type":"post","link":"https:\/\/www.europesays.com\/no\/137996\/","title":{"rendered":"Maja Lunde utestengt fra Facebook"},"content":{"rendered":"\n<ul class=\"_list_o9xde_3 _list_64s2r_85 _unordered_o9xde_106 text-sans-m\">\n<li class=\"_item_o9xde_30\">Forfatter Maja Lunde fikk beskjed om at hennes aktivitet p\u00e5 Facebook er begrenset, inkludert profiler og sider.<\/li>\n<li class=\"_item_o9xde_30\">Facebook meldte senere at begrensningen var \u00aben teknisk feil\u00bb &#8211; og Lunde fikk komme inn igjen p\u00e5 Facebook.<\/li>\n<li class=\"_item_o9xde_30\">Lunde vurderer \u00e5 forlate Facebook og kritiserer tek-giganters innflytelse p\u00e5 v\u00e5r hverdag.<\/li>\n<\/ul>\n<p>Vis mer <\/p>\n<p class=\"_paragraph_o9xde_4 _paragraph_xtcu6_10 layout-component text-serif-m layout-normal text-serif-m layout-padded\">Da hadde VG i mellomtiden sendt en rekke sp\u00f8rsm\u00e5l til Facebook-eier Meta om utestengingen.<\/p>\n<p class=\"_paragraph_o9xde_4 _paragraph_xtcu6_10 layout-component text-serif-m layout-normal text-serif-m layout-padded\">Samme dag som Maja Lunde \u2013 en av Norges mest skjerm-kritiske stemmer, kommenterte statens nye skjermr\u00e5d for barn, unge og voksne, fikk hun denne beskjeden fra Facebook:<\/p>\n<p class=\"_paragraph_o9xde_4 _paragraph_xtcu6_10 layout-component text-serif-m layout-normal text-serif-m layout-padded\"><strong class=\"_strong_o9xde_25\">\u00abAlt du administrerer, inkludert profilene, sidene og gruppene dine, er begrenset.\u00bb<\/strong><\/p>\n<p class=\"_paragraph_o9xde_4 _paragraph_xtcu6_10 layout-component text-serif-m layout-normal text-serif-m layout-padded\">Hun fikk ogs\u00e5 servert digitale stoppskilt foran disse tre punktene:<\/p>\n<ul class=\"_list_o9xde_3 _list_xtcu6_9 _unordered_o9xde_106 layout-component text-serif-m layout-normal text-serif-m layout-padded\">\n<li class=\"_item_o9xde_30\">Du kan ikke starte eller bli med i samtaler.<\/li>\n<li class=\"_item_o9xde_30\">Du kan ikke opprette direktesendte videoer.<\/li>\n<li class=\"_item_o9xde_30\">Du kan ikke opprette annonser.<\/li>\n<\/ul>\n<p><img alt=\"Foto: Skjermdump med beskjed via Facebook til Maja Lunde.\" class=\"_image_qp4xg_65 layout-component layout-normal\" data-fullscreen- data-track-element-type=\"Article image fullscreen\" data-track-name=\"ImageFullscreen\" decoding=\"async\" loading=\"lazy\" height=\"1459\" itemprop=\"image\"  src=\"https:\/\/www.europesays.com\/no\/wp-content\/uploads\/2026\/01\/043e5985-8c2c-469d-9eb0-8705dcaf5f93.png\"  style=\"object-position:0% 0%\" width=\"1107\"\/>Foto: Skjermdump med beskjed via Facebook til Maja Lunde.<\/p>\n<p class=\"_paragraph_o9xde_4 _paragraph_xtcu6_10 layout-component text-serif-m layout-normal text-serif-m layout-padded\">Lunde fikk vite at begrensningene gjelder for \u00e9n m\u00e5ned \u2013 frem til 8. februar. <\/p>\n<p class=\"_paragraph_o9xde_4 _paragraph_xtcu6_10 layout-component text-serif-m layout-normal text-serif-m layout-padded\">Hun er en av Norges mest internasjonalt kjente forfattere, og kom i 2024 med boken <a href=\"https:\/\/www.vg.no\/rampelys\/i\/pPJxPo\/salgs-sjokk-det-skyldes-ene-og-alene-sophie-elise\" data-track-element-type=\"Link\" data-track-id=\"link:pPJxPo\" class=\"_link_o9xde_39\" rel=\"nofollow noopener\" target=\"_blank\">\u00abSkjerm Barna\u00bb.<\/a><\/p>\n<p class=\"_paragraph_o9xde_4 _paragraph_xtcu6_10 layout-component text-serif-m layout-normal text-serif-m layout-padded\">Hun har i flere \u00e5r v\u00e6rt en kritisk stemme mot overdreven skjermbruk i den norske offentligheten, samt til tek-gigantenes inngripen i folks liv.<\/p>\n<p class=\"_paragraph_o9xde_4 _paragraph_xtcu6_10 layout-component text-serif-m layout-normal text-serif-m layout-padded\"><strong class=\"_strong_o9xde_25\">Facebooks egen begrunnelse var f\u00f8rst at Lundes konto \u00aber begrenset som et sikkerhetstiltak fordi aktiviteten din kanskje ikke f\u00f8lger reglene v\u00e5re.\u00bb<\/strong><\/p>\n<p><img alt=\"TRIO MED SKJERMR\u00c5D: De endelige skjermr\u00e5dene fra staten kom sist fredag \u2013 fra helseministerJan Christian Vestre, barne- og familieminister Lene V\u00e5gslid og helsedirekt\u00f8r Cathrine Lofthus (i midten).  Foto: Javad Parsa \/ NTB\" class=\"_image_qp4xg_65 layout-component layout-normal\" data-fullscreen- data-track-element-type=\"Article image fullscreen\" data-track-name=\"ImageFullscreen\" decoding=\"async\" loading=\"lazy\" height=\"5380\" itemprop=\"image\"  src=\"https:\/\/www.europesays.com\/no\/wp-content\/uploads\/2026\/01\/1e2f1879-ef46-49aa-b993-819e293b8fa4.jpeg\"  style=\"object-position:0% 0%\" width=\"8070\"\/>TRIO MED SKJERMR\u00c5D: De endelige skjermr\u00e5dene fra staten kom sist fredag \u2013 fra helseministerJan Christian Vestre, barne- og familieminister Lene V\u00e5gslid og helsedirekt\u00f8r Cathrine Lofthus (i midten).  Foto: Javad Parsa \/ NTB<\/p>\n<p class=\"_paragraph_o9xde_4 _paragraph_xtcu6_10 layout-component text-serif-m layout-normal text-serif-m layout-padded\">Samme dag som hun fikk beskjed om at hun ikke kunne bli med i samtaler p\u00e5 Facebook, uttalte hun til VG at <a href=\"https:\/\/www.vg.no\/nyheter\/i\/Ard8k5\/unges-skjermbruk-dempet-raadene-mot-sosiale-medier\" data-track-element-type=\"Link\" data-track-id=\"link:Ard8k5\" class=\"_link_o9xde_39\" rel=\"nofollow noopener\" target=\"_blank\">hun savnet at Helsedirektoratet var enda klarere<\/a> i sine <a href=\"https:\/\/www.vg.no\/nyheter\/i\/2pGRkG\/nye-skjermraad-barn-under-12-aar-boer-unngaa-internett-uten-tilsyn\" data-track-element-type=\"Link\" data-track-id=\"link:2pGRkG\" class=\"_link_o9xde_39\" rel=\"nofollow noopener\" target=\"_blank\">ferske skjermr\u00e5d<\/a>.<\/p>\n<p class=\"_paragraph_o9xde_4 _paragraph_xtcu6_10 layout-component text-serif-m layout-normal text-serif-m layout-padded\"><strong class=\"_strong_o9xde_25\">\u2013 Det et stort savn her, og det er at Helsedirektoratet ikke er tydeligere n\u00e5r det gjelder sosiale medier og ungdom. Det er dokumentert at sosiale medier har negative helseeffekter, sa Lunde til <a href=\"https:\/\/www.vg.no\/nyheter\/i\/Ard8k5\/unges-skjermbruk-dempet-raadene-mot-sosiale-medier\" data-track-element-type=\"Link\" data-track-id=\"link:Ard8k5\" class=\"_link_o9xde_39\" rel=\"nofollow noopener\" target=\"_blank\">VG fredag<\/a>.<\/strong><\/p>\n<p class=\"_paragraph_o9xde_4 _paragraph_xtcu6_10 layout-component text-serif-m layout-normal text-serif-m layout-padded\">Mandag etter utestengingen, var hun skuffet over h\u00e5ndteringen fra tek- og sosiale medier-giganten \u2013 etter at hun ogs\u00e5 ble utestengt en periode i juni i fjor.<\/p>\n<p><img alt=\"Skjermdump fra Facebook til Maja Lunde.\" class=\"_image_qp4xg_65 layout-component layout-normal\" data-fullscreen- data-track-element-type=\"Article image fullscreen\" data-track-name=\"ImageFullscreen\" decoding=\"async\" loading=\"lazy\" height=\"976\" itemprop=\"image\"  src=\"https:\/\/www.europesays.com\/no\/wp-content\/uploads\/2026\/01\/7ef36947-d595-4120-a4cd-cb249d8f97ff.jpeg\"  style=\"object-position:0% 0%\" width=\"1164\"\/>Skjermdump fra Facebook til Maja Lunde.<\/p>\n<p class=\"_paragraph_o9xde_4 _paragraph_xtcu6_10 layout-component text-serif-m layout-normal text-serif-m layout-padded\">I Facebook-innlegget som det vises til i utestengingen \u2013 sendte Lunde en takk til kunnskapsministeren. <\/p>\n<p class=\"_paragraph_o9xde_4 _paragraph_xtcu6_10 layout-component text-serif-m layout-normal text-serif-m layout-padded\"> <a href=\"https:\/\/www.facebook.com\/groups\/868987357761607\" class=\"_link_o9xde_39\" rel=\"nofollow noopener\" target=\"_blank\">P\u00e5 FB-siden<\/a> til Opprop for mindre skjermbruk i barneskolen \u2013 takket hun Kari Nessa Nordtun for at hun sendte brev til landets kommuner.<\/p>\n<p class=\"_paragraph_o9xde_4 _paragraph_xtcu6_10 layout-component text-serif-m layout-normal text-serif-m layout-padded\">I brevet ga skolestatsr\u00e5den beskjed om at digitale enheter som ikke er sikret mot skadelig innhold ikke skal sendes med barna hjem.<\/p>\n<p>\u2013 Oppleves som sensur<\/p>\n<p class=\"_paragraph_o9xde_4 _paragraph_xtcu6_10 layout-component text-serif-m layout-normal text-serif-m layout-padded\">Maja Lunde reagerer p\u00e5 begrensningene Facebook har ilagt henne.<\/p>\n<p class=\"_paragraph_o9xde_4 _paragraph_xtcu6_10 layout-component text-serif-m layout-normal text-serif-m layout-padded\"><strong class=\"_strong_o9xde_25\">\u2013 Det oppleves som sensur og det er vanskelig \u00e5 tro at det er tilfeldig. <\/strong><\/p>\n<p class=\"_paragraph_o9xde_4 _paragraph_xtcu6_10 layout-component text-serif-m layout-normal text-serif-m layout-padded\">\u2013 Samtidig er det veldig frustrerende at det ikke er mulig \u00e5 f\u00e5 tak i noen hos Meta, sier Lunde til VG.<\/p>\n<p class=\"_paragraph_o9xde_4 _paragraph_xtcu6_10 layout-component text-serif-m layout-normal text-serif-m layout-padded\">Hun sier at hun f\u00e5r lyst til \u00e5 droppe hele Facebook.<\/p>\n<p class=\"_paragraph_o9xde_4 _paragraph_xtcu6_10 layout-component text-serif-m layout-normal text-serif-m layout-padded\">Tirsdag, etter at VG flere ganger hadde henvendt seg til Meta\/Facebook om saken uten \u00e5 f\u00e5 svar \u2013 kom kontrabeskjeden rett til Maja Lunde:<\/p>\n<p class=\"_paragraph_o9xde_4 _paragraph_xtcu6_10 layout-component text-serif-m layout-normal text-serif-m layout-padded\"><strong class=\"_strong_o9xde_25\">\u00abHei, Maja. Vi har fjernet begrensninger fra kontoen din.\u00bb<\/strong><\/p>\n<p><img alt=\"\" class=\"_image_qp4xg_65 layout-component layout-normal\" data-fullscreen- data-track-element-type=\"Article image fullscreen\" data-track-name=\"ImageFullscreen\" decoding=\"async\" loading=\"lazy\" height=\"1404\" itemprop=\"image\"  src=\"https:\/\/www.europesays.com\/no\/wp-content\/uploads\/2026\/01\/26428ae6-0a22-4133-85a3-a3c7ca3b52d8.jpeg\"  style=\"object-position:0% 0%\" width=\"1195\"\/><\/p>\n<p class=\"_paragraph_o9xde_4 _paragraph_xtcu6_10 layout-component text-serif-m layout-normal text-serif-m layout-padded\">Facebook hadde funnet ut at \u00abteknologien v\u00e5r har gjort en feil ved \u00e5 legge til begrensninger p\u00e5 kontoen din.\u00bb<\/p>\n<p class=\"_paragraph_o9xde_4 _paragraph_xtcu6_10 layout-component text-serif-m layout-normal text-serif-m layout-padded\">Lunde synes kontrabeskjeden er merkelig, og at den ikke unntar Meta\/Facebook for ansvar.<\/p>\n<p><img alt=\"GOD STEMNING: Facebook-sjef Mark Zuckerberg fotografert i en middag gitt av president Donald Trump i Det hvite hus i fjor h\u00f8st.  Foto: SAUL LOEB \/ AFP \/ NTB\" class=\"_image_qp4xg_65 layout-component layout-normal\" data-fullscreen- data-track-element-type=\"Article image fullscreen\" data-track-name=\"ImageFullscreen\" decoding=\"async\" loading=\"lazy\" height=\"5213\" itemprop=\"image\"  src=\"https:\/\/www.europesays.com\/no\/wp-content\/uploads\/2026\/01\/16d18f90-7a6b-4f9b-859d-9c4c146acf7f.png\"  style=\"object-position:0% 0%\" width=\"7819\"\/>GOD STEMNING: Facebook-sjef Mark Zuckerberg fotografert i en middag gitt av president Donald Trump i Det hvite hus i fjor h\u00f8st.  Foto: SAUL LOEB \/ AFP \/ NTB<\/p>\n<p class=\"_paragraph_o9xde_4 _paragraph_xtcu6_10 layout-component text-serif-m layout-normal text-serif-m layout-padded\">\u2013 Jeg f\u00e5r enda mer lyst til \u00e5 flytte meg vekk fra Metas kanaler, sier Maja Lunde.<\/p>\n<p class=\"_paragraph_o9xde_4 _paragraph_xtcu6_10 layout-component text-serif-m layout-normal text-serif-m layout-padded\">Hun er sv\u00e6rt engasjert i arbeidet for bedre skjermvaner for spesielt norske barn og unge. Hun mener at akt\u00f8rer som nettopp Meta\/Facebook\/Insta samt Snapchat og TikTok har f\u00e5tt en for dominerende rolle i folks liv.<\/p>\n<p>Taushet fra Meta<\/p>\n<p class=\"_paragraph_o9xde_4 _paragraph_xtcu6_10 layout-component text-serif-m layout-normal text-serif-m layout-padded\"><strong class=\"_strong_o9xde_25\">VG har sendt sp\u00f8rsm\u00e5l og mulighet til tilsvar for Meta\/Facebook siden i 13.30-tiden mandag \u2013 med etterf\u00f8lgende purring og utsatt frist for svar.<\/strong><\/p>\n<p class=\"_paragraph_o9xde_4 _paragraph_xtcu6_10 layout-component text-serif-m layout-normal text-serif-m layout-padded\"><strong class=\"_strong_o9xde_25\">Hverken Metas eller Facebooks presseavdelinger eller Policy communicatons manager Matt Pollard har etter snart tre d\u00f8gn kommet tilbake med svar eller forklaring p\u00e5 hvorfor Maja Lunde ble ilagt begrensninger.<\/strong><\/p>\n<p class=\"_paragraph_o9xde_4 _paragraph_xtcu6_10 layout-component text-serif-m layout-normal text-serif-m layout-padded\">Maja Lunde er slett ikke den eneste som har opplevd \u00e5 bli utestengt eller f\u00e5tt ilagt begrensninger fra Facebook eller andre av Metas sosiale medier.<\/p>\n<p class=\"_paragraph_o9xde_4 _paragraph_xtcu6_10 layout-component text-serif-m layout-normal text-serif-m layout-padded\">Forbrukerr\u00e5det f\u00e5r jevnlig henvendelser fra brukere som opplever \u00e5 bli sperret ute fra sosiale medier av ulike \u00e5rsaker. De f\u00e5r ikke noen god begrunnelse og har ingen mulighet til \u00e5 p\u00e5klage det, konstaterer fagdirekt\u00f8r Finn Myrstad i Forbrukerr\u00e5det.<\/p>\n<p><img alt=\"FAGDIREKT\u00d8R: Finn Myrstad i Forbrukerr\u00e5det jobber mye med brukernes rettigheter opp mot de store tek-selskapene.  Foto: Forbrukerr\u00e5det\" class=\"_image_qp4xg_65 layout-component layout-normal\" data-fullscreen- data-track-element-type=\"Article image fullscreen\" data-track-name=\"ImageFullscreen\" decoding=\"async\" loading=\"lazy\" height=\"3416\" itemprop=\"image\"  src=\"https:\/\/www.europesays.com\/no\/wp-content\/uploads\/2026\/01\/4b47a1e5-c5ba-490a-a561-f9aa4cf1f367.jpeg\"  style=\"object-position:0% 0%\" width=\"5124\"\/>FAGDIREKT\u00d8R: Finn Myrstad i Forbrukerr\u00e5det jobber mye med brukernes rettigheter opp mot de store tek-selskapene.  Foto: Forbrukerr\u00e5det<\/p>\n<p class=\"_paragraph_o9xde_4 _paragraph_xtcu6_10 layout-component text-serif-m layout-normal text-serif-m layout-padded\">\u2013 Vi har eksempler p\u00e5 at folk f\u00e5r sperret kontoen sin fullstendig, slik at du ikke kan logge inn eller opprette kontoen. Det var jo en henvendelse jeg fikk nylig fra en som hadde opplevd \u00e5 f\u00e5 kontoen sin hacket. Og s\u00e5 fikk han ikke tilgang p\u00e5 kontoen sin igjen fordi Facebook mente at det var han som hadde gjort det selv, illustrerer Myrstad. <\/p>\n<p class=\"_paragraph_o9xde_4 _paragraph_xtcu6_10 layout-component text-serif-m layout-normal text-serif-m layout-padded\">Personen mistet 15\u201320 \u00e5r med kontakter, bilder og kommunikasjon, if\u00f8lge fagdirekt\u00f8ren.<\/p>\n<p class=\"_paragraph_o9xde_4 _paragraph_xtcu6_10 layout-component text-serif-m layout-normal text-serif-m layout-padded\">Han kritiserer Meta\/Facebook for utestenging-praksisen. Og han har opplevd \u00e5 bli kastet ut selv.<\/p>\n<p class=\"_paragraph_o9xde_4 _paragraph_xtcu6_10 layout-component text-serif-m layout-normal text-serif-m layout-padded\">\u2013 Vi har jo som befolkning blitt ganske avhengig av Meta sine tjenester til kommunikasjon med familie og venner, foreldregrupper, temagrupper p\u00e5 Facebook, generell kommunikasjon og innhenting av informasjon. S\u00e5 hvis du sperres ute fra disse plattformene, s\u00e5 risikerer du egentlig \u00e5 miste kontakt med omverdenen til en viss grad, og i noen tilfeller ganske stor grad, forklarer fagdirekt\u00f8ren.<\/p>\n<p class=\"_paragraph_o9xde_4 _paragraph_xtcu6_10 layout-component text-serif-m layout-normal text-serif-m layout-padded\">Problemet er ikke bare praktisk \u2013 det er ogs\u00e5 juridisk. <\/p>\n<p>\u2013 Mangler klageadgang<\/p>\n<p class=\"_paragraph_o9xde_4 _paragraph_xtcu6_10 layout-component text-serif-m layout-normal text-serif-m layout-padded\">Myrstad mener Meta opptrer p\u00e5 kant med loven n\u00e5r de sperrer ute brukere uten ordentlig begrunnelse eller klagemulighet.<\/p>\n<p class=\"_paragraph_o9xde_4 _paragraph_xtcu6_10 layout-component text-serif-m layout-normal text-serif-m layout-padded\">\u2013 Du som forbruker har noen rettigheter. Du har rett til \u00e5 f\u00e5 forklaring, rett til informasjon. Og her f\u00e5r du ikke det. Du har krav p\u00e5 en klar og god forklaring p\u00e5 hvorfor du f\u00e5r en sanksjon eller hvorfor du blir utestengt eller sperret ute. Og s\u00e5 skal du ha klageadgang. Du skal ha muligheten til \u00e5 p\u00e5klage den beslutningen, sier han til VG.<\/p>\n<p class=\"_paragraph_o9xde_4 _paragraph_xtcu6_10 layout-component text-serif-m layout-normal text-serif-m layout-padded\">Begge disse kriteriene blir ofte ikke oppfylt, mener Finn Myrstad i Forbrukerr\u00e5det.<\/p>\n<p class=\"_paragraph_o9xde_4 _paragraph_xtcu6_10 layout-component text-serif-m layout-normal text-serif-m layout-padded\"><strong class=\"_strong_o9xde_25\">\u2013 Det skjedde ogs\u00e5 i min sak. Jeg fikk ingen god forklaring, jeg hadde ingen m\u00e5te \u00e5 kunne p\u00e5klage det p\u00e5. Og da er du rettsl\u00f8s, konstaterer Myrstad.<\/strong><\/p>\n<p>\u2013 Flest henvendelser om Facebook<\/p>\n<p class=\"_paragraph_o9xde_4 _paragraph_xtcu6_10 layout-component text-serif-m layout-normal text-serif-m layout-padded\">Ogs\u00e5 Datatilsynet er engasjert i utestengingen fra verdens st\u00f8rste konsern innen sosiale medier.<\/p>\n<p class=\"_paragraph_o9xde_4 _paragraph_xtcu6_10 layout-component text-serif-m layout-normal text-serif-m layout-padded\">\u2013 Facebook er det selskapet vi mottar flest henvendelser om, og stadig flere tar kontakt i forbindelse med at de har blitt utestengt fra plattformen. Samtidig har ikke Datatilsynet myndighet til \u00e5 oppheve utestengelser, s\u00e5 dette kan vi rett og slett ikke hjelpe med, skriver seksjonssjef for internasjonal seksjon, Tobias Judin i Datatilsynet.<\/p>\n<p><img decoding=\"async\" alt=\"Bilde av Tobias Judin\" class=\"_image_ygndg_42\" height=\"27\" itemprop=\"image\" loading=\"lazy\"  src=\"https:\/\/www.europesays.com\/no\/wp-content\/uploads\/2026\/01\/f0bd74fb-330e-4017-9b33-8930aa7c0ddd.jpeg\"  width=\"40\"\/><strong class=\"_name_ygndg_51 title-serif-xs\">Tobias Judin<\/strong><\/p>\n<p class=\"_paragraph_o9xde_4 text-sans-m _description_ygndg_56\">Seksjonssjef internasjonal seksjon, Datatilsynet<\/p>\n<p class=\"_paragraph_o9xde_4 _paragraph_xtcu6_10 layout-component text-serif-m layout-normal text-serif-m layout-padded\">Han mener hendelsen som Maja Lunde ble utsatt for, illustrerer et generelt samfunnsproblem. <\/p>\n<p class=\"_paragraph_o9xde_4 _paragraph_xtcu6_10 layout-component text-serif-m layout-normal text-serif-m layout-padded\">\u2013 Veldig mye av det offentlige ordskiftet foreg\u00e5r p\u00e5 utenlandske plattformer med begrenset demokratisk innsyn og kontroll. Samfunnsdebatten er prisgitt hvordan plattformene velger \u00e5 moderere innhold \u2013 enten man mener at de fjerner for mye eller for lite, registrerer Judin.<\/p>\n<p class=\"_paragraph_o9xde_4 _paragraph_xtcu6_10 layout-component text-serif-m layout-normal text-serif-m layout-padded\">Han etterlyser et klarere lovverk for \u00e5 regulere dette.<\/p>\n<p class=\"_paragraph_o9xde_4 _paragraph_xtcu6_10 layout-component text-serif-m layout-normal text-serif-m layout-padded\">\u2013 EU har vedtatt en lov som heter DSA (Digital Services Act) som regulerer denne typen problemstillinger. Departementene jobber p\u00e5 spreng for \u00e5 f\u00e5 DSA inn i norsk lov, men inntil videre gjelder ikke DSA i Norge, opplyser Judin.<\/p>\n<p class=\"_paragraph_o9xde_4 _paragraph_xtcu6_10 layout-component text-serif-m layout-normal text-serif-m layout-padded\">Tobias Judin bekrefter at mange sliter med \u00e5 oppn\u00e5 kontakt med eieren av Facebook, Messenger og Instagram.<\/p>\n<p class=\"_paragraph_o9xde_4 _paragraph_xtcu6_10 layout-component text-serif-m layout-normal text-serif-m layout-padded\">\u2013 Meta er notorisk vanskelige \u00e5 komme i kontakt med. De har en del kontaktskjemaer, men det er ikke alltid s\u00e5 lett \u00e5 finne riktig kontaktskjema, og man f\u00e5r i alle fall ikke direkte kontakt med en person. Det er kanskje ikke rart n\u00e5r det finnes tre milliarder Facebook-brukere, men det betyr ogs\u00e5 at man er ganske maktesl\u00f8s som enkeltperson, konkluderer Judin.<\/p>\n","protected":false},"excerpt":{"rendered":"Forfatter Maja Lunde fikk beskjed om at hennes aktivitet p\u00e5 Facebook er begrenset, inkludert profiler og sider. Facebook&hellip;\n","protected":false},"author":2,"featured_media":137997,"comment_status":"","ping_status":"","sticky":false,"template":"","format":"standard","meta":{"footnotes":""},"categories":[56],"tags":[524,60,61,1832,9940,128,15761,62,30,28,29,2208,5352,3222,13461,1995],"class_list":{"0":"post-137996","1":"post","2":"type-post","3":"status-publish","4":"format-standard","5":"has-post-thumbnail","7":"category-naeringsliv","8":"tag-barn-og-unge","9":"tag-business","10":"tag-economy","11":"tag-facebook","12":"tag-maja-lunde","13":"tag-mark-zuckerberg","14":"tag-mobilavhengighet","15":"tag-naeringsliv","16":"tag-no","17":"tag-norge","18":"tag-norway","19":"tag-oppvekst","20":"tag-skjerm","21":"tag-sosiale-medier","22":"tag-tek","23":"tag-vghelseoglivet"},"share_on_mastodon":{"url":"https:\/\/pubeurope.com\/@no\/115898332217671340","error":""},"_links":{"self":[{"href":"https:\/\/www.europesays.com\/no\/wp-json\/wp\/v2\/posts\/137996","targetHints":{"allow":["GET"]}}],"collection":[{"href":"https:\/\/www.europesays.com\/no\/wp-json\/wp\/v2\/posts"}],"about":[{"href":"https:\/\/www.europesays.com\/no\/wp-json\/wp\/v2\/types\/post"}],"author":[{"embeddable":true,"href":"https:\/\/www.europesays.com\/no\/wp-json\/wp\/v2\/users\/2"}],"replies":[{"embeddable":true,"href":"https:\/\/www.europesays.com\/no\/wp-json\/wp\/v2\/comments?post=137996"}],"version-history":[{"count":0,"href":"https:\/\/www.europesays.com\/no\/wp-json\/wp\/v2\/posts\/137996\/revisions"}],"wp:featuredmedia":[{"embeddable":true,"href":"https:\/\/www.europesays.com\/no\/wp-json\/wp\/v2\/media\/137997"}],"wp:attachment":[{"href":"https:\/\/www.europesays.com\/no\/wp-json\/wp\/v2\/media?parent=137996"}],"wp:term":[{"taxonomy":"category","embeddable":true,"href":"https:\/\/www.europesays.com\/no\/wp-json\/wp\/v2\/categories?post=137996"},{"taxonomy":"post_tag","embeddable":true,"href":"https:\/\/www.europesays.com\/no\/wp-json\/wp\/v2\/tags?post=137996"}],"curies":[{"name":"wp","href":"https:\/\/api.w.org\/{rel}","templated":true}]}}