{"id":137998,"date":"2026-01-15T09:09:12","date_gmt":"2026-01-15T09:09:12","guid":{"rendered":"https:\/\/www.europesays.com\/no\/137998\/"},"modified":"2026-01-15T09:09:12","modified_gmt":"2026-01-15T09:09:12","slug":"iranske-myndigheter-sier-at-erfan-soltani-ikke-vil-bli-domt-til-doden","status":"publish","type":"post","link":"https:\/\/www.europesays.com\/no\/137998\/","title":{"rendered":"Iranske myndigheter sier at Erfan Soltani ikke vil bli d\u00f8mt til d\u00f8den"},"content":{"rendered":"<p>    Den 26 \u00e5r gamle iraneren Erfan Soltani, som ble p\u00e5grepet under demonstrasjoner i landet 10. januar, er ikke d\u00f8mt til d\u00f8den, if\u00f8lge statlige medier.<\/p>\n<p>\n        Det har p\u00e5g\u00e5tt omfattende demonstrasjoner mot regimet i Iran den siste tiden.<br \/>\n        Brukergenerert innhold validert av AP \/ NTB\n    <\/p>\n<p>If\u00f8lge iransk p\u00e5talemyndighet er Soltani, som for tiden sitter fengslet i sentralfengselet i Karaj, tiltalt for \u00absamr\u00f8re mot landets indre sikkerhet og propagandavirksomhet mot regimet\u00bb. <\/p>\n<p>D\u00f8dsstraff kommer imidlertid ikke til anvendelse for slike forhold, heter det.<\/p>\n<p>If\u00f8lge menneskerettsgruppen Hengaw, som er basert i Norge, ble den planlagte henrettelsen av Soltani, som var en av frontfigurene i den iranske protestbevegelsen, stanset. If\u00f8lge slektninger skulle han henrettes onsdag. <\/p>\n<p>I et intervju med amerikanske Fox News sier Irans utenriksminister Abbas Araghchi onsdag at det ikke blir noen \u00abhengninger, i dag eller i morgen\u00bb. Utsagnet kommer til tross for at iranske myndigheter tidligere har sagt at de vil ha raske rettsprosesser mot demonstrantene.<\/p>\n<p>USAs president Donald Trump har truet med kraftige tiltak mot prestestyret i Iran, men sa f\u00f8r Araghchis uttalelse at han har f\u00e5tt h\u00f8re at \u00abdrepingen i Iran stanses\u00bb.<\/p>\n<p>\u2013 Det er ingen planer om henrettelser, sa han uten \u00e5 utdype hvor han hadde informasjonen fra.<\/p>\n","protected":false},"excerpt":{"rendered":"Den 26 \u00e5r gamle iraneren Erfan Soltani, som ble p\u00e5grepet under demonstrasjoner i landet 10. januar, er ikke&hellip;\n","protected":false},"author":2,"featured_media":137999,"comment_status":"","ping_status":"","sticky":false,"template":"","format":"standard","meta":{"footnotes":""},"categories":[12],"tags":[20,21,24,25,15,22,23,13,30,28,29,14,16,26,27,42,43,44,45],"class_list":{"0":"post-137998","1":"post","2":"type-post","3":"status-publish","4":"format-standard","5":"has-post-thumbnail","7":"category-verden","8":"tag-breaking-news","9":"tag-breakingnews","10":"tag-featured-news","11":"tag-featurednews","12":"tag-headlines","13":"tag-latest-news","14":"tag-latestnews","15":"tag-news","16":"tag-no","17":"tag-norge","18":"tag-norway","19":"tag-nyheter","20":"tag-overskrifter","21":"tag-top-stories","22":"tag-topstories","23":"tag-verden","24":"tag-world","25":"tag-world-news","26":"tag-worldnews"},"share_on_mastodon":{"url":"https:\/\/pubeurope.com\/@no\/115898336454861440","error":""},"_links":{"self":[{"href":"https:\/\/www.europesays.com\/no\/wp-json\/wp\/v2\/posts\/137998","targetHints":{"allow":["GET"]}}],"collection":[{"href":"https:\/\/www.europesays.com\/no\/wp-json\/wp\/v2\/posts"}],"about":[{"href":"https:\/\/www.europesays.com\/no\/wp-json\/wp\/v2\/types\/post"}],"author":[{"embeddable":true,"href":"https:\/\/www.europesays.com\/no\/wp-json\/wp\/v2\/users\/2"}],"replies":[{"embeddable":true,"href":"https:\/\/www.europesays.com\/no\/wp-json\/wp\/v2\/comments?post=137998"}],"version-history":[{"count":0,"href":"https:\/\/www.europesays.com\/no\/wp-json\/wp\/v2\/posts\/137998\/revisions"}],"wp:featuredmedia":[{"embeddable":true,"href":"https:\/\/www.europesays.com\/no\/wp-json\/wp\/v2\/media\/137999"}],"wp:attachment":[{"href":"https:\/\/www.europesays.com\/no\/wp-json\/wp\/v2\/media?parent=137998"}],"wp:term":[{"taxonomy":"category","embeddable":true,"href":"https:\/\/www.europesays.com\/no\/wp-json\/wp\/v2\/categories?post=137998"},{"taxonomy":"post_tag","embeddable":true,"href":"https:\/\/www.europesays.com\/no\/wp-json\/wp\/v2\/tags?post=137998"}],"curies":[{"name":"wp","href":"https:\/\/api.w.org\/{rel}","templated":true}]}}