{"id":138006,"date":"2026-01-15T09:17:08","date_gmt":"2026-01-15T09:17:08","guid":{"rendered":"https:\/\/www.europesays.com\/no\/138006\/"},"modified":"2026-01-15T09:17:08","modified_gmt":"2026-01-15T09:17:08","slug":"matte-frolate-romstasjon-pa-grunn-av-medisinske-problemer","status":"publish","type":"post","link":"https:\/\/www.europesays.com\/no\/138006\/","title":{"rendered":"M\u00e5tte frolate romstasjon p\u00e5 grunn av medisinske problemer"},"content":{"rendered":"\n<p class=\"_lead_o9xde_2 _lead_xtcu6_50 layout-component text-serif-m layout-normal text-serif-l layout-component layout-wide layout-padded _wide_17hqh_1 layout-padded\"><strong class=\"_strong_o9xde_25\">F\u00f8rste gang i romstasjonens 25-\u00e5rige historie at et oppdrag ble avbrutt.<\/strong><\/p>\n<p> <img class=\"_image_qp4xg_65 layout-component layout-wide\" data-fullscreen- data-track-element-type=\"Article image fullscreen\" data-track-name=\"ImageFullscreen\" fetchpriority=\"high\" decoding=\"sync\" loading=\"eager\" height=\"102\" itemprop=\"image\"  src=\"https:\/\/www.europesays.com\/no\/wp-content\/uploads\/2026\/01\/09f3537330730ea43f65bc996f6c9064.jpg\"  style=\"object-position:50% 50%;aspect-ratio:1.75;height:auto;object-fit:cover;width:100%\" width=\"102\"\/>  <\/p>\n<ul aria-hidden=\"true\" class=\"_images_ntbth_112\">\n<li><a class=\"_link_ntbth_117\" href=\"https:\/\/www.vg.no\/forfatter\/bendik-hansen\" style=\"z-index:1\" title=\"Bendik Hansen\" rel=\"nofollow noopener\" target=\"_blank\"><img alt=\"Bilde av Bendik Hansen\" class=\"_image_ntbth_93\" fetchpriority=\"low\" loading=\"lazy\" decoding=\"async\" itemprop=\"image\"  src=\"https:\/\/www.europesays.com\/no\/wp-content\/uploads\/2026\/01\/1768468628_982_236bc5a3-2236-4046-b957-81f29d024aa6.jpeg\"  width=\"480\"\/><\/a><\/li>\n<\/ul>\n<p> Oppdatert torsdag 15. januar kl. 10:11    <\/p>\n<ul class=\"_list_o9xde_3 _list_64s2r_85 _unordered_o9xde_106 text-sans-m\">\n<li class=\"_item_o9xde_30\">Fire astronauter landet trygt etter \u00e5 ha forlatt romstasjonen en m\u00e5ned tidligere enn planlagt.<\/li>\n<li class=\"_item_o9xde_30\">Oppdraget ble avbrutt p\u00e5 grunn av et medisinsk problem.<\/li>\n<li class=\"_item_o9xde_30\">NASA har ikke gitt detaljer om det medisinske problemet av personvernhensyn.<\/li>\n<\/ul>\n<p>Vis mer <\/p>\n<p class=\"_paragraph_o9xde_4 _paragraph_xtcu6_10 layout-component text-serif-m layout-normal text-serif-m layout-padded\">Fire astronauter landet trygt i Stillehavet utenfor California torsdag morgen, etter \u00e5 ha forlatt Den internasjonale romstasjonen en m\u00e5ned tidligere enn planlagt p\u00e5 grunn av et medisinsk problem.<\/p>\n<p class=\"_paragraph_o9xde_4 _paragraph_xtcu6_10 layout-component text-serif-m layout-normal text-serif-m layout-padded\"><a href=\"https:\/\/www.vg.no\/tag\/nasa?utm_source=vg-article&amp;utm_medium=auto-tagger&amp;utm_campaign=y5RGPr\" class=\"_link_o9xde_39\" rel=\"nofollow noopener\" target=\"_blank\">NASA<\/a>-astronautene Zena Cardman og Mike Fincke, japanske Kimiya Yui og russiske Oleg Platonov landet i vannet klokken 09.41 norsk tid etter en nesten 11 timer lang reise, melder\u00a0<a href=\"https:\/\/www.nbcnews.com\/science\/space\/astronauts-land-leaving-space-station-early-medical-issue-nasa-rcna253713\" class=\"_link_o9xde_39\" rel=\"nofollow noopener\" target=\"_blank\">NBC News<\/a>.<\/p>\n<p class=\"_paragraph_o9xde_4 _paragraph_xtcu6_10 layout-component text-serif-m layout-normal text-serif-m layout-padded\"><strong class=\"_strong_o9xde_25\">Dette er f\u00f8rste gang i romstasjonens 25-\u00e5rige historie at et oppdrag ble avbrutt p\u00e5 grunn av et medisinsk problem.<\/strong><\/p>\n<p class=\"_paragraph_o9xde_4 _paragraph_xtcu6_10 layout-component text-serif-m layout-normal text-serif-m layout-padded\">NASA har ikke avsl\u00f8rt identiteten til det ber\u00f8rte besetningsmedlemmet eller gitt detaljer om den medisinske hendelsen, av personvernhensyn. Romfartsorganisasjonen sier imidlertid at situasjonen var stabil og ikke ble ansett som en n\u00f8dssituasjon.<\/p>\n<p class=\"_paragraph_o9xde_4 _paragraph_xtcu6_10 layout-component text-serif-m layout-normal text-serif-m layout-padded\"><strong class=\"_strong_o9xde_25\">\u2013 Dette var en bevisst beslutning for \u00e5 tillate de riktige medisinske evalueringene p\u00e5 bakken, hvor full diagnostisk kapasitet finnes, skrev Fincke i en uttalelse p\u00e5 LinkedIn.<\/strong><\/p>\n<p class=\"_paragraph_o9xde_4 _paragraph_xtcu6_10 layout-component text-serif-m layout-normal text-serif-m layout-padded\">Det medisinske problemet tvang NASA til \u00e5 avlyse en planlagt romvandringromvandringN\u00e5r en astronaut befinner seg utenfor romfart\u00f8yet sitt, enten i det \u00e5pne verdensrommet eller p\u00e5 overflaten av en av en annen himmellegeme. 8. januar.<\/p>\n<p><img alt=\"Foto: Nasa\" class=\"_image_qp4xg_65 layout-component layout-normal\" data-fullscreen- data-track-element-type=\"Article image fullscreen\" data-track-name=\"ImageFullscreen\" decoding=\"async\" loading=\"lazy\" height=\"355\" itemprop=\"image\"  src=\"https:\/\/www.europesays.com\/no\/wp-content\/uploads\/2026\/01\/392b0161-ab08-4c6b-b982-ac74b9b9f5c8.png\"  style=\"object-position:0% 0%\" width=\"613\"\/>Foto: Nasa<\/p>\n<p class=\"_paragraph_o9xde_4 _paragraph_xtcu6_10 layout-component text-serif-m layout-normal text-serif-m layout-padded\">Astronautene, kjent som Crew-11, tilbrakte 165 dager om bord p\u00e5 romstasjonen. De ankom i august og var opprinnelig planlagt \u00e5 bli til slutten av februar.<\/p>\n<p class=\"_paragraph_o9xde_4 _paragraph_xtcu6_10 layout-component text-serif-m layout-normal text-serif-m layout-padded\">Med deres tidlige avreise er det n\u00e5 bare tre personer igjen p\u00e5 romstasjonen.<\/p>\n<p class=\"_paragraph_o9xde_4 _paragraph_xtcu6_10 layout-component text-serif-m layout-normal layout-padded\"><strong class=\"_strong_o9xde_25\">Les ogs\u00e5:<\/strong> <a href=\"https:\/\/www.vg.no\/i\/QMd0E4\" data-track-element-type=\"Link\" data-track-id=\"link:QMd0E4\" class=\"_link_o9xde_39\" rel=\"nofollow noopener\" target=\"_blank\">SpaceX skj\u00f8t opp ellevte Starship-rakett<\/a><\/p>\n","protected":false},"excerpt":{"rendered":"F\u00f8rste gang i romstasjonens 25-\u00e5rige historie at et oppdrag ble avbrutt. Oppdatert torsdag 15. januar kl. 10:11 Fire&hellip;\n","protected":false},"author":2,"featured_media":138007,"comment_status":"","ping_status":"","sticky":false,"template":"","format":"standard","meta":{"footnotes":""},"categories":[12],"tags":[701,20,21,24,25,15,22,23,702,13,30,28,29,14,16,2331,26,27,42,43,44,45],"class_list":{"0":"post-138006","1":"post","2":"type-post","3":"status-publish","4":"format-standard","5":"has-post-thumbnail","7":"category-verden","8":"tag-astronauter","9":"tag-breaking-news","10":"tag-breakingnews","11":"tag-featured-news","12":"tag-featurednews","13":"tag-headlines","14":"tag-latest-news","15":"tag-latestnews","16":"tag-nasa","17":"tag-news","18":"tag-no","19":"tag-norge","20":"tag-norway","21":"tag-nyheter","22":"tag-overskrifter","23":"tag-spacex","24":"tag-top-stories","25":"tag-topstories","26":"tag-verden","27":"tag-world","28":"tag-world-news","29":"tag-worldnews"},"share_on_mastodon":{"url":"https:\/\/pubeurope.com\/@no\/115898367582628830","error":""},"_links":{"self":[{"href":"https:\/\/www.europesays.com\/no\/wp-json\/wp\/v2\/posts\/138006","targetHints":{"allow":["GET"]}}],"collection":[{"href":"https:\/\/www.europesays.com\/no\/wp-json\/wp\/v2\/posts"}],"about":[{"href":"https:\/\/www.europesays.com\/no\/wp-json\/wp\/v2\/types\/post"}],"author":[{"embeddable":true,"href":"https:\/\/www.europesays.com\/no\/wp-json\/wp\/v2\/users\/2"}],"replies":[{"embeddable":true,"href":"https:\/\/www.europesays.com\/no\/wp-json\/wp\/v2\/comments?post=138006"}],"version-history":[{"count":0,"href":"https:\/\/www.europesays.com\/no\/wp-json\/wp\/v2\/posts\/138006\/revisions"}],"wp:featuredmedia":[{"embeddable":true,"href":"https:\/\/www.europesays.com\/no\/wp-json\/wp\/v2\/media\/138007"}],"wp:attachment":[{"href":"https:\/\/www.europesays.com\/no\/wp-json\/wp\/v2\/media?parent=138006"}],"wp:term":[{"taxonomy":"category","embeddable":true,"href":"https:\/\/www.europesays.com\/no\/wp-json\/wp\/v2\/categories?post=138006"},{"taxonomy":"post_tag","embeddable":true,"href":"https:\/\/www.europesays.com\/no\/wp-json\/wp\/v2\/tags?post=138006"}],"curies":[{"name":"wp","href":"https:\/\/api.w.org\/{rel}","templated":true}]}}