{"id":138008,"date":"2026-01-15T09:18:09","date_gmt":"2026-01-15T09:18:09","guid":{"rendered":"https:\/\/www.europesays.com\/no\/138008\/"},"modified":"2026-01-15T09:18:09","modified_gmt":"2026-01-15T09:18:09","slug":"alstahaug-sandnessjoen-apner-dorene-pa-valentinesdagen-bare-gjor-det","status":"publish","type":"post","link":"https:\/\/www.europesays.com\/no\/138008\/","title":{"rendered":"Alstahaug, Sandnessj\u00f8en | \u00c5pner d\u00f8rene p\u00e5 Valentinesdagen: \u2013 Bare gj\u00f8r det"},"content":{"rendered":"\n<p>L\u00f8rdag 14. februar \u00e5pner Sandnessj\u00f8en kirke d\u00f8rene for par som \u00f8nsker \u00e5 gifte seg p\u00e5 kj\u00e6rlighetens dag. <\/p>\n<p>Prestene Einar Bach Skomsvoll og Olav Rune Ertzeid st\u00e5r klare sammen med kirkemusikere og kirketjenere for \u00e5 gj\u00f8re Valentinsdagen 2026 til en stor dag for par som vil gi hverandre sitt ja foran alteret.<\/p>\n<p>\u2013 Det er mange som gifter seg p\u00e5 l\u00f8rdager, og mange har et forhold til Valentinsdagen. Siden Valentines faller p\u00e5 en l\u00f8rdag i \u00e5r vil vi kombinere det. Her er det mulighet til \u00e5 gj\u00f8re Valentinsdagen 2026 til en minneverdig dag, enten enkelt eller litt st\u00f8rre, sier prost Olav Rune Ertzeid.<\/p>\n<p>\u2013 Kan gj\u00f8res som man vil<\/p>\n<p>Kirken har tidligere hatt gode erfaringer med s\u00e5kalte drop-in-vigsler. Da Sandnessj\u00f8en kirke sist inviterte til en tilsvarende ordning, m\u00f8tte fem par opp for \u00e5 gifte seg \u2013 noen alene, andre med mange gjester. If\u00f8lge kirken har tilbudet vist seg \u00e5 passe b\u00e5de for dem som har g\u00e5tt med bryllupsplaner lenge, og for dem som \u00f8nsker en enklere og mer spontan l\u00f8sning.<\/p>\n<p><b>\u2013 Forrige gang var det et par som kom helt uten gjester.<\/b> De hadde tenkt p\u00e5 \u00e5 gifte seg i 30 \u00e5r, men det hadde blitt skj\u00f8vet p\u00e5. De kom med papirene i orden, og vi stilte med to som vitner. Samtidig hadde vi par som kom med nesten 30 gjester. Man kan gj\u00f8re det akkurat som man vil, sier Ertzeid.<\/p>\n<p>Ogs\u00e5 denne gangen legges det vekt p\u00e5 h\u00f8ytid og rammer. Det blir orgelmusikk, blomster p\u00e5 alteret og den s\u00e6regne roen som bare kirkerommet kan gi. Vielsene gjennomf\u00f8res som ordin\u00e6re kirkelige vigsler, med ord til brudeparet og velsignelse. <\/p>\n<p>\u2013 Fordelen med en slik type vigsel er at man bestemmer selv. Det er enkelt, og siden det er kort tid igjen, slipper man \u00e5 rigge et stort selskap hvis man ikke \u00f8nsker det og sparer masse penger, sier Ertzeid.<\/p>\n<p>\u2013 \u00c5pent for alle<\/p>\n<p>For \u00e5 kunne gifte seg denne dagen m\u00e5 noen formelle krav v\u00e6re p\u00e5 plass i forkant. Begge parter m\u00e5 \u00f8nske \u00e5 gifte seg, og det m\u00e5 foreligge gyldig pr\u00f8vingsattest fra Skatteetaten. Denne b\u00f8r sendes videre til kirkekontoret s\u00e5 snart den er mottatt. Paret m\u00e5 ogs\u00e5 ha to forlovere, og de st\u00e5r fritt til \u00e5 invitere s\u00e5 mange \u2013 eller f\u00e5 \u2013 gjester de \u00f8nsker.<\/p>\n<p><b>Til par som fortsatt er usikre p\u00e5 om de skal ta steget, har prosten en klar oppfordring:<\/b><\/p>\n<p>\u2013 Bare gj\u00f8r det &#8211; enkelt og greit. Det er god stemning, og kirken tilbyr en atmosf\u00e6re som ingen andre kan. Tilbudet er \u00e5pent for alle, enten det er kvinne og kvinne, mann og mann eller kvinne og mann. Det er akkurat det samme, sier Ertzeid.<\/p>\n<p>Vielsene vil foreg\u00e5 mellom klokken 13.00 og 15.00 l\u00f8rdag 14. februar, og interesserte par bes ta kontakt med kirkekontoret i forkant for \u00e5 avtale tidspunkt.<\/p>\n","protected":false},"excerpt":{"rendered":"L\u00f8rdag 14. februar \u00e5pner Sandnessj\u00f8en kirke d\u00f8rene for par som \u00f8nsker \u00e5 gifte seg p\u00e5 kj\u00e6rlighetens dag. Prestene&hellip;\n","protected":false},"author":2,"featured_media":138009,"comment_status":"","ping_status":"","sticky":false,"template":"","format":"standard","meta":{"footnotes":""},"categories":[10],"tags":[2486,36,20,21,24,25,15,410,22,23,13,30,28,29,14,16,1953,1510,26,27,15762],"class_list":{"0":"post-138008","1":"post","2":"type-post","3":"status-publish","4":"format-standard","5":"has-post-thumbnail","7":"category-norge","8":"tag-alstahaug","9":"tag-art","10":"tag-breaking-news","11":"tag-breakingnews","12":"tag-featured-news","13":"tag-featurednews","14":"tag-headlines","15":"tag-kultur","16":"tag-latest-news","17":"tag-latestnews","18":"tag-news","19":"tag-no","20":"tag-norge","21":"tag-norway","22":"tag-nyheter","23":"tag-overskrifter","24":"tag-sandnessjoen","25":"tag-story","26":"tag-top-stories","27":"tag-topstories","28":"tag-valentinesdagen"},"share_on_mastodon":{"url":"https:\/\/pubeurope.com\/@no\/115898371439904984","error":""},"_links":{"self":[{"href":"https:\/\/www.europesays.com\/no\/wp-json\/wp\/v2\/posts\/138008","targetHints":{"allow":["GET"]}}],"collection":[{"href":"https:\/\/www.europesays.com\/no\/wp-json\/wp\/v2\/posts"}],"about":[{"href":"https:\/\/www.europesays.com\/no\/wp-json\/wp\/v2\/types\/post"}],"author":[{"embeddable":true,"href":"https:\/\/www.europesays.com\/no\/wp-json\/wp\/v2\/users\/2"}],"replies":[{"embeddable":true,"href":"https:\/\/www.europesays.com\/no\/wp-json\/wp\/v2\/comments?post=138008"}],"version-history":[{"count":0,"href":"https:\/\/www.europesays.com\/no\/wp-json\/wp\/v2\/posts\/138008\/revisions"}],"wp:featuredmedia":[{"embeddable":true,"href":"https:\/\/www.europesays.com\/no\/wp-json\/wp\/v2\/media\/138009"}],"wp:attachment":[{"href":"https:\/\/www.europesays.com\/no\/wp-json\/wp\/v2\/media?parent=138008"}],"wp:term":[{"taxonomy":"category","embeddable":true,"href":"https:\/\/www.europesays.com\/no\/wp-json\/wp\/v2\/categories?post=138008"},{"taxonomy":"post_tag","embeddable":true,"href":"https:\/\/www.europesays.com\/no\/wp-json\/wp\/v2\/tags?post=138008"}],"curies":[{"name":"wp","href":"https:\/\/api.w.org\/{rel}","templated":true}]}}