{"id":138027,"date":"2026-01-15T09:37:07","date_gmt":"2026-01-15T09:37:07","guid":{"rendered":"https:\/\/www.europesays.com\/no\/138027\/"},"modified":"2026-01-15T09:37:07","modified_gmt":"2026-01-15T09:37:07","slug":"kommunekommisjonen-velferdsstaten-sv-trenger-endring-i-toppen","status":"publish","type":"post","link":"https:\/\/www.europesays.com\/no\/138027\/","title":{"rendered":"Kommunekommisjonen, Velferdsstaten | SV trenger endring i toppen"},"content":{"rendered":"\n<p>I Norge har Frp tatt eierskap til kritikken av systemene og institusjonene p\u00e5 den borgerlige siden de siste \u00e5rene. Venstresiden har fremst\u00e5tt p\u00e5 sin side som tro til systemet, til det kjedsommelige.<\/p>\n<p>Arbeiderpartiet i s\u00e6rdeleshet. Det handler om de tette b\u00e5ndene til arbeiderbevegelsen, som tross alt har kjempet frem mange av de systemene og institusjonene vi har i landet.<\/p>\n<p><b>S\u00e5nn sett er det forst\u00e5elig at de fremst\u00e5r som det store Systempartiet, og den evige hoggestabben for Frp s\u00e5nn sett. .<\/b><\/p>\n<p>Men der har tross alt partiene til venstre for Ap hatt en gyllen mulighet til \u00e5 ta posisjoner som de sosialistiske br\u00e5kmakerne og reformatorene.<\/p>\n<p>R\u00f8dt har tatt den muligheten med begge hender. De har hatt en glow-up de siste \u00e5rene, og l\u00e6rt \u00e5 lytte til folket og omsette politikk til gjennomslag.<\/p>\n<p><b>Men SV har havarert helt. De har blitt partiet som taler til h\u00f8yt utdannede kvinner i offentlig sektor, som g\u00e5r med palestinaskjerf. Men som stemmer p\u00e5 R\u00f8dt eller Arbeiderpartiet, fordi aktivisme kanskje spiller en stor rolle i livet, men relativt liten rolle ved urna. <\/b><\/p>\n<p>Det alle disse velgerne vil er at partier ser s\u00e6rlig velferdssystemet fra deres st\u00e5sted. Ofte er det et kritisk st\u00e5sted.<\/p>\n<p>En gang i tiden var SV et mye mer systemkritisk parti. De instinktene eksisterer et sted, nede ved grasrota. I de fattige kommunene i det rike landet.<\/p>\n<p>En av de stemmene er Inger Brokka de Ruiter (SV) varaordf\u00f8reren i Arendal. Hun har p\u00e5 kort tid tatt eierskap i det som er viktigst for folk flest: velferdstjenestene til folk flest, der de bor.<\/p>\n<p><b>I et Kommune-Norge der sparepengene er brukt opp, der skolene stenges og eldreomsorgen sliter, er arendalitten blitt en nasjonal stemme.<\/b><\/p>\n<p>N\u00e5r hun feier Bj\u00f8rnar Skj\u00e6ran av banen p\u00e5 Helgemorgen taler hun p\u00e5 vegne av alle kommuner. Det hun sier kunne like s\u00e5 greit ha kommet fra Gunnar Wilhelmsen i Troms\u00f8. Og gj\u00f8r det til en viss grad.<\/p>\n<p>Men de Ruiter har klart \u00e5 gj\u00f8re den kommunale velferdspolitikken til sin egen sak. Hun er faneb\u00e6reren for <a href=\"https:\/\/www.linkedin.com\/search\/results\/all\/?keywords=%23kommuneoppr%C3%B8r2026&amp;origin=HASH_TAG_FROM_FEED\" rel=\"nofollow noopener\" target=\"_blank\">#kommuneoppr\u00f8r2026<\/a>, st\u00e5r st\u00f8tt med brukerne der de blir bedt om \u00e5 ta til takke med kutt i tjenestene.<\/p>\n<p><b>de Ruiter er enig i kommunekommisjonens problembeskrivelse: Kommunene har for mange oppgaver og for lite folk. <\/b><\/p>\n<p>Men Kommunekommisjonen hopper bukk over at kommunene har v\u00e6rt kronisk underfinansiert over mange \u00e5r, sier hun. Under Aps styre r\u00e5tner velferden i kommunene p\u00e5 rot, forsetter hun.<\/p>\n<p>Det er vanskelig \u00e5 forsvare seg mot. Fordi veldig mange folk som faktisk bor i norske kommuner ser at det er smalhans. Og Inger st\u00e5r med skoene p\u00e5, midt i krisen.<\/p>\n<p><b>Samtidig foresl\u00e5r kommunekommisjonen at man innskrenker brukerrettigheter, for \u00e5 gi kommunene mer handlingsrom. <\/b><\/p>\n<p>Det vil bli utrolig vanskelig \u00e5 f\u00e5 til, enn s\u00e5 logisk det m\u00e5tte fremst\u00e5.<\/p>\n<p>Foreldrene vil ha flere bemanningsnormer i Norge. Det vil ikke kommunekommisjonen.<\/p>\n<p>Foreldrene vil ha mer rettigheter for velferd for sine barn med s\u00e6rskilte behov. Det vil ikke kommunekommisjonen. Brukerne vil ha BPA ogs\u00e5 i sm\u00e5kommuner som <a href=\"https:\/\/www.nordlys.no\/spesialist-team-anbefalte-omfattende-hjelpetiltak-for-25-aring-ble-blankt-avvist-av-kommunen\/s\/5-34-2263750\" rel=\"nofollow noopener\" target=\"_blank\">Nordreisa<\/a>. P\u00e5r\u00f8rende og de eldre vil ikke at sykehjem i Senja skal legges ned og sentraliseres for at penger skal spares.<\/p>\n<p>Alle disse forventningene vil b\u00e5de denne og den neste delrapporten til Kommunekommisjonen dempe i befolkningen.<\/p>\n<p><b>Fremtiden skal i stor grad handle om tjenester som vi vil m\u00e5tte unnv\u00e6re, hvis kommune\u00f8konomien skal berges, og velferdsstaten skal overleve. <\/b><\/p>\n<p>Det vil f\u00f8re til stor oppstandelse i befolkningen. Den befolkningen m\u00e5 ha en ventil, og et parti som de stoler p\u00e5 kan ta deres forventninger og behov inn i fremtidens kompromisser.<\/p>\n<p><b>I veldig, veldig lang tid har de ikke hatt en naturlig talsperson i SV. Inger Brokka de Ruiter har blitt den talspersonen.<\/b><\/p>\n<p>Hun ser alle sider av argumentet, mener at det ikke bare er statlige overf\u00f8ringer som skal berge kommune\u00f8konomien. Men hun lar ikke systemene og folkene med de storpolitiske ambisjonene slippe unna heller.<\/p>\n<p><b>Det gjelder hennes egne folk ogs\u00e5, som har forhandlet seg frem til avtaler med Ap i fire \u00e5r.<\/b><\/p>\n<p>Det er mye som tyder p\u00e5 at Kirsti Bergst\u00f8 har beg\u00e5tt en kardinalfeil som partileder, som hun ikke kan reddes fra. N\u00e5r SV skal gj\u00f8re endringer i ledelse b\u00f8r de se i Inger Brokka de Ruiters retning.<\/p>\n<p>Forutsatt at de fortsatt \u00f8nsker \u00e5 v\u00e6re et bredere anlagt politisk parti i Audun Lysbakkens \u00e5nd. Det er ikke sikkert.<\/p>\n<p><b>SV har gjort seg selv irrelevant for stor del av sine egne velgere med den strategien de har f\u00f8rt under valgkampen. Skal de snu det, m\u00e5 de vende blikket innover. <\/b><\/p>\n","protected":false},"excerpt":{"rendered":"I Norge har Frp tatt eierskap til kritikken av systemene og institusjonene p\u00e5 den borgerlige siden de siste&hellip;\n","protected":false},"author":2,"featured_media":138028,"comment_status":"","ping_status":"","sticky":false,"template":"","format":"standard","meta":{"footnotes":""},"categories":[5],"tags":[36,20,21,24,25,15,19,266,15307,806,22,23,17,18,13,30,28,29,14,1533,16,26,27,858],"class_list":{"0":"post-138027","1":"post","2":"type-post","3":"status-publish","4":"format-standard","5":"has-post-thumbnail","7":"category-overskrifter","8":"tag-art","9":"tag-breaking-news","10":"tag-breakingnews","11":"tag-featured-news","12":"tag-featurednews","13":"tag-headlines","14":"tag-hovedoppslag","15":"tag-kommentar","16":"tag-kommunekommisjonen","17":"tag-kommuneokonomi","18":"tag-latest-news","19":"tag-latestnews","20":"tag-main-news","21":"tag-mainnews","22":"tag-news","23":"tag-no","24":"tag-norge","25":"tag-norway","26":"tag-nyheter","27":"tag-opinion","28":"tag-overskrifter","29":"tag-top-stories","30":"tag-topstories","31":"tag-velferdsstaten"},"share_on_mastodon":{"url":"https:\/\/pubeurope.com\/@no\/115898446345558413","error":""},"_links":{"self":[{"href":"https:\/\/www.europesays.com\/no\/wp-json\/wp\/v2\/posts\/138027","targetHints":{"allow":["GET"]}}],"collection":[{"href":"https:\/\/www.europesays.com\/no\/wp-json\/wp\/v2\/posts"}],"about":[{"href":"https:\/\/www.europesays.com\/no\/wp-json\/wp\/v2\/types\/post"}],"author":[{"embeddable":true,"href":"https:\/\/www.europesays.com\/no\/wp-json\/wp\/v2\/users\/2"}],"replies":[{"embeddable":true,"href":"https:\/\/www.europesays.com\/no\/wp-json\/wp\/v2\/comments?post=138027"}],"version-history":[{"count":0,"href":"https:\/\/www.europesays.com\/no\/wp-json\/wp\/v2\/posts\/138027\/revisions"}],"wp:featuredmedia":[{"embeddable":true,"href":"https:\/\/www.europesays.com\/no\/wp-json\/wp\/v2\/media\/138028"}],"wp:attachment":[{"href":"https:\/\/www.europesays.com\/no\/wp-json\/wp\/v2\/media?parent=138027"}],"wp:term":[{"taxonomy":"category","embeddable":true,"href":"https:\/\/www.europesays.com\/no\/wp-json\/wp\/v2\/categories?post=138027"},{"taxonomy":"post_tag","embeddable":true,"href":"https:\/\/www.europesays.com\/no\/wp-json\/wp\/v2\/tags?post=138027"}],"curies":[{"name":"wp","href":"https:\/\/api.w.org\/{rel}","templated":true}]}}