{"id":138029,"date":"2026-01-15T09:38:12","date_gmt":"2026-01-15T09:38:12","guid":{"rendered":"https:\/\/www.europesays.com\/no\/138029\/"},"modified":"2026-01-15T09:38:12","modified_gmt":"2026-01-15T09:38:12","slug":"sport-langrenn-einar-kan-ta-tre-ol-gull","status":"publish","type":"post","link":"https:\/\/www.europesays.com\/no\/138029\/","title":{"rendered":"Sport, Langrenn | \u2013 Einar kan ta tre OL-gull"},"content":{"rendered":"\n<p><b>STEINKJER:<\/b> Torsdag stiller Hedegart til start p\u00e5 10 kilometer p\u00e5 NM-stadion i Steinkjer. Northug har store forventninger til inder\u00f8yningen, samtidig som han er spent p\u00e5 om Hedegart har klart \u00e5 beholde formen han viste f\u00f8r jul.<\/p>\n<p>\u2013 Det blir g\u00f8y \u00e5 se han i NM-l\u00f8ypa. Jeg tror han er i bra form, jeg snakket med han i jula og det virker som han har st\u00e5lkontroll p\u00e5 den planen han har lagt inn mot OL. Han vil v\u00e6re gullkandidat n\u00e5r OL-10 kilometeren i friteknikk starter. Vi f\u00e5r jo noen svar p\u00e5 det torsdag om hvordan formen er etter en ny h\u00f8ydeperiode i jula. Det tror jeg han er spent p\u00e5 selv ogs\u00e5, sier Northug.<\/p>\n<p>Alt m\u00e5 klaffe<\/p>\n<p><b>\u2013 Er det nok med en distanse for Hedegart i OL?<\/b><\/p>\n<p>\u2013 Jeg mener at hvis Erik Valnes viser nedadg\u00e5ende form og m\u00e5 vike plassen p\u00e5 grunn av det, s\u00e5 er det riktig at Hedegart g\u00e5r en teamsprint i OL. Han er absolutt kapabel til \u00e5 levere en kanongod f\u00f8rsteetappe sammen med Kl\u00e6bo. Det tror jeg er h\u00f8yaktuelt, sier Northug.<\/p>\n<p><b>\u2013 Hva med stafetten. B\u00f8r Hedegart inn p\u00e5 laget i OL?<\/b><\/p>\n<p>\u2013 Vinner han OL-gull, s\u00e5 g\u00e5r han tredjeetappe i stafetten. Med maks uttelling kan han faktisk komme heim med tre OL-gull. Men da skal alt klaffe. Men det kan g\u00e5, sier Northug.<\/p>\n<p>  <a href=\"https:\/\/www.t-a.no\/5-116-2288088\" class=\"related-teaser has-image default-story-teaser article--c-eRUmMG article--c-eRUmMG-jKCPdD-design-default\" rel=\"nofollow noopener\" target=\"_blank\"><\/p>\n<p>    <img decoding=\"async\" loading=\"lazy\"  src=\"https:\/\/www.europesays.com\/no\/wp-content\/uploads\/2026\/01\/1768469891_210_JAheimegart11.jpg\" alt=\"\" class=\"brick-c-cFOWSL\" style=\"\"\/><\/p>\n<p>\n            Les ogs\u00e5<\/p>\n<p>              Varsler storform: \u2013 Min OL-generalpr\u00f8ve\n        <\/p>\n<p>  <\/a><br \/>\n  \u2013 Riktig av Emil<\/p>\n<p>I \u00e5r er det 20 \u00e5r siden Northug selv sto i et skikkelig uttaksbr\u00e5k til OL i italienske Torino. Under NM i Kongsberg knuste han konkurrentene som 20-\u00e5ring. Uten at dav\u00e6rende landslagssjef Krister S\u00f8rg\u00e5rd lot seg imponere s\u00e5 mye over det at han ville ta ut mosvikingen til OL.<\/p>\n<p>Begrunnelsen var at skiforbundet ville matche Northug forsiktig. Det vakte sterke reaksjoner landet over.<\/p>\n<p>I \u00e5r har det v\u00e6rt nytt uttaksbr\u00e5k foran OL. Emil Iversen er s\u00e5 langt utelatt fra troppen. Iversen dropper NM og har valgt \u00e5 dra til h\u00f8yden sammen med Johannes H\u00f8sflot Kl\u00e6bo for \u00e5 forberede seg best mulig p\u00e5 en mulig OL-deltakelse.<\/p>\n<p>   <img decoding=\"async\" width=\"5000\" height=\"3333\" fetchpriority=\"low\"  loading=\"lazy\"  src=\"https:\/\/www.europesays.com\/no\/wp-content\/uploads\/2026\/01\/JAhede-arkg04.jpg\" alt=\"Einar Hedegart vant sin f\u00f8rste verdenscupseier i langrenn p\u00e5 10 km fristil i Gran\u00e5sen i Trondheim.&#10;\" class=\"brick-c-cFOWSL\" style=\"--brick-image-ratio: 5000 \/ 3333;\"\/><\/p>\n<p>      TRE GULL: Hvis alt klaffer for Einar Hedegart i OL, ser ikke langrennskongen Petter Northug bort i fra at inder\u00f8yningen kan komme heim med tre OL-gull.<br \/>\n      Foto: Johan Arnt Nesg\u00e5rd\n    <\/p>\n<p>Det mener Northug var helt rett.<\/p>\n<p>\u2013 Som situasjonen er n\u00e5 for Emil sin del s\u00e5 er det helt riktig hvis han skal ha noe i OL \u00e5 gj\u00f8re. han m\u00e5 opp i h\u00f8yden \u00e5 f\u00e5 trent etter Tour de ski. NM kommer kanskje for tett p\u00e5 de som gikk hele touren, og treningsperioder m\u00e5 du ha hvis formen skal holdes ved like. S\u00e5 i hans tilfellet er det helt riktig. Ogs\u00e5 er det riktig for han med tanke p\u00e5 at det skal konkurreres p\u00e5 1.000 meters h\u00f8yde i O. S\u00e5 det \u00e5 reise ned sammen med Kl\u00e6bo for \u00e5 trene kan v\u00e6re det som avgj\u00f8r om han tar medalje i OL eller ikke, hvis han blir tatt ut, sier Northug.<\/p>\n<p><b>\u2013 S\u00e5 du er ikke i tvil, Iversen b\u00f8r med?<\/b><\/p>\n<p>\u2013 Jeg har tatt han ut p\u00e5 laget mitt. Jeg mener han skal dit ut fra resultatene han viste f\u00f8r jul og ikke minst i Tour de ski. Kanonbra hele tiden, sier Northug.<\/p>\n<p><b>\u2013 Hva tenker du rundt at det nok en gang er br\u00e5k rundt et mesterskapsuttak i Norge?<\/b><\/p>\n<p>\u2013 Det er jo det vi har som tradisjon. Om de siste plassene blir det ofte diskusjoner og br\u00e5k. Det er vanskelig n\u00e5r det er \u00e5tte mann p\u00e5 herresiden det er plass til, s\u00e5 det er jo lagt opp til at det skal bli tett, sier Northug.<\/p>\n<p>  <a href=\"https:\/\/www.t-a.no\/5-116-2287638\" class=\"related-teaser has-image default-story-teaser article--c-eRUmMG article--c-eRUmMG-jKCPdD-design-default\" rel=\"nofollow noopener\" target=\"_blank\"><\/p>\n<p>    <img decoding=\"async\" loading=\"lazy\"  src=\"https:\/\/www.europesays.com\/no\/wp-content\/uploads\/2026\/01\/JAnorthug-show01.jpg\" alt=\"\" class=\"brick-c-cFOWSL\" style=\"\"\/><\/p>\n<p>\n            Les ogs\u00e5<\/p>\n<p>              Elleville tilstander: \u2013 Ikke opplevd p\u00e5 mange \u00e5r\n        <\/p>\n<p>  <\/a><\/p>\n<p>  <a href=\"https:\/\/www.t-a.no\/5-116-2287878\" class=\"related-teaser has-image default-story-teaser article--c-eRUmMG article--c-eRUmMG-jKCPdD-design-default\" rel=\"nofollow noopener\" target=\"_blank\"><\/p>\n<p>    <img decoding=\"async\" loading=\"lazy\"  src=\"https:\/\/www.europesays.com\/no\/wp-content\/uploads\/2026\/01\/DSC_3331.JPG\" alt=\"\" class=\"brick-c-cFOWSL\" style=\"\"\/><\/p>\n<p>\n            Les ogs\u00e5<\/p>\n<p>              \u2013 S\u00e5 lenge ingen pisser i hagen g\u00e5r det bra\n        <\/p>\n<p>  <\/a><\/p>\n","protected":false},"excerpt":{"rendered":"STEINKJER: Torsdag stiller Hedegart til start p\u00e5 10 kilometer p\u00e5 NM-stadion i Steinkjer. Northug har store forventninger til&hellip;\n","protected":false},"author":2,"featured_media":138030,"comment_status":"","ping_status":"","sticky":false,"template":"","format":"standard","meta":{"footnotes":""},"categories":[59],"tags":[36,398,15764,30,28,29,83,82,984,1510],"class_list":{"0":"post-138029","1":"post","2":"type-post","3":"status-publish","4":"format-standard","5":"has-post-thumbnail","7":"category-sport","8":"tag-art","9":"tag-langrenn","10":"tag-nm-pa-ski","11":"tag-no","12":"tag-norge","13":"tag-norway","14":"tag-sport","15":"tag-sports","16":"tag-steinkjer","17":"tag-story"},"share_on_mastodon":{"url":"https:\/\/pubeurope.com\/@no\/115898450630266661","error":""},"_links":{"self":[{"href":"https:\/\/www.europesays.com\/no\/wp-json\/wp\/v2\/posts\/138029","targetHints":{"allow":["GET"]}}],"collection":[{"href":"https:\/\/www.europesays.com\/no\/wp-json\/wp\/v2\/posts"}],"about":[{"href":"https:\/\/www.europesays.com\/no\/wp-json\/wp\/v2\/types\/post"}],"author":[{"embeddable":true,"href":"https:\/\/www.europesays.com\/no\/wp-json\/wp\/v2\/users\/2"}],"replies":[{"embeddable":true,"href":"https:\/\/www.europesays.com\/no\/wp-json\/wp\/v2\/comments?post=138029"}],"version-history":[{"count":0,"href":"https:\/\/www.europesays.com\/no\/wp-json\/wp\/v2\/posts\/138029\/revisions"}],"wp:featuredmedia":[{"embeddable":true,"href":"https:\/\/www.europesays.com\/no\/wp-json\/wp\/v2\/media\/138030"}],"wp:attachment":[{"href":"https:\/\/www.europesays.com\/no\/wp-json\/wp\/v2\/media?parent=138029"}],"wp:term":[{"taxonomy":"category","embeddable":true,"href":"https:\/\/www.europesays.com\/no\/wp-json\/wp\/v2\/categories?post=138029"},{"taxonomy":"post_tag","embeddable":true,"href":"https:\/\/www.europesays.com\/no\/wp-json\/wp\/v2\/tags?post=138029"}],"curies":[{"name":"wp","href":"https:\/\/api.w.org\/{rel}","templated":true}]}}