{"id":138031,"date":"2026-01-15T09:39:15","date_gmt":"2026-01-15T09:39:15","guid":{"rendered":"https:\/\/www.europesays.com\/no\/138031\/"},"modified":"2026-01-15T09:39:15","modified_gmt":"2026-01-15T09:39:15","slug":"celine-dion-minnes-avdod-ektemann-rene-angelil-med-rorende-facebook-innlegg","status":"publish","type":"post","link":"https:\/\/www.europesays.com\/no\/138031\/","title":{"rendered":"C\u00e9line Dion minnes avd\u00f8d ektemann Ren\u00e9 Ang\u00e9lil med r\u00f8rende Facebook-innlegg"},"content":{"rendered":"<p class=\"kicker \" style=\"\">C\u00e9line Dion:<\/p>\n<p>    Sangstjernen markerer ektemannens bortgang med r\u00f8rende Facebook-innlegg.<\/p>\n<p>\n    ENKE: Kj\u00e6rligheten for hennes avd\u00f8de ektemann vokser for hvert \u00e5r, skriver C\u00e9line Dion p\u00e5 sin Facebook. Foto: Erik Pendzich\/Shutterstock\/NTB\n  <\/p>\n<p>14. januar er det ti \u00e5r siden den canadiske artisten C\u00e9line Dion (57) mistet ektemannen Ren\u00e9 Ang\u00e9lil til strupekreft. Han ble 73 \u00e5r gammel.<\/p>\n<p>    <a itemprop=\"url\" href=\"https:\/\/www.seher.no\/kjendis\/veldig-merkelig\/83105687\" rel=\"nofollow noopener\" target=\"_blank\"><\/p>\n<p>        <img loading=\"lazy\" decoding=\"async\" src=\"https:\/\/www.europesays.com\/no\/wp-content\/uploads\/2026\/01\/83105855.webp.webp\" width=\"980\" height=\"441\" title=\"- Veldig merkelig\" alt=\"\" class=\"lazyload\" style=\"--aspect-ratio-image: 2.22; \"\/><\/p>\n<p>        &#8211; Veldig merkelig<\/p>\n<p>    <\/a><\/p>\n<p>For \u00e5 minnes sin kj\u00e6re mann, deler hun n\u00e5 en hjerteskj\u00e6rende hilsen p\u00e5 sin\u00a0<a href=\"https:\/\/www.facebook.com\/photo\/?fbid=1484191933073126&amp;set=a.290352705790394\" rel=\"nofollow noopener\" target=\"_blank\">Facebook<\/a>-profil. I den f\u00f8lelsesladete meldingen markerer Dion og barna\u00a0Ren\u00e9-Charles (24) og tvillingene Eddy og Nelson (15) ti\u00e5rsdagen for tapet av Ang\u00e9lil.<\/p>\n<p>        KREFTSYK: Bare fire m\u00e5neder etter hun giftet seg d\u00f8de Rikke (32) av brystkreft. Video: \u00abTabu\u00bb\/ NRK TV\/ R\u00f8d L\u00f8per<\/p>\n<p> \u00abMin kj\u00e6re, ti \u00e5r uten deg f\u00f8les som bare \u00e9n dag, og likevel f\u00f8les hver dag som et ti\u00e5r\u00bb, starter meldingen.\u00a0<\/p>\n<p>Familien beskriver hvordan savnet er overveldende, men at de klarer \u00e5 st\u00e5 i det.\u00a0<\/p>\n<p>    <a itemprop=\"url\" href=\"https:\/\/www.seher.no\/kjendis\/vi-ble-lurt\/83103557\" rel=\"nofollow noopener\" target=\"_blank\"><\/p>\n<p>        <img loading=\"lazy\" decoding=\"async\" src=\"https:\/\/www.europesays.com\/no\/wp-content\/uploads\/2026\/01\/83103591.webp.webp\" width=\"980\" height=\"441\" title=\"- Vi ble lurt\" alt=\"\" class=\"lazyload\" style=\"--aspect-ratio-image: 2.22; \"\/><\/p>\n<p>        &#8211; Vi ble lurt<\/p>\n<p>    <\/a><\/p>\n<p> \u00abVi savner deg mer enn vi kan b\u00e6re, men du l\u00e6rte oss \u00e5 v\u00e6re sterke\u00bb, st\u00e5r det videre.<\/p>\n<p>Avslutningsvis forteller de at kj\u00e6rligheten til ham bare blir sterkere og sterkere med tiden.<\/p>\n<p> \u00abVi elsker deg mer, for hver dag og hvert \u00e5r som g\u00e5r.\u00bb<\/p>\n<p>Massiv st\u00f8tte\t<\/p>\n<p>P\u00e5 samme dato i fjor delte sangstjernen et sjeldent bilde av seg selv med s\u00f8nnene for \u00e5 <a href=\"https:\/\/www.seher.no\/kjendis\/ikke-skjedd-pa-ni-ar\/82521008\" rel=\"nofollow noopener\" target=\"_blank\">hedre sin avd\u00f8de ektemann.<\/a><\/p>\n<p>    <a itemprop=\"url\" href=\"https:\/\/www.seher.no\/kjendis\/advarer-falske\/82803741\" rel=\"nofollow noopener\" target=\"_blank\"><\/p>\n<p>        <img loading=\"lazy\" decoding=\"async\" src=\"https:\/\/www.europesays.com\/no\/wp-content\/uploads\/2026\/01\/82803516.webp.webp\" width=\"980\" height=\"441\" title=\"Advarer: - Falske\" alt=\"\" class=\"lazyload\" style=\"--aspect-ratio-image: 2.22; \"\/><\/p>\n<p>        Advarer: &#8211; Falske<\/p>\n<p>    <\/a><\/p>\n<p>\u00abRen\u00e9, vi kan ikke tro at du har v\u00e6rt borte i ni \u00e5r allerede. Det g\u00e5r ikke en dag uten at vi f\u00f8ler din tilstedev\u00e6relse, RC, Eddy, Nelson og jeg\u00bb, skrev hun i et innlegg p\u00e5\u00a0<a href=\"https:\/\/www.instagram.com\/p\/DE1T_60uLyx\/\" rel=\"nofollow noopener\" target=\"_blank\">Instagram<\/a>.<\/p>\n<p>Innlegget fikk massiv st\u00f8tte i form av kommentarer og likerklikk. I skrivende stund er det n\u00e6rmere 600 000 personer som har likt bildet.<\/p>\n<p>&#8211; Levde i h\u00e5p\t<\/p>\n<p> Ang\u00e9lil var komponist samt konas manager og mentor. Paret m\u00f8ttes for f\u00f8rste gang da Dion var 12 \u00e5r gammel. Det var etter at broren hennes hadde sendt inn en sang til Ang\u00e9lil, <a href=\"https:\/\/www.seher.no\/kjendis\/avslorer-detaljer-rundt-ung-romanse\/69538878\" rel=\"nofollow noopener\" target=\"_blank\">som hun selv hadde skrevet.<\/a> <\/p>\n<p>Det tok imidlertid\u00a0 noen \u00e5r f\u00f8r de ble et par.\u00a0Det skjedde da Dion var 18 \u00e5r, og Ang\u00e9lil var 44 &#8211; en aldersforskjell som ikke alle ville akseptere.<\/p>\n<p>        <img loading=\"lazy\" decoding=\"async\" src=\"https:\/\/www.europesays.com\/no\/wp-content\/uploads\/2026\/01\/84100258.webp.webp\" width=\"667\" height=\"834\" title=\"GIFT: Ren\u00e9 Ang\u00e9lil og C\u00e9line Dion giftet seg i 1994 og var sammen til f\u00f8rstnevnte gikk bort i 2016. Her er de avbildet i Las Vegas i 2013. Foto: Mediapunch\/REX\/NTB\" alt=\"\" class=\"\" style=\"--aspect-ratio-image: 0.80; \"\/><\/p>\n<p>\n        GIFT: Ren\u00e9 Ang\u00e9lil og C\u00e9line Dion giftet seg i 1994 og var sammen til f\u00f8rstnevnte gikk bort i 2016. Her er de avbildet i Las Vegas i 2013. Foto: Mediapunch\/REX\/NTB\n    <\/p>\n<p>Komponisten fikk f\u00f8rst kreft i 1999, og ble diagnostisert med strupekreft for andre gang i 2013. Dion tok p\u00e5 den tiden en pause fra musikken for \u00e5 kunne ta vare p\u00e5 sin syke ektemann.<\/p>\n<p>F\u00f8r hans bortgang, delte hun \u00e6rlig om hvor vanskelig det var \u00e5 v\u00e6re ved hans side mens helsen ble d\u00e5rligere.<\/p>\n<p>    <a itemprop=\"url\" href=\"https:\/\/www.seher.no\/kjendis\/deler-folelsesladd-melding\/82453253\" rel=\"nofollow noopener\" target=\"_blank\"><\/p>\n<p>        <img loading=\"lazy\" decoding=\"async\" src=\"https:\/\/www.europesays.com\/no\/wp-content\/uploads\/2026\/01\/82453228.webp.webp\" width=\"980\" height=\"441\" title=\"Deler f\u00f8lelsesladd melding\" alt=\"\" class=\"lazyload\" style=\"--aspect-ratio-image: 2.22; \"\/><\/p>\n<p>        Deler f\u00f8lelsesladd melding<\/p>\n<p>    <\/a><\/p>\n<p>&#8211; Vi levde i h\u00e5p, vel vitende om at det ikke var noe h\u00e5p. Det var tider da jeg var veldig, veldig redd og han skrev til meg \u00abDet n\u00e6rmer seg slutten, jeg f\u00f8ler det\u00bb, sa hun til <a href=\"https:\/\/people.com\/celebrity\/celine-dion-opens-up-about-late-husband-four-months-after-his-death\/?utm_source=chatgpt.com\" rel=\"nofollow noopener\" target=\"_blank\">People<\/a> i 2016.<\/p>\n<p>        R\u00d8RENDE: Flere av mentorene blir preget allerede i sesongens f\u00f8rste episode. Video: \u00abThe Voice\u00bb\/TV 2, R\u00f8d L\u00f8per\/ Nora Skavhaug <\/p>\n<p>I 2022 avsl\u00f8rte verdensstjernen at <a href=\"https:\/\/www.seher.no\/kjendis\/deler-nedslaende-beskjed\/81521719\" rel=\"nofollow noopener\" target=\"_blank\">hun lider av nervesykdommen \u00abstiff person syndrome\u00bb<\/a> (SPS), som p\u00e5 norsk kalles autoimmunt stivhetssyndrom.<\/p>\n<p>    <a itemprop=\"url\" href=\"https:\/\/www.seher.no\/kjendis\/ikke-skjedd-pa-ni-ar\/82521008\" rel=\"nofollow noopener\" target=\"_blank\"><\/p>\n<p>        <img loading=\"lazy\" decoding=\"async\" src=\"https:\/\/www.europesays.com\/no\/wp-content\/uploads\/2026\/01\/82520620.webp.webp\" width=\"980\" height=\"441\" title=\"Ikke skjedd p\u00e5 ni \u00e5r\" alt=\"\" class=\"lazyload\" style=\"--aspect-ratio-image: 2.22; \"\/><\/p>\n<p>        Ikke skjedd p\u00e5 ni \u00e5r<\/p>\n<p>    <\/a><\/p>\n<p>I et videoklipp fra et TV-intervju med\u00a0<a href=\"https:\/\/www.etonline.com\/inside-celine-dions-battle-with-stiff-person-syndrome-what-shes-said-about-her-health-struggles\" rel=\"nofollow noopener\" target=\"_blank\">Entertainment Tonight<\/a>\u00a0fra 2024, r\u00f8pet Dion at hun hadde lidd av sykdommen i 17 \u00e5r f\u00f8r diagnosen ble kjent for offentligheten. <\/p>\n<p><script async src=\"\/\/www.instagram.com\/embed.js\"><\/script><\/p>\n","protected":false},"excerpt":{"rendered":"C\u00e9line Dion: Sangstjernen markerer ektemannens bortgang med r\u00f8rende Facebook-innlegg. ENKE: Kj\u00e6rligheten for hennes avd\u00f8de ektemann vokser for hvert&hellip;\n","protected":false},"author":2,"featured_media":138032,"comment_status":"","ping_status":"","sticky":false,"template":"","format":"standard","meta":{"footnotes":""},"categories":[58],"tags":[4121,71,479,2543,30,28,29,15765,72],"class_list":{"0":"post-138031","1":"post","2":"type-post","3":"status-publish","4":"format-standard","5":"has-post-thumbnail","7":"category-underholdning","8":"tag-celine-dion","9":"tag-entertainment","10":"tag-kjendis","11":"tag-kjendisdesken","12":"tag-no","13":"tag-norge","14":"tag-norway","15":"tag-rene-angelil","16":"tag-underholdning"},"share_on_mastodon":{"url":"https:\/\/pubeurope.com\/@no\/115898454082779865","error":""},"_links":{"self":[{"href":"https:\/\/www.europesays.com\/no\/wp-json\/wp\/v2\/posts\/138031","targetHints":{"allow":["GET"]}}],"collection":[{"href":"https:\/\/www.europesays.com\/no\/wp-json\/wp\/v2\/posts"}],"about":[{"href":"https:\/\/www.europesays.com\/no\/wp-json\/wp\/v2\/types\/post"}],"author":[{"embeddable":true,"href":"https:\/\/www.europesays.com\/no\/wp-json\/wp\/v2\/users\/2"}],"replies":[{"embeddable":true,"href":"https:\/\/www.europesays.com\/no\/wp-json\/wp\/v2\/comments?post=138031"}],"version-history":[{"count":0,"href":"https:\/\/www.europesays.com\/no\/wp-json\/wp\/v2\/posts\/138031\/revisions"}],"wp:featuredmedia":[{"embeddable":true,"href":"https:\/\/www.europesays.com\/no\/wp-json\/wp\/v2\/media\/138032"}],"wp:attachment":[{"href":"https:\/\/www.europesays.com\/no\/wp-json\/wp\/v2\/media?parent=138031"}],"wp:term":[{"taxonomy":"category","embeddable":true,"href":"https:\/\/www.europesays.com\/no\/wp-json\/wp\/v2\/categories?post=138031"},{"taxonomy":"post_tag","embeddable":true,"href":"https:\/\/www.europesays.com\/no\/wp-json\/wp\/v2\/tags?post=138031"}],"curies":[{"name":"wp","href":"https:\/\/api.w.org\/{rel}","templated":true}]}}