{"id":138039,"date":"2026-01-15T09:45:10","date_gmt":"2026-01-15T09:45:10","guid":{"rendered":"https:\/\/www.europesays.com\/no\/138039\/"},"modified":"2026-01-15T09:45:10","modified_gmt":"2026-01-15T09:45:10","slug":"siste-blir-trolig-klar-for-molde-i-dag-rbnett-no","status":"publish","type":"post","link":"https:\/\/www.europesays.com\/no\/138039\/","title":{"rendered":"SISTE: Blir trolig klar for Molde i dag &#8211; rbnett.no"},"content":{"rendered":"<ol>\n<li><a href=\"https:\/\/news.google.com\/rss\/articles\/CBMidkFVX3lxTE9ad19HS19kZ3BqU0xKR1BZU2xhTTJQZTFua0UwUFlsb0xWQklBUk9mMkFpbXEyc1h2TERwQWJlZXg1djlsMlBldzlCWXZMMDVOY2R5c2NMNjc2UnUtdE5KUXRlUk51T05iemNRMnNsZi1OdXE1ZGc?oc=5\" target=\"_blank\" rel=\"nofollow noopener\">SISTE: Blir trolig klar for Molde i dag<\/a>&nbsp;&nbsp;rbnett.no<\/li>\n<li><a href=\"https:\/\/news.google.com\/rss\/articles\/CBMikwFBVV95cUxPWHFvQVdoMzlscC1GeDdObV9Md0RSanU4RzN3ZF9zUnpFZHVMdEYxSlF6SGtFeTFRUnJzQzhwSE14TDZic2k0Y25KN0M5X2tNM2lvZmdOWjdtNHkyak5pTnRYY3VaMkFNZW9PN3lGaExCaExYMUJfX3VHZXhCM3RDNVBOeU51NmljdG9NU2NyR040Q2c?oc=5\" target=\"_blank\" rel=\"nofollow noopener\">(+) Dette har skjedd i Start: \u2013 Skal skape kaos<\/a>&nbsp;&nbsp;fvn.no<\/li>\n<li><a href=\"https:\/\/news.google.com\/rss\/articles\/CBMif0FVX3lxTE5iNFpnMU53Tk9qTnB0Q21jN3ZmSENIUWlIN2RXR2VIdkVNaVdLRV93cU1POGtRUUxXbEdMRUJNUTFjdmNqX0FlakRsd2k0eEpMdGZIUE51dVBpOU5xcFBoRWdPN0dIWE1ubTlZZzRDQzhvU09mQmozNEdISWZONDg?oc=5\" target=\"_blank\" rel=\"nofollow noopener\">Start-spillerne p\u00e5 \u00e5rets f\u00f8rste trening \u2013 kan miste n\u00f8kkelspiller<\/a>&nbsp;&nbsp;KRS &#8211; Avisen Kristiansand<\/li>\n<li><a href=\"https:\/\/news.google.com\/rss\/articles\/CBMirAFBVV95cUxPYlhwVUg4M19IR0JaUG5sNkthRkdTQWtMWWtsNkZVWGtiTzZTTjZWOWRuWjgtOUtrTTVBcU5udkIwdVZSM1pacDMxaVh2bVZSeHlwa0pTVkRvOUV5eXNIQUlIMElMS1pkRUdRekhDNm92RzFXOWRXMlBieTQ1cEpUTGF2Nnh1WGRBcVp5TG1BMzgxdGNPTnVkZHR3ZnN5S2kzbTM0eFNIV2hNa3pn?oc=5\" target=\"_blank\" rel=\"nofollow noopener\">Sport, Flekkefjord | Sivert Sira Hansen n\u00e6rmer seg Molde-overgang: \u2013 Gjennombrudd i helgen<\/a>&nbsp;&nbsp;Avisen Agder<\/li>\n<li><a href=\"https:\/\/news.google.com\/rss\/articles\/CBMilgFBVV95cUxOZHFOV25NZmpWdGZoNlFiT2pqQVU4aUQxcmxuNjAtbDB4Z0wzM0haMGxOMUNfVlFhNDcyZ3BhSUZRcGU2aVRnZ1VVOG9USFlucnljZXdNbG9NakdMTzctMVJacEhpVnh0UXhkY2tMa3ZQcF9NcnVPcmJYU2pkNng5V0k1ay01bjN4VzhlQko3dDJHOWdENlE?oc=5\" target=\"_blank\" rel=\"nofollow noopener\">N\u00e6rmer seg enighet: Blir trolig solgt innen kort tid<\/a>&nbsp;&nbsp;lister24.no<\/li>\n<\/ol>\n","protected":false},"excerpt":{"rendered":"SISTE: Blir trolig klar for Molde i dag&nbsp;&nbsp;rbnett.no (+) Dette har skjedd i Start: \u2013 Skal skape kaos&nbsp;&nbsp;fvn.no&hellip;\n","protected":false},"author":2,"featured_media":138040,"comment_status":"","ping_status":"","sticky":false,"template":"","format":"standard","meta":{"footnotes":""},"categories":[59],"tags":[30,28,29,83,82],"class_list":{"0":"post-138039","1":"post","2":"type-post","3":"status-publish","4":"format-standard","5":"has-post-thumbnail","7":"category-sport","8":"tag-no","9":"tag-norge","10":"tag-norway","11":"tag-sport","12":"tag-sports"},"share_on_mastodon":{"url":"https:\/\/pubeurope.com\/@no\/115898477745298682","error":""},"_links":{"self":[{"href":"https:\/\/www.europesays.com\/no\/wp-json\/wp\/v2\/posts\/138039","targetHints":{"allow":["GET"]}}],"collection":[{"href":"https:\/\/www.europesays.com\/no\/wp-json\/wp\/v2\/posts"}],"about":[{"href":"https:\/\/www.europesays.com\/no\/wp-json\/wp\/v2\/types\/post"}],"author":[{"embeddable":true,"href":"https:\/\/www.europesays.com\/no\/wp-json\/wp\/v2\/users\/2"}],"replies":[{"embeddable":true,"href":"https:\/\/www.europesays.com\/no\/wp-json\/wp\/v2\/comments?post=138039"}],"version-history":[{"count":0,"href":"https:\/\/www.europesays.com\/no\/wp-json\/wp\/v2\/posts\/138039\/revisions"}],"wp:featuredmedia":[{"embeddable":true,"href":"https:\/\/www.europesays.com\/no\/wp-json\/wp\/v2\/media\/138040"}],"wp:attachment":[{"href":"https:\/\/www.europesays.com\/no\/wp-json\/wp\/v2\/media?parent=138039"}],"wp:term":[{"taxonomy":"category","embeddable":true,"href":"https:\/\/www.europesays.com\/no\/wp-json\/wp\/v2\/categories?post=138039"},{"taxonomy":"post_tag","embeddable":true,"href":"https:\/\/www.europesays.com\/no\/wp-json\/wp\/v2\/tags?post=138039"}],"curies":[{"name":"wp","href":"https:\/\/api.w.org\/{rel}","templated":true}]}}