{"id":138046,"date":"2026-01-15T09:51:08","date_gmt":"2026-01-15T09:51:08","guid":{"rendered":"https:\/\/www.europesays.com\/no\/138046\/"},"modified":"2026-01-15T09:51:08","modified_gmt":"2026-01-15T09:51:08","slug":"senegals-marine-gjennomforte-historisk-missiltest-med-den-nye-walo-klassen","status":"publish","type":"post","link":"https:\/\/www.europesays.com\/no\/138046\/","title":{"rendered":"Senegals marine gjennomf\u00f8rte historisk missiltest med den nye Walo-klassen"},"content":{"rendered":"<p class=\"kicker t15 font-weight-bold m-font-weight-bold color_mobile_no_bg_color quaternary color_mobile_quaternary font-Trim text-case-transform-upper mobile-hasTextPadding\" style=\"\">materiell<\/p>\n<p>    I november skj\u00f8t den senegalesiske marinen for f\u00f8rste gang missiler fra sitt nye patruljefart\u00f8y.\u00a0<\/p>\n<p>\n        HISTORISK: For f\u00f8rste gang har et senegalesisk marinefart\u00f8y avfyrt et sj\u00f8m\u00e5lmissil. Bildet er hentet fra en video fra den senegalesiske marinen.<br \/>\n        Skjermdump: Den senegalesiske marinen\n    <\/p>\n<p>For aller f\u00f8rste gang har den senegalesiske marinen avfyrt et sj\u00f8m\u00e5lmissil. Missiltesten fant sted den 9. november 2025 og markerer et historisk skille for Senegals forsvar.\u00a0<\/p>\n<p>Det skriver nettstedet <a href=\"https:\/\/www.navalnews.com\/naval-news\/2026\/01\/senegalese-navy-conducted-historic-first-anti-ship-missile-launch\/\" target=\"_blank\" rel=\"nofollow noopener\">Naval News<\/a>.\u00a0<\/p>\n<p>Patruljefart\u00f8yet Cayor, av den nye Walo-klassen, skj\u00f8t et missil av typen\u00a0MBDA MARTE Mk2\/N mot et utrangert landgangsfart\u00f8y.\u00a0<\/p>\n<p>M\u00e5lfart\u00f8yet, av den franske CMT-klassen, var plassert 15 kilometer unna Cayor. Missilet traff m\u00e5let, men ble ikke senket.\u00a0<\/p>\n<p>Landgangsfart\u00f8yet var lastet med konteinere for \u00e5 \u00f8ke synligheten p\u00e5 radar og for \u00e5 etterligne et h\u00f8yverdim\u00e5l.<\/p>\n<p>Walo-klassen best\u00e5r av tre offshore patruljefart\u00f8y, som er ment \u00e5 modernisere den senegalesiske marinen.\u00a0<\/p>\n<p>\u2013 Denne prestasjonen symboliserer marinens operative modenhet og dens kontinuerlige forpliktelse til \u00e5 ivareta nasjonal suverenitet, skriver den senegalesiske marinen p\u00e5 <a href=\"https:\/\/x.com\/MarineNation_SN\/status\/1987650786566738417\" target=\"_blank\" rel=\"nofollow\">X<\/a>.\u00a0<\/p>\n<p>Walo-klassen er ogs\u00e5 kjent som OPV 58S og er bygget av Kership i Frankrike. Fart\u00f8yene har en lengde p\u00e5 62, 2 meter og toppfart p\u00e5 21 knop.\u00a0<\/p>\n<p>I tillegg til de nevnte sj\u00f8m\u00e5lmissilene, er fart\u00f8ysklassen bestykket med OTO Melara 76 mm-kanon, to 20 mm-kanoner,\u00a0Mistral 3 luftvernmissiler og 12,7 mm-mitralj\u00f8ser.\u00a0<\/p>\n","protected":false},"excerpt":{"rendered":"materiell I november skj\u00f8t den senegalesiske marinen for f\u00f8rste gang missiler fra sitt nye patruljefart\u00f8y.\u00a0 HISTORISK: For f\u00f8rste&hellip;\n","protected":false},"author":2,"featured_media":138047,"comment_status":"","ping_status":"","sticky":false,"template":"","format":"standard","meta":{"footnotes":""},"categories":[5],"tags":[20,21,24,25,15,19,22,23,17,18,13,30,28,29,14,16,26,27],"class_list":{"0":"post-138046","1":"post","2":"type-post","3":"status-publish","4":"format-standard","5":"has-post-thumbnail","7":"category-overskrifter","8":"tag-breaking-news","9":"tag-breakingnews","10":"tag-featured-news","11":"tag-featurednews","12":"tag-headlines","13":"tag-hovedoppslag","14":"tag-latest-news","15":"tag-latestnews","16":"tag-main-news","17":"tag-mainnews","18":"tag-news","19":"tag-no","20":"tag-norge","21":"tag-norway","22":"tag-nyheter","23":"tag-overskrifter","24":"tag-top-stories","25":"tag-topstories"},"share_on_mastodon":{"url":"https:\/\/pubeurope.com\/@no\/115898501258654700","error":""},"_links":{"self":[{"href":"https:\/\/www.europesays.com\/no\/wp-json\/wp\/v2\/posts\/138046","targetHints":{"allow":["GET"]}}],"collection":[{"href":"https:\/\/www.europesays.com\/no\/wp-json\/wp\/v2\/posts"}],"about":[{"href":"https:\/\/www.europesays.com\/no\/wp-json\/wp\/v2\/types\/post"}],"author":[{"embeddable":true,"href":"https:\/\/www.europesays.com\/no\/wp-json\/wp\/v2\/users\/2"}],"replies":[{"embeddable":true,"href":"https:\/\/www.europesays.com\/no\/wp-json\/wp\/v2\/comments?post=138046"}],"version-history":[{"count":0,"href":"https:\/\/www.europesays.com\/no\/wp-json\/wp\/v2\/posts\/138046\/revisions"}],"wp:featuredmedia":[{"embeddable":true,"href":"https:\/\/www.europesays.com\/no\/wp-json\/wp\/v2\/media\/138047"}],"wp:attachment":[{"href":"https:\/\/www.europesays.com\/no\/wp-json\/wp\/v2\/media?parent=138046"}],"wp:term":[{"taxonomy":"category","embeddable":true,"href":"https:\/\/www.europesays.com\/no\/wp-json\/wp\/v2\/categories?post=138046"},{"taxonomy":"post_tag","embeddable":true,"href":"https:\/\/www.europesays.com\/no\/wp-json\/wp\/v2\/tags?post=138046"}],"curies":[{"name":"wp","href":"https:\/\/api.w.org\/{rel}","templated":true}]}}