{"id":138051,"date":"2026-01-15T09:56:06","date_gmt":"2026-01-15T09:56:06","guid":{"rendered":"https:\/\/www.europesays.com\/no\/138051\/"},"modified":"2026-01-15T09:56:06","modified_gmt":"2026-01-15T09:56:06","slug":"gronland-russland-russland-sier-de-er-svaert-bekymret-for-soldater-fra-nato-land-pa-gronland","status":"publish","type":"post","link":"https:\/\/www.europesays.com\/no\/138051\/","title":{"rendered":"Gr\u00f8nland, Russland | Russland sier de er \u00absv\u00e6rt bekymret\u00bb for soldater fra Nato-land p\u00e5 Gr\u00f8nland"},"content":{"rendered":"\n<p>\u2013 Situasjonen som utspiller seg i langt i nord gj\u00f8r oss alvorlig bekymret, sier den russiske ambassaden i Belgia i en uttalelse.<\/p>\n<p><b>Les ogs\u00e5:<a class=\"simple-relation related-teaser article--c-eRUmMG article--c-eRUmMG-fZoQSp-design-nettavisen article--c-eRUmMG-gwthdJ-cv\" href=\"https:\/\/www.nettavisen.no\/fryktet-et-zelenskyj-oyeblikk\/s\/5-95-2825768\" rel=\"nofollow noopener\" target=\"_blank\">Dansk utenriksminister fryktet et \u00abZelenskyj-\u00f8yeblikk\u00bb<\/a><\/b><\/p>\n<p><b>Les ogs\u00e5:<a href=\"https:\/\/www.nettavisen.no\/gronland\/nato\/danmark\/gronlands-regjering-bekrefter-okt-militar-tilstedevarelse-i-samarbeid-med-nato-allierte-fra-i-dag\/s\/5-95-2825243\" rel=\"Follow nofollow noopener\" target=\"_blank\"> Danmark og Nato trapper opp milit\u00e6rt p\u00e5 Gr\u00f8nland<\/a><\/b><\/p>\n<p>Her hevdes det ogs\u00e5 at Nato bygger opp en milit\u00e6r tilstedev\u00e6relse i omr\u00e5det p\u00e5 bakgrunn av en falsk forutsetning om at Moskva og Beijing utgj\u00f8r en \u00f8kt trussel. Det er ikke europeiske land, men Trump som har hevdet at Russland og Kina utgj\u00f8r en trussel mot Gr\u00f8nland, og at \u00f8ya derfor m\u00e5 bli en del av USA.<\/p>\n<p>Nato-styrker<\/p>\n<p>President Donald Trumps kampanje for at USA skal overta Gr\u00f8nland, har f\u00e5tt europeiske land til \u00e5 reagere.<\/p>\n<p>Danmarks statsminister Mette Fredriksen sier torsdag at det er en \u00abgrunnleggende uenighet\u00bb mellom Danmark og USA n\u00e5r det gjelder Gr\u00f8nland. USA vil overta Gr\u00f8nland.<\/p>\n<p>\u2013 Dette er \u00e5penbart alvorlig, og derfor fortsetter vi arbeidet med \u00e5 forhindre at det scenariet blir en realitet, sier Fredriksen i en skriftlig kommentar, melder <a href=\"https:\/\/www.bt.dk\/udland\/live-opbrud-i-verden?directpost=10852896\" rel=\"Follow nofollow noopener\" target=\"_blank\">danske B.T.<\/a><\/p>\n<p>Onsdag kom meldingen om at flere europeiske land sender styrker til Gr\u00f8nland samtidig som Danmark legger opp til en mer permanent milit\u00e6r tilstedev\u00e6relse.<\/p>\n<p>Denne tilstedev\u00e6relsen skal v\u00e6re permanent, sa Danmarks forsvarsminister Troels Lund Poulsen p\u00e5 en pressekonferanse onsdag kveld.<\/p>\n<p>\u2013 Tilstedev\u00e6relsen kommer til \u00e5 skje b\u00e5de til lands, til vanns og i luften. Form\u00e5let er selvf\u00f8lgelig \u00e5 styrke Forsvarets beredskap og samarbeidet med allierte, sa forsvarssjef Michael Hyldgaard.<\/p>\n<p>Fra Norge<\/p>\n<p>Forsvarsminister Tore O. Sandvik opplyste onsdag at det n\u00e5 p\u00e5g\u00e5r en dialog i Nato om hvordan sikkerheten i Arktis kan forsterkes, og at Norge forel\u00f8pig sender to personer fra Forsvaret.<\/p>\n<p><b>Les ogs\u00e5: <a class=\"simple-relation related-teaser article--c-eRUmMG article--c-eRUmMG-fZoQSp-design-nettavisen article--c-eRUmMG-gwthdJ-cv\" href=\"https:\/\/www.nettavisen.no\/sverige-sender-millitare-styrker-til-gronland\/s\/5-95-2825534\" rel=\"nofollow noopener\" target=\"_blank\">Sverige sender millit\u00e6re styrker til Gr\u00f8nland<\/a>og <a class=\"simple-relation related-teaser article--c-eRUmMG article--c-eRUmMG-fZoQSp-design-nettavisen article--c-eRUmMG-gwthdJ-cv\" href=\"https:\/\/www.nettavisen.no\/forsvarsministeren-norge-sender-to-personer-til-gronland\/s\/5-95-2825597\" rel=\"nofollow noopener\" target=\"_blank\">Forsvarsministeren: Norge sender to personer til Gr\u00f8nland<\/a><\/b><\/p>\n<p>Sverige, Norge og flere andre Nato-land sender ogs\u00e5 styrker for \u00e5 delta i dette oppdraget. For Norges del dreier det seg om to forsvarsansatte, bekreftet forsvarsminister Tore O. Sandvik onsdag kveld.<\/p>\n<p>Poulsen sa ogs\u00e5 at han ans\u00e5 muligheten for et amerikansk angrep mot Gr\u00f8nland som \u00abfullstendig hypotetisk\u00bb.<\/p>\n<p>Forsvarssjef Hyldgaard understreket samtidig: \u2013 Men ordren er at hvis man blir angrepet, skal man forsvare kongeriket.<\/p>\n","protected":false},"excerpt":{"rendered":"\u2013 Situasjonen som utspiller seg i langt i nord gj\u00f8r oss alvorlig bekymret, sier den russiske ambassaden i&hellip;\n","protected":false},"author":2,"featured_media":138052,"comment_status":"","ping_status":"","sticky":false,"template":"","format":"standard","meta":{"footnotes":""},"categories":[12],"tags":[20,21,24,25,15,22,23,13,30,28,29,14,16,26,27,42,43,44,45],"class_list":{"0":"post-138051","1":"post","2":"type-post","3":"status-publish","4":"format-standard","5":"has-post-thumbnail","7":"category-verden","8":"tag-breaking-news","9":"tag-breakingnews","10":"tag-featured-news","11":"tag-featurednews","12":"tag-headlines","13":"tag-latest-news","14":"tag-latestnews","15":"tag-news","16":"tag-no","17":"tag-norge","18":"tag-norway","19":"tag-nyheter","20":"tag-overskrifter","21":"tag-top-stories","22":"tag-topstories","23":"tag-verden","24":"tag-world","25":"tag-world-news","26":"tag-worldnews"},"share_on_mastodon":{"url":"https:\/\/pubeurope.com\/@no\/115898520916451239","error":""},"_links":{"self":[{"href":"https:\/\/www.europesays.com\/no\/wp-json\/wp\/v2\/posts\/138051","targetHints":{"allow":["GET"]}}],"collection":[{"href":"https:\/\/www.europesays.com\/no\/wp-json\/wp\/v2\/posts"}],"about":[{"href":"https:\/\/www.europesays.com\/no\/wp-json\/wp\/v2\/types\/post"}],"author":[{"embeddable":true,"href":"https:\/\/www.europesays.com\/no\/wp-json\/wp\/v2\/users\/2"}],"replies":[{"embeddable":true,"href":"https:\/\/www.europesays.com\/no\/wp-json\/wp\/v2\/comments?post=138051"}],"version-history":[{"count":0,"href":"https:\/\/www.europesays.com\/no\/wp-json\/wp\/v2\/posts\/138051\/revisions"}],"wp:featuredmedia":[{"embeddable":true,"href":"https:\/\/www.europesays.com\/no\/wp-json\/wp\/v2\/media\/138052"}],"wp:attachment":[{"href":"https:\/\/www.europesays.com\/no\/wp-json\/wp\/v2\/media?parent=138051"}],"wp:term":[{"taxonomy":"category","embeddable":true,"href":"https:\/\/www.europesays.com\/no\/wp-json\/wp\/v2\/categories?post=138051"},{"taxonomy":"post_tag","embeddable":true,"href":"https:\/\/www.europesays.com\/no\/wp-json\/wp\/v2\/tags?post=138051"}],"curies":[{"name":"wp","href":"https:\/\/api.w.org\/{rel}","templated":true}]}}