{"id":138055,"date":"2026-01-15T09:58:21","date_gmt":"2026-01-15T09:58:21","guid":{"rendered":"https:\/\/www.europesays.com\/no\/138055\/"},"modified":"2026-01-15T09:58:21","modified_gmt":"2026-01-15T09:58:21","slug":"hetset-pa-fly-med-autistisk-barn-et-mareritt","status":"publish","type":"post","link":"https:\/\/www.europesays.com\/no\/138055\/","title":{"rendered":"Hetset p\u00e5 fly med autistisk barn: \u2013 Et mareritt"},"content":{"rendered":"<p class=\"kicker bg-cyan color_mobile_bg-cyan hasTextPadding mobile-hasTextPadding\" style=\"\">P\u00e5st\u00e5tt hets p\u00e5 fly:<\/p>\n<p>    Mina og s\u00f8nnen skal ha blitt hetset og utskjelt p\u00e5 flyet. N\u00e5 kommer SAS med en klar beskjed.<\/p>\n<p>\n    IKKE HELT SOM PLANLAGT: Hjemreisen fra Tenerife gikk ikke helt som planlagt for den lille familien fra Trondheim. Foto: Odd Roar Lange\n  <\/p>\n<p>    Kort fortalt<\/p>\n<p lang=\"nb-NO\">En mor og hennes autistiske s\u00f8nn skal ha opplevd grov verbal hets fra medpassasjerer p\u00e5 en flytur fra Tenerife.<\/p>\n<p lang=\"nb-NO\">Mora beskriver situasjonen som et mareritt og valgte \u00e5 skjerme s\u00f8nnen ved \u00e5 ta ham med p\u00e5 flytoalettet.<\/p>\n<p lang=\"nb-NO\">SAS uttrykker beklagelse og understreker at flyreiser krever hensyn og forst\u00e5else fra alle passasjerer.<\/p>\n<p lang=\"nb-NO\">Flyselskapet avviser ideen om barnefrie fly.\u00a0<\/p>\n<p>      Vis mer<br \/>\n      Vis mindre<\/p>\n<p>En flytur med barn kan v\u00e6re en fin opplevelse. Men den kan ogs\u00e5 bli et mareritt dersom medpassasjerene mister t\u00e5lmodigheten.<\/p>\n<p>Ferieturen hjem fra Tenerife endte i det Mina Sharif i Trondheim beskriver som et mareritt i lufta.\u00a0<\/p>\n<p>Under den seks timer lange flyreisen hjem skal hun og s\u00f8nnen ha blitt utsatt for grov verbal hets fra voksne medpassasjerer.<\/p>\n<p>Saken ble f\u00f8rst omtalt av avisa <a href=\"https:\/\/www.nidaros.no\/mina-og-sonnen-skal-ha-blitt-utsatt-for-hets-pa-flytur-fa-den-drittungen-til-a-holde-kjeft\/s\/5-113-801899\" rel=\"nofollow noopener\" target=\"_blank\">Nidaros.<\/a><\/p>\n<p>Uforst\u00e5elig oppf\u00f8rsel\t<\/p>\n<p>&#8211; Det er helt uforst\u00e5elig at voksne mennesker kan oppf\u00f8re seg slik. Det er ikke s\u00e5nne mennesker verden trenger, sier Mina Sharif til DinSide.<\/p>\n<p>        DET MYSTISKE HULLET: Du har kanskje lurt p\u00e5 hvorfor flyvinduet har et lite hull? Her f\u00e5r du forklaringen. Video: Embla Hjort-Larsen \/ Storyblocks. <\/p>\n<p>Hun reiste alene med s\u00f8nnen, som har autisme, hjem fra ferie p\u00e5 den spanske ferie\u00f8ya Tenerife da den sjokkerende opplevelsen hendte.\u00a0<\/p>\n<p>Mot siste halvdel av flyturen fikk gutten vondt i \u00f8rene, begynte \u00e5 gr\u00e5te og ble urolig. If\u00f8lge Mina var det da noen begynte \u00e5 komme med h\u00f8ylytte og krenkende bemerkninger.<\/p>\n<p>\u2013 De ropte at jeg m\u00e5tte \u00abf\u00e5 den drittungen til \u00e5 holde kjeft\u00bb, forteller Mina Sharif.<\/p>\n<p>Ogs\u00e5 barnefar er kjent med at historien deles i DinSide.\u00a0<\/p>\n<p>        <img loading=\"lazy\" decoding=\"async\" src=\"https:\/\/www.europesays.com\/no\/wp-content\/uploads\/2026\/01\/84094708.webp.webp\" width=\"980\" height=\"559\" title=\"SJOKKERT OVER MEDPASSASJERER: Mina Sharif tar et kraftig oppgj\u00f8r mot d\u00e5rlig oppf\u00f8rsel fra flypassasjerer som skjelte henne ut fordi s\u00f8nnen gr\u00e5t p\u00e5 flyturen til Trondheim. Foto: Privat\" alt=\"\" class=\"\" style=\"--aspect-ratio-image: 1.75; \"\/><\/p>\n<p>\n        SJOKKERT OVER MEDPASSASJERER: Mina Sharif tar et kraftig oppgj\u00f8r mot d\u00e5rlig oppf\u00f8rsel fra flypassasjerer som skjelte henne ut fordi s\u00f8nnen gr\u00e5t p\u00e5 flyturen til Trondheim. Foto: Privat\n    <\/p>\n<p>If\u00f8lge henne stoppet det ikke der. Hun hevder at medpassasjerene truet med \u00e5 ringe b\u00e5de politiet og barnevernet fordi barnet lagde lyd.<\/p>\n<p>&#8211; Da tenkte jeg bare: N\u00e5 lever jeg i feil verden, sier sm\u00e5barnsmora til DinSide.<\/p>\n<p>        <img loading=\"lazy\" decoding=\"async\" src=\"https:\/\/www.europesays.com\/no\/wp-content\/uploads\/2026\/01\/84092891.webp.webp\" width=\"980\" height=\"559\" title=\"UTSKJELT: Mora skal ha blitt utskjelt da s\u00f8nnen ikke sluttet \u00e5 gr\u00e5te. Foto: Odd Roar Lange\" alt=\"\" class=\"\" style=\"--aspect-ratio-image: 1.75; \"\/><\/p>\n<p>\n        UTSKJELT: Mora skal ha blitt utskjelt da s\u00f8nnen ikke sluttet \u00e5 gr\u00e5te. Foto: Odd Roar Lange\n    <\/p>\n<p>Utskjelt av familie\t<\/p>\n<p>En skal ha kalt henne \u00abden verste mora\u00bb og omtalt barnet som umulig.<\/p>\n<p>DinSide og Nidaros har ikke f\u00e5tt identifisert personene som skal ha kommet med ytringene, og har derfor ikke innhentet deres versjon.<\/p>\n<p class=\"font-weight-bold m-font-weight-bold\" data-lab-font_weight=\"font-weight-bold\">For \u00e5 skjerme s\u00f8nnen og roe situasjonen, valgte mora \u00e5 ta ham med inn p\u00e5 flytoalettet.<\/p>\n<p>&#8211; Vi satt der inne i rundt 20 minutter. Vi sang og snakket sammen for at han skulle ha det bra, sier hun.<\/p>\n<p>Hun tok ogs\u00e5 bilder av s\u00f8nnen for \u00e5 dokumentere at han faktisk hadde det fint, spiste og smilte &#8211; til tross for situasjonen i kabinen.<\/p>\n<p>    <a itemprop=\"url\" href=\"https:\/\/dinside.dagbladet.no\/reise\/en-tabbe\/84058353\" rel=\"nofollow noopener\" target=\"_blank\"><\/p>\n<p>        <img loading=\"lazy\" decoding=\"async\" src=\"https:\/\/www.europesays.com\/no\/wp-content\/uploads\/2026\/01\/84058360.webp.webp\" width=\"980\" height=\"441\" title=\"- En tabbe\" alt=\"\" class=\"lazyload\" style=\"--aspect-ratio-image: 2.22; \"\/><\/p>\n<p>        &#8211; En tabbe<\/p>\n<p>    <\/a><\/p>\n<p>Er dette l\u00f8sningen?\t<\/p>\n<p>&#8211; Skal l\u00f8sningen v\u00e6re at jeg l\u00e5ser meg inne p\u00e5 et flytoalett med barnet mitt, for at voksne mennesker skal slippe \u00e5 bli forstyrret, sp\u00f8r hun.<\/p>\n<p>Mora valgte \u00e5 ikke konfrontere de som skal ha kommet med ytringene.<\/p>\n<p>&#8211; Jeg vil ikke v\u00e6re et d\u00e5rlig forbilde. Som foreldre snakker man ikke slik til andre, s\u00e6rlig ikke foran egne barn, sier hun.<\/p>\n<p>Opplevelsen sto if\u00f8lge mora i sterk kontrast til utreisen, der hun opplevde kabinpersonalet som forst\u00e5elsesfulle og hjelpsomme. P\u00e5 returen savnet hun st\u00f8tte fra de ansatte mens den ubehagelige situasjonen p\u00e5gikk.<\/p>\n<p>    <a itemprop=\"url\" href=\"https:\/\/dinside.dagbladet.no\/okonomi\/okende-uro-det-folk-merker-mest-1\/84091976\" rel=\"nofollow noopener\" target=\"_blank\"><\/p>\n<p>        <img loading=\"lazy\" decoding=\"async\" src=\"https:\/\/www.europesays.com\/no\/wp-content\/uploads\/2026\/01\/84094168.webp.webp\" width=\"980\" height=\"441\" title=\"\u00d8kende uro: - Det folk merker mest\" alt=\"\" class=\"lazyload\" style=\"--aspect-ratio-image: 2.22; \"\/><\/p>\n<p>        \u00d8kende uro: &#8211; Det folk merker mest<\/p>\n<p>    <\/a><\/p>\n<p>Massiv respons\t<\/p>\n<p>Etter hjemkomsten delte hun opplevelsen i et innlegg p\u00e5 Facebook. Responsen har v\u00e6rt massiv.<\/p>\n<p>&#8211; Responsen har v\u00e6rt enorm og unison. De st\u00f8tter oss og er oppgitt over hvordan enkelte oppf\u00f8rer seg mot andre. Men responsen har ogs\u00e5 f\u00e5tt meg til \u00e5 tenke videre. Mange sier at de ville ha st\u00e5tt opp for oss dersom de var medpassasjerer som var vitne til opptrinnet. Men nordmenn er vant til \u00e5 overse, ikke blande seg inn, ikke \u00e5 si ifra. Her trengs en holdningsendring.<\/p>\n<p>    <a itemprop=\"url\" href=\"https:\/\/dinside.dagbladet.no\/okonomi\/kraftig-nedgang\/84066709\" rel=\"nofollow noopener\" target=\"_blank\"><\/p>\n<p>        <img loading=\"lazy\" decoding=\"async\" src=\"https:\/\/www.europesays.com\/no\/wp-content\/uploads\/2026\/01\/1768471099_984_83956561.webp.webp\" width=\"980\" height=\"441\" title=\"Stuper\" alt=\"\" class=\"lazyload\" style=\"--aspect-ratio-image: 2.22; \"\/><\/p>\n<p>        Stuper<\/p>\n<p>    <\/a><\/p>\n<p>Om de sinte medpassasjerene i flyet sier hun dette:<\/p>\n<p>&#8211; N\u00e5r voksne mobber, er det ikke rart at barn gj\u00f8r det ogs\u00e5. Og n\u00e5r noen kan bli s\u00e5 sint for at et barn gr\u00e5ter, da skj\u00f8nner jeg at det kan bli krig i verden.\u00a0<\/p>\n<p>Folk m\u00e5 tenke over at foreldre med et barn som gr\u00e5ter bare blir enda mer stresset dersom omgivelsene reagerer negativt. Da forsterkes reaksjonen til barnet. H\u00f8r heller om du kan hjelpe til med noe, sier Mina Sharif.<\/p>\n<p>SAS svarer dette\t<\/p>\n<p>Pressesjef \u00d8ystein Schmidt i SAS sier selskapet er sv\u00e6rt lei seg for det familien beskriver.<\/p>\n<p>        <img loading=\"lazy\" decoding=\"async\" src=\"https:\/\/www.europesays.com\/no\/wp-content\/uploads\/2026\/01\/84092890.webp.webp\" width=\"980\" height=\"559\" title=\"EN DUGNAD: \u00c5 reise med fly er i bunn og grunn en dugnad, sier pressesjef \u00d8ystein Schmidt i SAS. Foto: Odd Roar Lange\" alt=\"\" class=\"\" style=\"--aspect-ratio-image: 1.75; \"\/><\/p>\n<p>\n        EN DUGNAD: \u00c5 reise med fly er i bunn og grunn en dugnad, sier pressesjef \u00d8ystein Schmidt i SAS. Foto: Odd Roar Lange\n    <\/p>\n<p>&#8211; Hos SAS har vi i 80 \u00e5r hatt et tydelig m\u00e5l om \u00e5 skape trygge og komfortable reiser for alle. Flyselskapet skal v\u00e6re for alle &#8211; og alle er hjertelig velkommen om bord, liten som stor. Klager knyttet til gr\u00e5tende barn utgj\u00f8r en ubetydelig andel av henvendelsene vi mottar, og de fleste reisende viser stor forst\u00e5else for at sm\u00e5 barn kan bli urolige i en uvant situasjon, sier Schmidt til DinSide.<\/p>\n<p>    <a itemprop=\"url\" href=\"https:\/\/dinside.dagbladet.no\/reise\/ringes-ned\/84072887\" rel=\"nofollow noopener\" target=\"_blank\"><\/p>\n<p>        <img loading=\"lazy\" decoding=\"async\" src=\"https:\/\/www.europesays.com\/no\/wp-content\/uploads\/2026\/01\/84073183.webp.webp\" width=\"980\" height=\"441\" title=\"Ringes ned\" alt=\"\" class=\"lazyload\" style=\"--aspect-ratio-image: 2.22; \"\/><\/p>\n<p>        Ringes ned<\/p>\n<p>    <\/a><\/p>\n<p>En dugnad\t<\/p>\n<p>Han understreker at en flyreise i bunn og grunn er en felles dugnad.<\/p>\n<p>&#8211; Det forutsetter hensyn, t\u00e5lmodighet og forst\u00e5else. Et urolig barn er sjelden et valg, og den foresatte st\u00e5r ofte i en mer krevende situasjon enn omgivelsene, sier han.<\/p>\n<p>&#8211; Vi vurderer ikke barnefrie fly. SAS er for alle, sier pressesjefen.<\/p>\n<p>        <img loading=\"lazy\" decoding=\"async\" src=\"https:\/\/www.europesays.com\/no\/wp-content\/uploads\/2026\/01\/84092893.webp.webp\" width=\"980\" height=\"441\" title=\"Har du et tips om flyreiser med barn?\" alt=\"\" class=\"\" style=\"--aspect-ratio-image: 2.22; \"\/><\/p>\n<p>        Har du et tips om flyreiser med barn?<\/p>\n<p class=\"subtitle\">Hei, jeg heter Odd Roar Lange og er reiseekspert og -journalist for DinSide og Dagbladet. Har du et tips eller sp\u00f8rsm\u00e5l om reiser og ferie med barn? <br \/>Send det gjerne til meg. Tips og sp\u00f8rsm\u00e5l som kan brukes til en reportasje vil bli prioritert.<\/p>\n","protected":false},"excerpt":{"rendered":"P\u00e5st\u00e5tt hets p\u00e5 fly: Mina og s\u00f8nnen skal ha blitt hetset og utskjelt p\u00e5 flyet. N\u00e5 kommer SAS&hellip;\n","protected":false},"author":2,"featured_media":138056,"comment_status":"","ping_status":"","sticky":false,"template":"","format":"standard","meta":{"footnotes":""},"categories":[5],"tags":[2762,20,21,24,25,5633,6635,15,19,22,23,17,18,13,30,28,29,14,16,1992,3283,6775,4226,26,27],"class_list":{"0":"post-138055","1":"post","2":"type-post","3":"status-publish","4":"format-standard","5":"has-post-thumbnail","7":"category-overskrifter","8":"tag-autisme","9":"tag-breaking-news","10":"tag-breakingnews","11":"tag-featured-news","12":"tag-featurednews","13":"tag-flypassasjer","14":"tag-flyreise","15":"tag-headlines","16":"tag-hovedoppslag","17":"tag-latest-news","18":"tag-latestnews","19":"tag-main-news","20":"tag-mainnews","21":"tag-news","22":"tag-no","23":"tag-norge","24":"tag-norway","25":"tag-nyheter","26":"tag-overskrifter","27":"tag-reise","28":"tag-sas","29":"tag-tenerife","30":"tag-thetravelinspector","31":"tag-top-stories","32":"tag-topstories"},"share_on_mastodon":{"url":"https:\/\/pubeurope.com\/@no\/115898528943818217","error":""},"_links":{"self":[{"href":"https:\/\/www.europesays.com\/no\/wp-json\/wp\/v2\/posts\/138055","targetHints":{"allow":["GET"]}}],"collection":[{"href":"https:\/\/www.europesays.com\/no\/wp-json\/wp\/v2\/posts"}],"about":[{"href":"https:\/\/www.europesays.com\/no\/wp-json\/wp\/v2\/types\/post"}],"author":[{"embeddable":true,"href":"https:\/\/www.europesays.com\/no\/wp-json\/wp\/v2\/users\/2"}],"replies":[{"embeddable":true,"href":"https:\/\/www.europesays.com\/no\/wp-json\/wp\/v2\/comments?post=138055"}],"version-history":[{"count":0,"href":"https:\/\/www.europesays.com\/no\/wp-json\/wp\/v2\/posts\/138055\/revisions"}],"wp:featuredmedia":[{"embeddable":true,"href":"https:\/\/www.europesays.com\/no\/wp-json\/wp\/v2\/media\/138056"}],"wp:attachment":[{"href":"https:\/\/www.europesays.com\/no\/wp-json\/wp\/v2\/media?parent=138055"}],"wp:term":[{"taxonomy":"category","embeddable":true,"href":"https:\/\/www.europesays.com\/no\/wp-json\/wp\/v2\/categories?post=138055"},{"taxonomy":"post_tag","embeddable":true,"href":"https:\/\/www.europesays.com\/no\/wp-json\/wp\/v2\/tags?post=138055"}],"curies":[{"name":"wp","href":"https:\/\/api.w.org\/{rel}","templated":true}]}}