{"id":138059,"date":"2026-01-15T10:03:09","date_gmt":"2026-01-15T10:03:09","guid":{"rendered":"https:\/\/www.europesays.com\/no\/138059\/"},"modified":"2026-01-15T10:03:09","modified_gmt":"2026-01-15T10:03:09","slug":"russland-sier-de-er-svaert-bekymret-for-soldater-fra-nato-land-pa-gronland-2","status":"publish","type":"post","link":"https:\/\/www.europesays.com\/no\/138059\/","title":{"rendered":"Russland sier de er \u00absv\u00e6rt bekymret\u00bb for soldater fra Nato-land p\u00e5 Gr\u00f8nland"},"content":{"rendered":"\n<p class=\"_lead_o9xde_2 _lead_xtcu6_50 layout-component text-serif-m layout-normal text-serif-l layout-component layout-wide layout-padded _wide_17hqh_1 layout-padded\">Russland uttrykker sterk bekymring for det de kaller Natos milit\u00e6re utplasseringer p\u00e5 Gr\u00f8nland<\/p>\n<p><img alt=\"Danmarks utenriksminister Lars L\u00f8kke Rasmussen og Gr\u00f8nlands utenriksminister Vivian Motzfeldt p\u00e5 pressekonferanse ved Danmarks ambassade i Washington onsdag, etter m\u00f8tet med visepresident J.D. Vance og utenriksminister Marco Rubio. Foto: Thomas Nilsson \/ VG\" class=\"_image_qp4xg_65 layout-component layout-wide\" data-fullscreen- data-track-element-type=\"Article image fullscreen\" data-track-name=\"ImageFullscreen\" fetchpriority=\"high\" decoding=\"sync\" loading=\"eager\" height=\"2386\" itemprop=\"image\"  src=\"https:\/\/www.europesays.com\/no\/wp-content\/uploads\/2026\/01\/7c5a3a06-ee8c-4c70-b17c-59c430b0d689.png\"  style=\"object-position:0% 0%\" width=\"3182\"\/>Danmarks utenriksminister Lars L\u00f8kke Rasmussen og Gr\u00f8nlands utenriksminister Vivian Motzfeldt p\u00e5 pressekonferanse ved Danmarks ambassade i Washington onsdag, etter m\u00f8tet med visepresident J.D. Vance og utenriksminister Marco Rubio. Foto: Thomas Nilsson \/ VG<\/p>\n<ul aria-hidden=\"true\" class=\"_images_ntbth_112\">\n<li><a class=\"_link_ntbth_117\" href=\"https:\/\/www.vg.no\/forfatter\/ntb\" style=\"z-index:1\" title=\"NTB\" rel=\"nofollow noopener\" target=\"_blank\"><img alt=\"Bilde av NTB\" class=\"_image_ntbth_93\" fetchpriority=\"low\" loading=\"lazy\" decoding=\"async\" itemprop=\"image\"  src=\"https:\/\/www.europesays.com\/no\/wp-content\/uploads\/2026\/01\/1768471388_836_c33980b0-5d07-4027-84a1-813f90a7c8d6.png\"  width=\"480\"\/><\/a><\/li>\n<\/ul>\n<p> Oppdatert torsdag 15. januar kl. 10:59     <\/p>\n<p class=\"_paragraph_o9xde_4 _paragraph_xtcu6_10 layout-component text-serif-m layout-normal text-serif-m layout-padded\">\u2013 Situasjonen som utspiller seg i langt i nord gj\u00f8r oss alvorlig bekymret, sier den russiske ambassaden i Belgia i en uttalelse. <\/p>\n<p class=\"_paragraph_o9xde_4 _paragraph_xtcu6_10 layout-component text-serif-m layout-normal text-serif-m layout-padded\">Her hevdes det ogs\u00e5 at Nato bygger opp en milit\u00e6r tilstedev\u00e6relse i omr\u00e5det p\u00e5 bakgrunn av en falsk forutsetning om at Moskva og Beijing utgj\u00f8r en \u00f8kt trussel.<\/p>\n<p class=\"_paragraph_o9xde_4 _paragraph_xtcu6_10 layout-component text-serif-m layout-normal text-serif-m layout-padded\">President Donald Trumps kampanje for at USA skal overta <a href=\"https:\/\/www.vg.no\/tag\/groenland?utm_source=vg-article&amp;utm_medium=auto-tagger&amp;utm_campaign=rrgeow\" class=\"_link_o9xde_39\" rel=\"nofollow noopener\" target=\"_blank\">Gr\u00f8nland<\/a>, har f\u00e5tt europeiske land til \u00e5 reagere. Onsdag kom meldingen om at flere europeiske land sender styrker til Gr\u00f8nland samtidig som Danmark legger opp til en mer permanent milit\u00e6r tilstedev\u00e6relse. <\/p>\n<p><img alt=\"Norges forsvarsminister Tore O. Sandvik.   Foto: G\u00f8ran Bohlin \/ VG\" class=\"_image_qp4xg_65 layout-component layout-normal\" data-fullscreen- data-track-element-type=\"Article image fullscreen\" data-track-name=\"ImageFullscreen\" decoding=\"async\" loading=\"lazy\" height=\"4096\" itemprop=\"image\"  src=\"https:\/\/www.europesays.com\/no\/wp-content\/uploads\/2026\/01\/b8a13ad3-38ae-4077-bad1-dcb4b4855963.jpeg\"  style=\"object-position:0% 0%\" width=\"6144\"\/>Norges forsvarsminister Tore O. Sandvik.   Foto: G\u00f8ran Bohlin \/ VG<\/p>\n<p class=\"_paragraph_o9xde_4 _paragraph_xtcu6_10 layout-component text-serif-m layout-normal text-serif-m layout-padded\">Det er ikke europeiske land, men Trump som har hevdet at Russland og Kina utgj\u00f8r en trussel mot Gr\u00f8nland, og at \u00f8ya derfor m\u00e5 bli en del av USA.<\/p>\n<p class=\"_paragraph_o9xde_4 _paragraph_xtcu6_10 layout-component text-serif-m layout-normal text-serif-m layout-padded\">Forsvarsminister Tore O. Sandvik opplyste onsdag at det n\u00e5 p\u00e5g\u00e5r en dialog i Nato om hvordan sikkerheten i Arktis kan forsterkes, og at Norge forel\u00f8pig sender to personer fra Forsvaret.<\/p>\n<p class=\"_paragraph_o9xde_4 _paragraph_xtcu6_10 layout-component text-serif-m layout-normal text-serif-m layout-padded\">Utplasseringen skjer i samr\u00e5d med myndighetene p\u00e5 Gr\u00f8nland, som er en del av kongeriket Danmark, men med utstrakt selvstyre.<\/p>\n<p class=\"_paragraph_o9xde_4 _paragraph_xtcu6_10 layout-component text-serif-m layout-normal text-serif-m layout-padded\">USA har fra f\u00f8r av en milit\u00e6rbase p\u00e5 \u00f8ya, og har etter avtale med Danmark mulighet til \u00e5 etablere flere og trappe opp antall utplasserte soldater.<\/p>\n<p><img alt=\"Tom R\u00f8seth i VGs studio i 2022.   Foto: Naina Helen J\u00e5ma \/ VG\" class=\"_image_qp4xg_65 layout-component layout-normal\" data-fullscreen- data-track-element-type=\"Article image fullscreen\" data-track-name=\"ImageFullscreen\" decoding=\"async\" loading=\"lazy\" height=\"3625\" itemprop=\"image\"  src=\"https:\/\/www.europesays.com\/no\/wp-content\/uploads\/2026\/01\/377df507-e2ca-4f20-8e22-e3ce0a2d1a30.png\"  style=\"object-position:0% 0%\" width=\"5437\"\/>Tom R\u00f8seth i VGs studio i 2022.   Foto: Naina Helen J\u00e5ma \/ VGIkke noe nytt<\/p>\n<p class=\"_paragraph_o9xde_4 _paragraph_xtcu6_10 layout-component text-serif-m layout-normal text-serif-m layout-padded\">F\u00f8rsteamanuensis og hovedl\u00e6rer i etterretning ved Forsvarets h\u00f8gskole, Tom R\u00f8seth, sier til VG at milit\u00e6r tilstedev\u00e6relse fra Nato og USA\u00a0 p\u00e5 Gr\u00f8nland ikke er noe nytt.<\/p>\n<p>\u2013 Amerikanerne har hatt en avtale om milit\u00e6r tilstedev\u00e6relse p\u00e5 Gr\u00f8nland siden 1950-tallet. Sett i et historisk perspektiv er det derfor underlig \u00e5 fremstille dette som dramatisk, sier R\u00f8seth.<\/p>\n<p>Han peker p\u00e5 at amerikanernes milit\u00e6re n\u00e6rv\u00e6r p\u00e5 \u00f8ya er kraftig redusert etter den kalde krigen.<\/p>\n<p>\u2013 Etter den kalde krigen har amerikanerne bygget ned tilstedev\u00e6relsen betydelig. I dag er den rundt en tidel av hva den var tidligere.<\/p>\n<p>Et sammensatt forhold<\/p>\n<p class=\"_paragraph_o9xde_4 _paragraph_xtcu6_10 layout-component text-serif-m layout-normal text-serif-m layout-padded\">R\u00f8seth forteller at Russland har hatt et sammensatt forhold til Danmarks sikkerhetspolitikk de siste \u00e5rene.<\/p>\n<p>\u2013 Jeg har sett uttalelser fra den russiske ambassad\u00f8ren i Danmark som over tid har v\u00e6rt sv\u00e6rt kritiske til Danmark, blant annet knyttet til kj\u00f8p av langtrekkende v\u00e5pen og dansk retorikk rundt krigen i Ukraina.<\/p>\n<p class=\"_paragraph_o9xde_4 _paragraph_xtcu6_10 layout-component text-serif-m layout-normal text-serif-m layout-padded\">Samtidig har Russland uttrykt bekymring for en eventuell amerikansk overtakelse av Gr\u00f8nland \u2013 og i den sammenheng st\u00f8ttet Danmark, forteller R\u00f8seth.<\/p>\n<p class=\"_paragraph_o9xde_4 _paragraph_xtcu6_10 layout-component text-serif-m layout-normal text-serif-m layout-padded\">\u2013 Det er i russisk interesse at amerikanerne ikke f\u00e5r ytterligere territorier i Arktis. Samtidig \u00f8nsker russerne heller ikke \u00f8kt Nato-tilstedev\u00e6relse i regionen.<\/p>\n<p class=\"_paragraph_o9xde_4 _paragraph_xtcu6_10 layout-component text-serif-m layout-normal text-serif-m layout-padded\">If\u00f8lge R\u00f8seth er det russerne som i st\u00f8rst grad har militarisert Arktis de senere \u00e5rene.<\/p>\n<p class=\"_paragraph_o9xde_4 _paragraph_xtcu6_10 layout-component text-serif-m layout-normal text-serif-m layout-padded\">\u2013 Det er Russland som over tid har bygget opp den klart st\u00f8rste milit\u00e6re tilstedev\u00e6relsen i Arktis. Nato har riktignok \u00f8kt b\u00e5de tilstedev\u00e6relsen og oppmerksomheten etter Ukraina-krigen, men Russland har milit\u00e6rt posisjonert seg i sitt arktiske omr\u00e5de gjennom mange \u00e5r.<\/p>\n<p class=\"_paragraph_o9xde_4 _paragraph_xtcu6_10 layout-component text-serif-m layout-normal text-serif-m layout-padded\">Han sier den \u00f8kte sikkerhetspolitiske spenningen i Europa ogs\u00e5 p\u00e5virker nordomr\u00e5dene.<\/p>\n<p class=\"_paragraph_o9xde_4 _paragraph_xtcu6_10 layout-component text-serif-m layout-normal text-serif-m layout-padded\">\u2013 N\u00e5r vi n\u00e5 ser en skjerpet sikkerhetspolitisk situasjon i Europa, vil dette ogs\u00e5 flyte over i Arktis. Under den kalde krigen var den milit\u00e6re tilstedev\u00e6relsen h\u00f8yere p\u00e5 begge sider, selv om Russland ogs\u00e5 de siste 15 \u00e5rene jevnt har \u00f8kt sin aktivitet.<\/p>\n","protected":false},"excerpt":{"rendered":"Russland uttrykker sterk bekymring for det de kaller Natos milit\u00e6re utplasseringer p\u00e5 Gr\u00f8nland Danmarks utenriksminister Lars L\u00f8kke Rasmussen&hellip;\n","protected":false},"author":2,"featured_media":138060,"comment_status":"","ping_status":"","sticky":false,"template":"","format":"standard","meta":{"footnotes":""},"categories":[12],"tags":[20,21,24,25,2112,15,22,23,233,13,30,28,29,14,16,188,26,27,42,43,44,45],"class_list":{"0":"post-138059","1":"post","2":"type-post","3":"status-publish","4":"format-standard","5":"has-post-thumbnail","7":"category-verden","8":"tag-breaking-news","9":"tag-breakingnews","10":"tag-featured-news","11":"tag-featurednews","12":"tag-gronland","13":"tag-headlines","14":"tag-latest-news","15":"tag-latestnews","16":"tag-nato","17":"tag-news","18":"tag-no","19":"tag-norge","20":"tag-norway","21":"tag-nyheter","22":"tag-overskrifter","23":"tag-russland","24":"tag-top-stories","25":"tag-topstories","26":"tag-verden","27":"tag-world","28":"tag-world-news","29":"tag-worldnews"},"share_on_mastodon":{"url":"https:\/\/pubeurope.com\/@no\/115898548483346814","error":""},"_links":{"self":[{"href":"https:\/\/www.europesays.com\/no\/wp-json\/wp\/v2\/posts\/138059","targetHints":{"allow":["GET"]}}],"collection":[{"href":"https:\/\/www.europesays.com\/no\/wp-json\/wp\/v2\/posts"}],"about":[{"href":"https:\/\/www.europesays.com\/no\/wp-json\/wp\/v2\/types\/post"}],"author":[{"embeddable":true,"href":"https:\/\/www.europesays.com\/no\/wp-json\/wp\/v2\/users\/2"}],"replies":[{"embeddable":true,"href":"https:\/\/www.europesays.com\/no\/wp-json\/wp\/v2\/comments?post=138059"}],"version-history":[{"count":0,"href":"https:\/\/www.europesays.com\/no\/wp-json\/wp\/v2\/posts\/138059\/revisions"}],"wp:featuredmedia":[{"embeddable":true,"href":"https:\/\/www.europesays.com\/no\/wp-json\/wp\/v2\/media\/138060"}],"wp:attachment":[{"href":"https:\/\/www.europesays.com\/no\/wp-json\/wp\/v2\/media?parent=138059"}],"wp:term":[{"taxonomy":"category","embeddable":true,"href":"https:\/\/www.europesays.com\/no\/wp-json\/wp\/v2\/categories?post=138059"},{"taxonomy":"post_tag","embeddable":true,"href":"https:\/\/www.europesays.com\/no\/wp-json\/wp\/v2\/tags?post=138059"}],"curies":[{"name":"wp","href":"https:\/\/api.w.org\/{rel}","templated":true}]}}