{"id":138061,"date":"2026-01-15T10:04:07","date_gmt":"2026-01-15T10:04:07","guid":{"rendered":"https:\/\/www.europesays.com\/no\/138061\/"},"modified":"2026-01-15T10:04:07","modified_gmt":"2026-01-15T10:04:07","slug":"debattinnlegg-sondre-snorrepus-klanderud-svarer-nordbo-sparker-skratt-nedover","status":"publish","type":"post","link":"https:\/\/www.europesays.com\/no\/138061\/","title":{"rendered":"Debattinnlegg: Sondre \u00abSnorrepus\u00bb Klanderud svarer Nordb\u00f8: \u2013 Sparker skr\u00e5tt nedover"},"content":{"rendered":"\n<p class=\"_paragraph_o9xde_4 _paragraph_xtcu6_10 layout-component text-serif-m layout-normal text-serif-m layout-padded\">Til tross for \u00e5 bli <a href=\"https:\/\/www.vg.no\/rampelys\/i\/xr3ORj\/dagfinn-nordboe-hva-er-forskjellen-paa-en-influencer-og-en-idiot\" data-track-element-type=\"Link\" data-track-id=\"link:xr3ORj\" class=\"_link_o9xde_39\" rel=\"nofollow noopener\" target=\"_blank\">totalslaktet <\/a>av Dagfinn Nordb\u00f8, m\u00e5 jeg si at kronikken hans var artig lesing, med et fargerikt spr\u00e5k og h\u00f8y selvtillit.<\/p>\n<p class=\"_paragraph_o9xde_4 _paragraph_xtcu6_10 layout-component text-serif-m layout-normal text-serif-m layout-padded\">Skrevet med pulsen man f\u00e5r av \u00e5 st\u00e5 p\u00e5 sidelinjen og kaste pean\u00f8tter.<\/p>\n<p class=\"_paragraph_o9xde_4 _paragraph_xtcu6_10 layout-component text-serif-m layout-normal text-serif-m layout-padded\"><strong class=\"_strong_o9xde_25\">Les kronikken: <\/strong><a href=\"https:\/\/www.vg.no\/rampelys\/i\/xr3ORj\/dagfinn-nordboe-hva-er-forskjellen-paa-en-influencer-og-en-idiot\" data-track-element-type=\"Link\" data-track-id=\"link:xr3ORj\" class=\"_link_o9xde_39\" rel=\"nofollow noopener\" target=\"_blank\">Hva er forskjellen p\u00e5 en influencer og en idiot?<\/a><\/p>\n<p class=\"_paragraph_o9xde_4 _paragraph_xtcu6_10 layout-component text-serif-m layout-normal text-serif-m layout-padded\">Kommentarfeltet er ogs\u00e5 samstemt! <\/p>\n<p class=\"_paragraph_o9xde_4 _paragraph_xtcu6_10 layout-component text-serif-m layout-normal text-serif-m layout-padded\">Jeg er tydeligvis lavpannet. Jeg som hele livet har f\u00e5tt h\u00f8re at h\u00e5rfestet mitt er h\u00f8yt.<\/p>\n<p class=\"_paragraph_o9xde_4 _paragraph_xtcu6_10 layout-component text-serif-m layout-normal text-serif-m layout-padded\"><strong class=\"_strong_o9xde_25\">Dagfinn sparker skr\u00e5tt nedover fra h\u00f8ykulturens borg. <\/strong><\/p>\n<p class=\"_paragraph_o9xde_4 _paragraph_xtcu6_10 layout-component text-serif-m layout-normal text-serif-m layout-padded\">Han har definisjonsmakt \u2013 og dommen er klinkende klar: <\/p>\n<p class=\"_paragraph_o9xde_4 _paragraph_xtcu6_10 layout-component text-serif-m layout-normal text-serif-m layout-padded\">Influencere er idioter. Sjokk.<\/p>\n<p class=\"_paragraph_o9xde_4 _paragraph_xtcu6_10 layout-component text-serif-m layout-normal text-serif-m layout-padded\">Det er umulig \u00e5 bomme med en s\u00e5nn p\u00e5stand.<\/p>\n<p class=\"_paragraph_o9xde_4 _paragraph_xtcu6_10 layout-component text-serif-m layout-normal text-serif-m layout-padded\">Alle som lager innhold p\u00e5 sosiale medier er visst ogs\u00e5 influencere.<\/p>\n<p class=\"_paragraph_o9xde_4 _paragraph_xtcu6_10 layout-component text-serif-m layout-normal text-serif-m layout-padded\">Dagfinn plasserer oss i et sirkus, med meg i manesjen. <\/p>\n<p class=\"_paragraph_o9xde_4 _paragraph_xtcu6_10 layout-component text-serif-m layout-normal text-serif-m layout-padded\">Men er vi ikke alle sirkusdyr her, egentlig? <\/p>\n<p class=\"_paragraph_o9xde_4 _paragraph_xtcu6_10 layout-component text-serif-m layout-normal text-serif-m layout-padded\">Komikere, influencere, programskapere \u2013 og spaltister. <\/p>\n<p class=\"_paragraph_o9xde_4 _paragraph_xtcu6_10 layout-component text-serif-m layout-normal text-serif-m layout-padded\">Noen gj\u00f8r triks. <\/p>\n<p class=\"_paragraph_o9xde_4 _paragraph_xtcu6_10 layout-component text-serif-m layout-normal text-serif-m layout-padded\">Andre sitter i losjen, noterer ivrig og forklarer publikum hvorfor trikset er et tegn p\u00e5 samfunnsforfall.<\/p>\n<p class=\"_paragraph_o9xde_4 _paragraph_xtcu6_10 layout-component text-serif-m layout-normal text-serif-m layout-padded\">Men la oss ta unna det vi faktisk er enige om:<\/p>\n<p class=\"_paragraph_o9xde_4 _paragraph_xtcu6_10 layout-component text-serif-m layout-normal text-serif-m layout-padded\">Ja, 21 dager faste er ekstremt.<\/p>\n<p class=\"_paragraph_o9xde_4 _paragraph_xtcu6_10 layout-component text-serif-m layout-normal text-serif-m layout-padded\">Ja, temaet kan trigge.<\/p>\n<p class=\"_paragraph_o9xde_4 _paragraph_xtcu6_10 layout-component text-serif-m layout-normal text-serif-m layout-padded\">Ja, internett er fullt av folk som selger sult som selvutvikling.<\/p>\n<p class=\"_paragraph_o9xde_4 _paragraph_xtcu6_10 layout-component text-serif-m layout-normal text-serif-m layout-padded\">Greit.<\/p>\n<p class=\"_paragraph_o9xde_4 _paragraph_xtcu6_10 layout-component text-serif-m layout-normal text-serif-m layout-padded\"><strong class=\"_strong_o9xde_25\">Der du bommer, er n\u00e5r du tolker dokumentaren min som en farlig glorifisering av sult.<\/strong><\/p>\n<p class=\"_paragraph_o9xde_4 _paragraph_xtcu6_10 layout-component text-serif-m layout-normal text-serif-m layout-padded\">Du skriver som om jeg har laget en forkledd reklame for fasting. <\/p>\n<p class=\"_paragraph_o9xde_4 _paragraph_xtcu6_10 layout-component text-serif-m layout-normal text-serif-m layout-padded\">Det er en fin versjon, Dagfinn. <\/p>\n<p class=\"_paragraph_o9xde_4 _paragraph_xtcu6_10 layout-component text-serif-m layout-normal text-serif-m layout-padded\">Men dette passer bedre til \u00e5 f\u00e5 frem et poeng i kronikken din enn til \u00e5 beskrive selve dokumentaren og dens premiss.<\/p>\n<p class=\"_paragraph_o9xde_4 _paragraph_xtcu6_10 layout-component text-serif-m layout-normal text-serif-m layout-padded\">Hele prosjektet var en test: Kan jeg stole p\u00e5 informasjon jeg f\u00e5r om fasting fra sosiale medier?<\/p>\n<p class=\"_paragraph_o9xde_4 _paragraph_xtcu6_10 layout-component text-serif-m layout-normal text-serif-m layout-padded\">Og svaret ble, som dokumentaren viser, sammensatt.<\/p>\n<p class=\"_paragraph_o9xde_4 _paragraph_xtcu6_10 layout-component text-serif-m layout-normal text-serif-m layout-padded\">Flere av Norges fremste eksperter er med i dokumentaren, og de er samstemte: <\/p>\n<p class=\"_paragraph_o9xde_4 _paragraph_xtcu6_10 layout-component text-serif-m layout-normal text-serif-m layout-padded\">Det moderne kostholdet er ekstremt, og i det lange l\u00f8p farligere enn dette fasteprosjektet.<\/p>\n<p class=\"_paragraph_o9xde_4 _paragraph_xtcu6_10 layout-component text-serif-m layout-normal text-serif-m layout-padded\">Det er absolutt verdt \u00e5 utfordre ern\u00e6ringsnormene.<\/p>\n<p class=\"_paragraph_o9xde_4 _paragraph_xtcu6_10 layout-component text-serif-m layout-normal text-serif-m layout-padded\">Jeg har f\u00e5tt mange meldinger fra folk som har \u2013 eller har hatt \u2013 spiseforstyrrelser. <\/p>\n<p class=\"_paragraph_o9xde_4 _paragraph_xtcu6_10 layout-component text-serif-m layout-normal text-serif-m layout-padded\"><strong class=\"_strong_o9xde_25\">De er glade det var jeg som gjorde dette eksperimentet. <\/strong><\/p>\n<p class=\"_paragraph_o9xde_4 _paragraph_xtcu6_10 layout-component text-serif-m layout-normal text-serif-m layout-padded\">Nettopp fordi dokumentaren er fri for romantisering av sult, fokus p\u00e5 kropp eller vekt.<\/p>\n<p class=\"_paragraph_o9xde_4 _paragraph_xtcu6_10 layout-component text-serif-m layout-normal text-serif-m layout-padded\">Man kan selvsagt mene at ingen trengte \u00e5 gj\u00f8re dette i det hele tatt.<\/p>\n<p class=\"_paragraph_o9xde_4 _paragraph_xtcu6_10 layout-component text-serif-m layout-normal text-serif-m layout-padded\">For \u00f8vrig et argument som fungerer utmerket mot all underholdning man ikke liker. <\/p>\n<p class=\"_paragraph_o9xde_4 _paragraph_xtcu6_10 layout-component text-serif-m layout-normal text-serif-m layout-padded\">Standup. Satire. TV-serier. Podkaster.<\/p>\n<p class=\"_paragraph_o9xde_4 _paragraph_xtcu6_10 layout-component text-serif-m layout-normal text-serif-m layout-padded\">Jeg skj\u00f8nner at \u00abInfluencer\u00bb har blitt en s\u00e5nn merkelapp man slenger p\u00e5 folk n\u00e5r man ikke orker \u00e5 ta diskusjonen.<\/p>\n<p class=\"_paragraph_o9xde_4 _paragraph_xtcu6_10 layout-component text-serif-m layout-normal text-serif-m layout-padded\">Vi sitter i snitt (nesten) fem timer om dagen med trynet klistret til en skjerm. <\/p>\n<p class=\"_paragraph_o9xde_4 _paragraph_xtcu6_10 layout-component text-serif-m layout-normal text-serif-m layout-padded\">Hvis vi f\u00f8rst skal kaste bort livene v\u00e5re p\u00e5 skjermtid, kan vi i det minste bruke noe av den p\u00e5 innhold som faktisk pr\u00f8ver \u00e5 stille sp\u00f8rsm\u00e5l, ikke bare gi enkle svar.<\/p>\n<p>   Dette er en kronikk. Kronikken gir uttrykk for skribentens holdning. Du kan sende inn kronikker og debattinnlegg til <a class=\"_link_jv5ak_10\" href=\"https:\/\/www.vg.no\/rampelys\/i\/6qzyOe\/mailto:debatt@vg.no\" rel=\"nofollow noopener\" target=\"_blank\">debatt@vg.no<\/a>. <\/p>\n","protected":false},"excerpt":{"rendered":"Til tross for \u00e5 bli totalslaktet av Dagfinn Nordb\u00f8, m\u00e5 jeg si at kronikken hans var artig lesing,&hellip;\n","protected":false},"author":2,"featured_media":138062,"comment_status":"","ping_status":"","sticky":false,"template":"","format":"standard","meta":{"footnotes":""},"categories":[10],"tags":[20,21,24,25,15,829,22,23,13,30,28,29,14,16,5403,26,27,103],"class_list":{"0":"post-138061","1":"post","2":"type-post","3":"status-publish","4":"format-standard","5":"has-post-thumbnail","7":"category-norge","8":"tag-breaking-news","9":"tag-breakingnews","10":"tag-featured-news","11":"tag-featurednews","12":"tag-headlines","13":"tag-influencer","14":"tag-latest-news","15":"tag-latestnews","16":"tag-news","17":"tag-no","18":"tag-norge","19":"tag-norway","20":"tag-nyheter","21":"tag-overskrifter","22":"tag-snorre-klanderud","23":"tag-top-stories","24":"tag-topstories","25":"tag-vgmeninger"},"share_on_mastodon":{"url":"https:\/\/pubeurope.com\/@no\/115898552327513252","error":""},"_links":{"self":[{"href":"https:\/\/www.europesays.com\/no\/wp-json\/wp\/v2\/posts\/138061","targetHints":{"allow":["GET"]}}],"collection":[{"href":"https:\/\/www.europesays.com\/no\/wp-json\/wp\/v2\/posts"}],"about":[{"href":"https:\/\/www.europesays.com\/no\/wp-json\/wp\/v2\/types\/post"}],"author":[{"embeddable":true,"href":"https:\/\/www.europesays.com\/no\/wp-json\/wp\/v2\/users\/2"}],"replies":[{"embeddable":true,"href":"https:\/\/www.europesays.com\/no\/wp-json\/wp\/v2\/comments?post=138061"}],"version-history":[{"count":0,"href":"https:\/\/www.europesays.com\/no\/wp-json\/wp\/v2\/posts\/138061\/revisions"}],"wp:featuredmedia":[{"embeddable":true,"href":"https:\/\/www.europesays.com\/no\/wp-json\/wp\/v2\/media\/138062"}],"wp:attachment":[{"href":"https:\/\/www.europesays.com\/no\/wp-json\/wp\/v2\/media?parent=138061"}],"wp:term":[{"taxonomy":"category","embeddable":true,"href":"https:\/\/www.europesays.com\/no\/wp-json\/wp\/v2\/categories?post=138061"},{"taxonomy":"post_tag","embeddable":true,"href":"https:\/\/www.europesays.com\/no\/wp-json\/wp\/v2\/tags?post=138061"}],"curies":[{"name":"wp","href":"https:\/\/api.w.org\/{rel}","templated":true}]}}