{"id":138068,"date":"2026-01-15T10:12:07","date_gmt":"2026-01-15T10:12:07","guid":{"rendered":"https:\/\/www.europesays.com\/no\/138068\/"},"modified":"2026-01-15T10:12:07","modified_gmt":"2026-01-15T10:12:07","slug":"real-madrid-sjokk-exit-i-copa-del-ray-en-fiasko","status":"publish","type":"post","link":"https:\/\/www.europesays.com\/no\/138068\/","title":{"rendered":"Real Madrid: sjokk-exit i Copa del Ray: \u2013 En fiasko"},"content":{"rendered":"\n<p class=\"_lead_o9xde_2 _lead_xtcu6_50 layout-component text-serif-m layout-normal text-serif-l layout-component layout-wide layout-padded _wide_17hqh_1 layout-padded\">Giganten Real Madrid r\u00f8k ut i \u00e5ttendedelsfinalen av den spanske cupen mot annendivisjonslaget Albacete. N\u00e5 hagler kritikken.<\/p>\n<p><img alt=\" Foto: Pablo Morano \/ Reuters \/ NTB\" class=\"_image_qp4xg_65 layout-component layout-wide\" data-fullscreen- data-track-element-type=\"Article image fullscreen\" data-track-name=\"ImageFullscreen\" fetchpriority=\"high\" decoding=\"sync\" loading=\"eager\" height=\"2366\" itemprop=\"image\"  src=\"https:\/\/www.europesays.com\/no\/wp-content\/uploads\/2026\/01\/ecbe855b-9c98-4610-8e4e-37739341b80f.jpeg\"  style=\"object-position:0% 0%\" width=\"3550\"\/> Foto: Pablo Morano \/ Reuters \/ NTB<\/p>\n<ul aria-hidden=\"true\" class=\"_images_ntbth_112\">\n<li><a class=\"_link_ntbth_117\" href=\"https:\/\/www.vg.no\/forfatter\/herman-kristoffersen-boerresen\" style=\"z-index:1\" title=\"Herman Kristoffersen B\u00f8rresen\" rel=\"nofollow noopener\" target=\"_blank\"><img alt=\"Bilde av Herman Kristoffersen B\u00f8rresen\" class=\"_image_ntbth_93\" fetchpriority=\"low\" loading=\"lazy\" decoding=\"async\" itemprop=\"image\"  src=\"https:\/\/www.europesays.com\/no\/wp-content\/uploads\/2026\/01\/1768471927_909_48824835-8c7c-49b5-9708-6ecdd10ff3c8.png\"  width=\"480\"\/><\/a><\/li>\n<\/ul>\n<p> Oppdatert torsdag 15. januar kl. 10:47    <\/p>\n<ul class=\"_list_o9xde_3 _list_64s2r_85 _unordered_o9xde_106 text-sans-m\">\n<li class=\"_item_o9xde_30\">Real Madrid r\u00f8k ut av Copa del Rey etter 3-2 mot andredivisjonslaget Albacete.<\/li>\n<li class=\"_item_o9xde_30\">Cup-exiten utl\u00f8ste kraftig kritikk, blant annet fra tidligere keeper Santiago Ca\u00f1izares.<\/li>\n<li class=\"_item_o9xde_30\">\u00c1lvaro Arbeloa, i sin f\u00f8rste kamp som hovedtrener, avviser \u00e5 kalle tapet en fiasko.<\/li>\n<\/ul>\n<p>Vis mer <\/p>\n<p class=\"_paragraph_o9xde_4 _paragraph_xtcu6_10 layout-component text-serif-m layout-normal text-serif-m layout-padded\">Santiago Ca\u00f1izares, keeper for Real Madrid i to perioderto perioder1988\u20131992 og 1994\u20131998., holdt ikke tilbake etter klubbens sjokkerende 2\u20133-tap mot Albacete i Copa del Rey.<\/p>\n<p class=\"_paragraph_o9xde_4 _paragraph_xtcu6_10 layout-component text-serif-m layout-normal text-serif-m layout-padded\">De ligger p\u00e5 17. plass i Segunda Divisi\u00f3n, liganiv\u00e5 to i Spania.<\/p>\n<p class=\"_paragraph_o9xde_4 _paragraph_xtcu6_10 layout-component text-serif-m layout-normal text-serif-m layout-padded\">Oppgj\u00f8ret var vikar \u00c1lvaro Arbeloas f\u00f8rste kamp som hovedtrener. Han overtok Real Madrid-jobben da Xabi Alonso ble sparket <a href=\"https:\/\/www.vg.no\/sport\/i\/lnEMMM\/xabi-alonso-ferdig-som-real-madrid-trener\" data-track-element-type=\"Link\" data-track-id=\"link:lnEMMM\" class=\"_link_o9xde_39\" rel=\"nofollow noopener\" target=\"_blank\">mandag kveld<\/a>.<\/p>\n<p class=\"_paragraph_o9xde_4 _paragraph_xtcu6_10 layout-component text-serif-m layout-normal text-serif-m layout-padded\">\u2013 Selv om Arbeloa ikke vil si det, er det en total fiasko at Real Madrid blir sl\u00e5tt ut, sa Ca\u00f1izares i radioprogrammet \u00abEl Partidazo\u00bb p\u00e5 Cadena Cope, <a href=\"https:\/\/www.marca.com\/futbol\/real-madrid\/2026\/01\/15\/canizares-anestesia-habla-esperpento-madrid-dice-palabra-arbeloa-evita-nombrar.html\" class=\"_link_o9xde_39\" rel=\"nofollow noopener\" target=\"_blank\">if\u00f8lge Marca.<\/a><\/p>\n<p class=\"_paragraph_o9xde_4 _paragraph_xtcu6_10 layout-component text-serif-m layout-normal text-serif-m layout-padded\">\u2013 Det som skjedde i dag er absurd. Hele h\u00e5ndteringen denne uken er absurd, fortsatte han.<\/p>\n<p class=\"_paragraph_o9xde_4 _paragraph_xtcu6_10 layout-component text-serif-m layout-normal text-serif-m layout-padded\">Etter tapet \u00f8nsket ikke den ferske Real Madrid-treneren \u00e5 stemple cup-exiten som en fiasko.<\/p>\n<p class=\"_paragraph_o9xde_4 _paragraph_xtcu6_10 layout-component text-serif-m layout-normal text-serif-m layout-padded\">\u2013 Fiasko? Jeg forst\u00e5r at noen vil bruke det ordet. Men hvis det er \u00e9n ting jeg har l\u00e6rt, er det at tap er en del av veien mot suksess, sa \u00c1lvaro Arbeloa.<\/p>\n","protected":false},"excerpt":{"rendered":"Giganten Real Madrid r\u00f8k ut i \u00e5ttendedelsfinalen av den spanske cupen mot annendivisjonslaget Albacete. N\u00e5 hagler kritikken. Foto:&hellip;\n","protected":false},"author":2,"featured_media":138069,"comment_status":"","ping_status":"","sticky":false,"template":"","format":"standard","meta":{"footnotes":""},"categories":[5],"tags":[20,21,24,25,15,19,22,23,17,18,13,30,28,29,14,16,5130,26,27],"class_list":{"0":"post-138068","1":"post","2":"type-post","3":"status-publish","4":"format-standard","5":"has-post-thumbnail","7":"category-overskrifter","8":"tag-breaking-news","9":"tag-breakingnews","10":"tag-featured-news","11":"tag-featurednews","12":"tag-headlines","13":"tag-hovedoppslag","14":"tag-latest-news","15":"tag-latestnews","16":"tag-main-news","17":"tag-mainnews","18":"tag-news","19":"tag-no","20":"tag-norge","21":"tag-norway","22":"tag-nyheter","23":"tag-overskrifter","24":"tag-real-madrid","25":"tag-top-stories","26":"tag-topstories"},"share_on_mastodon":{"url":"https:\/\/pubeurope.com\/@no\/115898583816161020","error":""},"_links":{"self":[{"href":"https:\/\/www.europesays.com\/no\/wp-json\/wp\/v2\/posts\/138068","targetHints":{"allow":["GET"]}}],"collection":[{"href":"https:\/\/www.europesays.com\/no\/wp-json\/wp\/v2\/posts"}],"about":[{"href":"https:\/\/www.europesays.com\/no\/wp-json\/wp\/v2\/types\/post"}],"author":[{"embeddable":true,"href":"https:\/\/www.europesays.com\/no\/wp-json\/wp\/v2\/users\/2"}],"replies":[{"embeddable":true,"href":"https:\/\/www.europesays.com\/no\/wp-json\/wp\/v2\/comments?post=138068"}],"version-history":[{"count":0,"href":"https:\/\/www.europesays.com\/no\/wp-json\/wp\/v2\/posts\/138068\/revisions"}],"wp:featuredmedia":[{"embeddable":true,"href":"https:\/\/www.europesays.com\/no\/wp-json\/wp\/v2\/media\/138069"}],"wp:attachment":[{"href":"https:\/\/www.europesays.com\/no\/wp-json\/wp\/v2\/media?parent=138068"}],"wp:term":[{"taxonomy":"category","embeddable":true,"href":"https:\/\/www.europesays.com\/no\/wp-json\/wp\/v2\/categories?post=138068"},{"taxonomy":"post_tag","embeddable":true,"href":"https:\/\/www.europesays.com\/no\/wp-json\/wp\/v2\/tags?post=138068"}],"curies":[{"name":"wp","href":"https:\/\/api.w.org\/{rel}","templated":true}]}}