{"id":138072,"date":"2026-01-15T10:17:07","date_gmt":"2026-01-15T10:17:07","guid":{"rendered":"https:\/\/www.europesays.com\/no\/138072\/"},"modified":"2026-01-15T10:17:07","modified_gmt":"2026-01-15T10:17:07","slug":"usas-ambisjon-om-a-overta-gronland-bestar","status":"publish","type":"post","link":"https:\/\/www.europesays.com\/no\/138072\/","title":{"rendered":"USAs ambisjon om \u00e5 overta Gr\u00f8nland best\u00e5r"},"content":{"rendered":"<p class=\"extendedContent hyperion-css-eyn926\" data-test-tag=\"lead-text\">Det var ikke et lett m\u00f8te med Marco Rubio og J. D. Vance, sier Danmarks statsminister Mette Frederiksen.<\/p>\n<p><img decoding=\"async\" class=\"image-asset hyperion-css-u06ts1\" data-test-tag=\"image-asset\" src=\"https:\/\/www.europesays.com\/no\/wp-content\/uploads\/2026\/01\/2b0bb7d9-e25f-4393-a5e5-59ccab3342bf.jpeg\"  alt=\"Mette Frederiksen under en pressekonferanse tidligere denne uken.\"  loading=\"eager\" fetchpriority=\"high\" style=\"aspect-ratio:2048 \/ 1365\"\/>Mette Frederiksen under en pressekonferanse tidligere denne uken. Foto: Liselotte Sabroe \/ Reuters \/ NTB<\/p>\n<p class=\"paywall hyperion-css-1j42uic\">\u2013 Den amerikanske ambisjonen om \u00e5 overta Gr\u00f8nland best\u00e5r. Det er \u00e5penbart alvorlig, og derfor vil vi fortsette v\u00e5r innsats for \u00e5 forhindre at det scenariet blir en realitet, skriver Frederiksen i en uttalelse, if\u00f8lge danske <a aria-label=\"TV2\" class=\"breaking-short hyperion-css-1raymq9\" href=\"https:\/\/nyheder.tv2.dk\/live\/2025-01-06-kampen-om-groenlands-fremtid\" target=\"_blank\" rel=\"noopener nofollow noreferrer\" data-test-tag=\"external-link\">TV2<\/a>.<\/p>\n<p class=\"paywall hyperion-css-1j42uic\">Danmarks utenriksminister Lars L\u00f8kke Rasmussen og Gr\u00f8nlands utenriksminister Vivian Motzfeldt m\u00f8tte onsdag USAs visepresident J.D. Vance og utenriksminister Marco Rubio i Washington.<\/p>\n<p class=\"paywall hyperion-css-1j42uic\">\u2013 Det var ikke et lett m\u00f8te, sier Frederiksen.<\/p>\n<p class=\"paywall hyperion-css-1j42uic\">Det er fortsatt en \u00abgrunnleggende uenighet\u00bb mellom partene, sier hun.<\/p>\n<p class=\"paywall hyperion-css-1j42uic\">USAs ambisjoner om \u00e5 overta Gr\u00f8nland er \u00ab\u00e5penbart alvorlig\u00bb, mener Frederiksen.<\/p>\n<p class=\"paywall hyperion-css-1j42uic\">\u2013 Derfor vil vi fortsette v\u00e5r innsats for \u00e5 forhindre at det scenariet blir en realitet.<\/p>\n","protected":false},"excerpt":{"rendered":"Det var ikke et lett m\u00f8te med Marco Rubio og J. D. Vance, sier Danmarks statsminister Mette Frederiksen.&hellip;\n","protected":false},"author":2,"featured_media":138073,"comment_status":"","ping_status":"","sticky":false,"template":"","format":"standard","meta":{"footnotes":""},"categories":[12],"tags":[20,21,24,25,15,22,23,13,30,28,29,14,16,26,27,42,43,44,45],"class_list":{"0":"post-138072","1":"post","2":"type-post","3":"status-publish","4":"format-standard","5":"has-post-thumbnail","7":"category-verden","8":"tag-breaking-news","9":"tag-breakingnews","10":"tag-featured-news","11":"tag-featurednews","12":"tag-headlines","13":"tag-latest-news","14":"tag-latestnews","15":"tag-news","16":"tag-no","17":"tag-norge","18":"tag-norway","19":"tag-nyheter","20":"tag-overskrifter","21":"tag-top-stories","22":"tag-topstories","23":"tag-verden","24":"tag-world","25":"tag-world-news","26":"tag-worldnews"},"share_on_mastodon":{"url":"https:\/\/pubeurope.com\/@no\/115898603534812435","error":""},"_links":{"self":[{"href":"https:\/\/www.europesays.com\/no\/wp-json\/wp\/v2\/posts\/138072","targetHints":{"allow":["GET"]}}],"collection":[{"href":"https:\/\/www.europesays.com\/no\/wp-json\/wp\/v2\/posts"}],"about":[{"href":"https:\/\/www.europesays.com\/no\/wp-json\/wp\/v2\/types\/post"}],"author":[{"embeddable":true,"href":"https:\/\/www.europesays.com\/no\/wp-json\/wp\/v2\/users\/2"}],"replies":[{"embeddable":true,"href":"https:\/\/www.europesays.com\/no\/wp-json\/wp\/v2\/comments?post=138072"}],"version-history":[{"count":0,"href":"https:\/\/www.europesays.com\/no\/wp-json\/wp\/v2\/posts\/138072\/revisions"}],"wp:featuredmedia":[{"embeddable":true,"href":"https:\/\/www.europesays.com\/no\/wp-json\/wp\/v2\/media\/138073"}],"wp:attachment":[{"href":"https:\/\/www.europesays.com\/no\/wp-json\/wp\/v2\/media?parent=138072"}],"wp:term":[{"taxonomy":"category","embeddable":true,"href":"https:\/\/www.europesays.com\/no\/wp-json\/wp\/v2\/categories?post=138072"},{"taxonomy":"post_tag","embeddable":true,"href":"https:\/\/www.europesays.com\/no\/wp-json\/wp\/v2\/tags?post=138072"}],"curies":[{"name":"wp","href":"https:\/\/api.w.org\/{rel}","templated":true}]}}