{"id":138082,"date":"2026-01-15T10:24:09","date_gmt":"2026-01-15T10:24:09","guid":{"rendered":"https:\/\/www.europesays.com\/no\/138082\/"},"modified":"2026-01-15T10:24:09","modified_gmt":"2026-01-15T10:24:09","slug":"iran-storbritannia-rykter-om-usa-angrep-i-iran-storbritannias-ambassade-i-teheran-stenges","status":"publish","type":"post","link":"https:\/\/www.europesays.com\/no\/138082\/","title":{"rendered":"Iran, Storbritannia | Rykter om USA-angrep i Iran: Storbritannias ambassade i Teheran stenges"},"content":{"rendered":"\n<p><a href=\"https:\/\/www.politico.eu\/article\/uk-ambassador-iran-evacuation-embassy-foreign-office\/?reg-wall=true\" rel=\"Follow nofollow noopener\" target=\"_blank\">Politico<\/a> og <a href=\"https:\/\/www.reuters.com\/world\/middle-east\/britain-temporarily-closes-embassy-tehran-politico-reports-2026-01-14\/\" rel=\"Follow nofollow noopener\" target=\"_blank\">Reuters<\/a> erfarer at Storbritannia tar grep etter de voldsomme urolighetene i landet, men ogs\u00e5 fordi USAs president Donald Trump har hintet om et angrep rettet mot regimet i landet.<\/p>\n<p>\u2013 Vi har midlertidig stengt den britiske ambassaden i Teheran. Den vil n\u00e5 operere eksternt. Utenriksdepartementets reiser\u00e5d er n\u00e5 oppdatert for \u00e5 gjenspeile denne konsul\u00e6re endringen, sier en talsperson for det britiske utenriksdepartementet, if\u00f8lge Politico.<\/p>\n<p><b>Les ogs\u00e5:<\/b> <a href=\"https:\/\/www.nettavisen.no\/nyheter\/grufulle-opplysninger-fra-iran-sarede-blir-skutt-i-hodet\/s\/5-95-2825377\" rel=\"Follow nofollow noopener\" target=\"_blank\">Grufulle opplysninger: \u2013 S\u00e5rede blir skutt i hodet<\/a><\/p>\n<p>Talspersonen legger til at alle ansatte har blitt evakuert ut av den iranske hovedstaden<\/p>\n<p>Storbritannias grep kommer etter at tusenvis har blitt drept av det iranske regimet, og hvor Trump har ved flere anledninger uttalt seg om at et amerikansk angrep kan skje n\u00e5r som helst.<\/p>\n<p>USA har allerede trukket ut milit\u00e6rpersonell fra Al-Udeid-basen i Qatar, p\u00e5 grunn av trusler fra det iranske regimet om angrep mot amerikanske baser i regionen.<\/p>\n<p><b>Les ogs\u00e5:<\/b> <a href=\"https:\/\/www.nettavisen.no\/nyheter\/henrettelse-av-protestleder-i-iran-stanset\/s\/5-95-2825854\" rel=\"Follow nofollow noopener\" target=\"_blank\">Henrettelse av protestleder i Iran stanset<\/a><\/p>\n<p>Onsdag kveld opplyste <a href=\"https:\/\/www.reuters.com\/world\/middle-east\/dozens-ships-anchor-outside-irans-ports-us-tensions-rise-2026-01-14\/\" rel=\"Follow nofollow noopener\" target=\"_blank\">Reuters<\/a> at dusinvis av skip har ankret opp utenfor Irans havner som et \u00abforsiktighetstiltak\u00bb p\u00e5 grunn av spenningen og de p\u00e5g\u00e5ende protestene i landet.<\/p>\n<p>\u2013 Dette skyldes sv\u00e6rt sannsynlig beskyttelsestiltak som iverksettes i forhold til de p\u00e5g\u00e5ende politiske spenningene i regionen. Skip som ferdes i dette omr\u00e5det kan bli p\u00e5virket, skriver USAs marine i et notat, if\u00f8lge Reuters.<\/p>\n","protected":false},"excerpt":{"rendered":"Politico og Reuters erfarer at Storbritannia tar grep etter de voldsomme urolighetene i landet, men ogs\u00e5 fordi USAs&hellip;\n","protected":false},"author":2,"featured_media":138083,"comment_status":"","ping_status":"","sticky":false,"template":"","format":"standard","meta":{"footnotes":""},"categories":[12],"tags":[20,21,24,25,15,22,23,13,30,28,29,14,16,26,27,42,43,44,45],"class_list":{"0":"post-138082","1":"post","2":"type-post","3":"status-publish","4":"format-standard","5":"has-post-thumbnail","7":"category-verden","8":"tag-breaking-news","9":"tag-breakingnews","10":"tag-featured-news","11":"tag-featurednews","12":"tag-headlines","13":"tag-latest-news","14":"tag-latestnews","15":"tag-news","16":"tag-no","17":"tag-norge","18":"tag-norway","19":"tag-nyheter","20":"tag-overskrifter","21":"tag-top-stories","22":"tag-topstories","23":"tag-verden","24":"tag-world","25":"tag-world-news","26":"tag-worldnews"},"share_on_mastodon":{"url":"https:\/\/pubeurope.com\/@no\/115898631132683133","error":""},"_links":{"self":[{"href":"https:\/\/www.europesays.com\/no\/wp-json\/wp\/v2\/posts\/138082","targetHints":{"allow":["GET"]}}],"collection":[{"href":"https:\/\/www.europesays.com\/no\/wp-json\/wp\/v2\/posts"}],"about":[{"href":"https:\/\/www.europesays.com\/no\/wp-json\/wp\/v2\/types\/post"}],"author":[{"embeddable":true,"href":"https:\/\/www.europesays.com\/no\/wp-json\/wp\/v2\/users\/2"}],"replies":[{"embeddable":true,"href":"https:\/\/www.europesays.com\/no\/wp-json\/wp\/v2\/comments?post=138082"}],"version-history":[{"count":0,"href":"https:\/\/www.europesays.com\/no\/wp-json\/wp\/v2\/posts\/138082\/revisions"}],"wp:featuredmedia":[{"embeddable":true,"href":"https:\/\/www.europesays.com\/no\/wp-json\/wp\/v2\/media\/138083"}],"wp:attachment":[{"href":"https:\/\/www.europesays.com\/no\/wp-json\/wp\/v2\/media?parent=138082"}],"wp:term":[{"taxonomy":"category","embeddable":true,"href":"https:\/\/www.europesays.com\/no\/wp-json\/wp\/v2\/categories?post=138082"},{"taxonomy":"post_tag","embeddable":true,"href":"https:\/\/www.europesays.com\/no\/wp-json\/wp\/v2\/tags?post=138082"}],"curies":[{"name":"wp","href":"https:\/\/api.w.org\/{rel}","templated":true}]}}