{"id":138084,"date":"2026-01-15T10:25:12","date_gmt":"2026-01-15T10:25:12","guid":{"rendered":"https:\/\/www.europesays.com\/no\/138084\/"},"modified":"2026-01-15T10:25:12","modified_gmt":"2026-01-15T10:25:12","slug":"vefsn-grane-museumsdirektoren-gar-av-endring-i-ledelsen-er-hensiktsmessig-for-den-videre-utviklingen","status":"publish","type":"post","link":"https:\/\/www.europesays.com\/no\/138084\/","title":{"rendered":"Vefsn, Grane | Museumsdirekt\u00f8ren g\u00e5r av: \u2013 Endring i ledelsen er hensiktsmessig for den videre utviklingen"},"content":{"rendered":"\n<p>\u2013 Direkt\u00f8ren fratrer sin stilling med virkning fra 30.04.2026, men blir fritatt fra arbeidsplikt fra 19.01.2026. Beslutningen er tatt i fellesskap og skjer som ledd i en videre utvikling av virksomheten, skriver styreleder Magnar Solbakk i en pressemelding.<\/p>\n<p>Janicke Kernland ble ansatt som direkt\u00f8r i 2019. Hun kom da fra stillingen som fagsjef ved Helgeland Museum.<\/p>\n<p>\u2013 Styret vil rette en takk til direkt\u00f8ren for betydelige bidrag og solid innsats for Helgeland Museum, uttaler Solbakk.<\/p>\n<p>Helgeland Museum tilstedev\u00e6relse i alle 18 kommunene p\u00e5 Helgeland.<\/p>\n<p>\u2013 Museumssamarbeidet er en krevende suksesshistorie, i over 20 \u00e5r. Det er krevende \u00e5 balansere mellom mangfold av lokale fagoppgaver og samarbeid \u2013 og samtidig ivareta viktige fellesoppgaver. Museet dr\u00f8fter n\u00e5 hvordan vi kan organisere og styrke det faglige samarbeidet mellom dyktige ansatte, sier Solbakk.<\/p>\n<p>Han mener kommunene p\u00e5 Helgeland har hatt ambisjoner og overoppfylt sin del av finansieringen.<\/p>\n<p>\u2013 I fellesskap m\u00e5 vi f\u00e5 stat og fylke opp p\u00e5 samme niv\u00e5. Samtidig m\u00e5 prioriteringer dr\u00f8ftes p\u00e5 nytt. De ansattes samarbeid med historielag og andre lokalhistoriske interesser er en viktig suksessfaktor. I dialog mellom styret og direkt\u00f8r ble vi enig om, at en endring i ledelsen er hensiktsmessig for den videre utvikling av Helgeland Museum, avslutter han.<\/p>\n<p>  <a href=\"https:\/\/www.helg.no\/5-24-1118683\" class=\"related-teaser has-image default-story-teaser article--c-eRUmMG article--c-eRUmMG-jKCPdD-design-default\" wp_automatic_readability=\"1\" rel=\"nofollow noopener\" target=\"_blank\"><\/p>\n<p>    For abonnenter<\/p>\n<p>    <img decoding=\"async\" loading=\"lazy\"  src=\"https:\/\/www.europesays.com\/no\/wp-content\/uploads\/2026\/01\/Hattfj+museum.jpg\" alt=\"\" class=\"brick-c-cFOWSL\" style=\"\"\/><\/p>\n<p>\n            Les ogs\u00e5<\/p>\n<p>  Kommunen er misforn\u00f8yd med samarbeidet &#8211; n\u00e5 settes ansettelse p\u00e5 vent <\/p>\n<p>  <\/a><\/p>\n<p>  <a href=\"https:\/\/www.helg.no\/5-24-1115118\" class=\"related-teaser has-image default-story-teaser article--c-eRUmMG article--c-eRUmMG-jKCPdD-design-default\" wp_automatic_readability=\"1.5\" rel=\"nofollow noopener\" target=\"_blank\"><\/p>\n<p>    For abonnenter<\/p>\n<p>    <img decoding=\"async\" loading=\"lazy\"  src=\"https:\/\/www.europesays.com\/no\/wp-content\/uploads\/2026\/01\/LJN-1.jpg\" alt=\"\" class=\"brick-c-cFOWSL\" style=\"\"\/><\/p>\n<p>\n            Les ogs\u00e5<\/p>\n<p>  Nok en gang er denne stillingen utlyst \u2013 Kjell Vidar har nemlig f\u00e5tt dr\u00f8mmejobben et annet sted<\/p>\n<p>  <\/a><\/p>\n<p>  <a href=\"https:\/\/www.helg.no\/5-24-1002013\" class=\"related-teaser has-image default-story-teaser article--c-eRUmMG article--c-eRUmMG-jKCPdD-design-default\" wp_automatic_readability=\"1.5\" rel=\"nofollow noopener\" target=\"_blank\"><\/p>\n<p>    For abonnenter<\/p>\n<p>    <img decoding=\"async\" loading=\"lazy\"  src=\"https:\/\/www.europesays.com\/no\/wp-content\/uploads\/2026\/01\/JCN_0166-3.jpg\" alt=\"\" class=\"brick-c-cFOWSL\" style=\"\"\/><\/p>\n<p>\n            Les ogs\u00e5<\/p>\n<p>  Ansatt har saks\u00f8kt Helgeland museum etter oppsigelse: \u2013 Det er ingen som \u00f8nsker \u00e5 ta ut s\u00f8ksm\u00e5l mot arbeidsgiveren sin<\/p>\n<p>  <\/a><\/p>\n<p>  <a href=\"https:\/\/www.helg.no\/5-24-867515\" class=\"related-teaser has-image default-story-teaser article--c-eRUmMG article--c-eRUmMG-jKCPdD-design-default\" wp_automatic_readability=\"1.5\" rel=\"nofollow noopener\" target=\"_blank\"><\/p>\n<p>    For abonnenter<\/p>\n<p>    <img decoding=\"async\" loading=\"lazy\"  src=\"https:\/\/www.europesays.com\/no\/wp-content\/uploads\/2026\/01\/Janicke+Kernland+1.jpg\" alt=\"\" class=\"brick-c-cFOWSL\" style=\"\"\/><\/p>\n<p>\n            Les ogs\u00e5<\/p>\n<p>  Direkt\u00f8ren svarer p\u00e5 anklager om d\u00e5rlig arbeidsmilj\u00f8: \u2013 Vi bygger en organisasjon som skal t\u00e5le at folk slutter<\/p>\n<p>  <\/a><\/p>\n","protected":false},"excerpt":{"rendered":"\u2013 Direkt\u00f8ren fratrer sin stilling med virkning fra 30.04.2026, men blir fritatt fra arbeidsplikt fra 19.01.2026. Beslutningen er&hellip;\n","protected":false},"author":2,"featured_media":138085,"comment_status":"","ping_status":"","sticky":false,"template":"","format":"standard","meta":{"footnotes":""},"categories":[10],"tags":[36,20,21,24,25,2450,197,15,15769,410,22,23,2688,13,30,28,29,14,16,1953,1510,26,27,1203],"class_list":{"0":"post-138084","1":"post","2":"type-post","3":"status-publish","4":"format-standard","5":"has-post-thumbnail","7":"category-norge","8":"tag-art","9":"tag-breaking-news","10":"tag-breakingnews","11":"tag-featured-news","12":"tag-featurednews","13":"tag-grane","14":"tag-hattfjelldal","15":"tag-headlines","16":"tag-helgeland-museum","17":"tag-kultur","18":"tag-latest-news","19":"tag-latestnews","20":"tag-leirfjord","21":"tag-news","22":"tag-no","23":"tag-norge","24":"tag-norway","25":"tag-nyheter","26":"tag-overskrifter","27":"tag-sandnessjoen","28":"tag-story","29":"tag-top-stories","30":"tag-topstories","31":"tag-vefsn"},"share_on_mastodon":{"url":"https:\/\/pubeurope.com\/@no\/115898635017412918","error":""},"_links":{"self":[{"href":"https:\/\/www.europesays.com\/no\/wp-json\/wp\/v2\/posts\/138084","targetHints":{"allow":["GET"]}}],"collection":[{"href":"https:\/\/www.europesays.com\/no\/wp-json\/wp\/v2\/posts"}],"about":[{"href":"https:\/\/www.europesays.com\/no\/wp-json\/wp\/v2\/types\/post"}],"author":[{"embeddable":true,"href":"https:\/\/www.europesays.com\/no\/wp-json\/wp\/v2\/users\/2"}],"replies":[{"embeddable":true,"href":"https:\/\/www.europesays.com\/no\/wp-json\/wp\/v2\/comments?post=138084"}],"version-history":[{"count":0,"href":"https:\/\/www.europesays.com\/no\/wp-json\/wp\/v2\/posts\/138084\/revisions"}],"wp:featuredmedia":[{"embeddable":true,"href":"https:\/\/www.europesays.com\/no\/wp-json\/wp\/v2\/media\/138085"}],"wp:attachment":[{"href":"https:\/\/www.europesays.com\/no\/wp-json\/wp\/v2\/media?parent=138084"}],"wp:term":[{"taxonomy":"category","embeddable":true,"href":"https:\/\/www.europesays.com\/no\/wp-json\/wp\/v2\/categories?post=138084"},{"taxonomy":"post_tag","embeddable":true,"href":"https:\/\/www.europesays.com\/no\/wp-json\/wp\/v2\/tags?post=138084"}],"curies":[{"name":"wp","href":"https:\/\/api.w.org\/{rel}","templated":true}]}}