{"id":138094,"date":"2026-01-15T10:34:09","date_gmt":"2026-01-15T10:34:09","guid":{"rendered":"https:\/\/www.europesays.com\/no\/138094\/"},"modified":"2026-01-15T10:34:09","modified_gmt":"2026-01-15T10:34:09","slug":"det-er-verre-i-skyttergravene","status":"publish","type":"post","link":"https:\/\/www.europesays.com\/no\/138094\/","title":{"rendered":"Det er verre i skyttergravene"},"content":{"rendered":"\n<p class=\"_paragraph_o9xde_4 _paragraph_xtcu6_10 layout-component text-serif-m layout-normal text-serif-m layout-padded\">\u201cMot er i DNAet v\u00e5rt\u201d st\u00e5r det p\u00e5 en plakat p\u00e5 toget. Jeg tror p\u00e5 at det er i ukrainerne sitt.<\/p>\n<p class=\"_paragraph_o9xde_4 _paragraph_xtcu6_10 layout-component text-serif-m layout-normal text-serif-m layout-padded\">Det krever mot \u00e5 leve i den hverdagen de har her n\u00e5. De russiske angrepene terroriserer befolkningen. Jeg h\u00e5per vi nordmenn ogs\u00e5 har det i oss, hvis vi trenger det en dag. <\/p>\n<p class=\"_paragraph_o9xde_4 _paragraph_xtcu6_10 layout-component text-serif-m layout-normal text-serif-m layout-padded\">Ludmyla (71) sitter stille med lukkede \u00f8yne n\u00e5r vi kommer inn i det varme teltet. N\u00e5r hun f\u00f8rst begynner \u00e5 snakke, er det jeg som blir stille.<\/p>\n<p class=\"_paragraph_o9xde_4 _paragraph_xtcu6_10 layout-component text-serif-m layout-normal text-serif-m layout-padded\">Hun har flyktet fra Myrnohrad, rett ved Pokrovsk, langt \u00f8st. Leiligheten der er fullstendig utbombet. F\u00f8rst dro hun til USA, men valgte \u00e5 dra hjem.<\/p>\n<p><img alt=\"Ludmyla viste oss bilder av det \u00f8delagte nabolaget i Myrnohrad.   Foto: Privat\" class=\"_image_qp4xg_65 layout-component layout-normal\" data-fullscreen- data-track-element-type=\"Article image fullscreen\" data-track-name=\"ImageFullscreen\" decoding=\"async\" loading=\"lazy\" height=\"866\" itemprop=\"image\"  src=\"https:\/\/www.europesays.com\/no\/wp-content\/uploads\/2026\/01\/82bd0b17-0913-4cdf-b818-bef9c98e2d22.png\"  style=\"object-position:0% 0%\" width=\"960\"\/>Ludmyla viste oss bilder av det \u00f8delagte nabolaget i Myrnohrad.   Foto: Privat<\/p>\n<p class=\"_paragraph_o9xde_4 _paragraph_xtcu6_10 layout-component text-serif-m layout-normal text-serif-m layout-padded\">\u201cJeg kan ikke v\u00e6re uten Ukraina\u201d, sier hun. Dessuten er s\u00f8nnen hennes her.<\/p>\n<p class=\"_paragraph_o9xde_4 _paragraph_xtcu6_10 layout-component text-serif-m layout-normal text-serif-m layout-padded\">Han var blant soldatene som ble omringet av russerne ved st\u00e5lverket Azovstal i Mariupol, forteller hun. Han mistet et ben i kampene og ble tatt til fange.<\/p>\n<p class=\"_paragraph_o9xde_4 _paragraph_xtcu6_10 layout-component text-serif-m layout-normal text-serif-m layout-padded\">Ludmyla stod p\u00e5 Maidanplassen med plakater og demonstrerte for \u00e5 f\u00e5 han og de andre soldatene sluppet fri. Og det ble han.<\/p>\n<p class=\"_paragraph_o9xde_4 _paragraph_xtcu6_10 layout-component text-serif-m layout-normal text-serif-m layout-padded\">Siden har han giftet seg og f\u00e5tt et barn.<\/p>\n<p><img alt=\"Ludmylas s\u00f8nn mistet det ene benet i kampene i Mariupol. Her er han med s\u00f8nnen han fikk etter at han slapp ut av russisk fangenskap.   Foto: Privat\" class=\"_image_qp4xg_65 layout-component layout-normal\" data-fullscreen- data-track-element-type=\"Article image fullscreen\" data-track-name=\"ImageFullscreen\" decoding=\"async\" loading=\"lazy\" height=\"1094\" itemprop=\"image\"  src=\"https:\/\/www.europesays.com\/no\/wp-content\/uploads\/2026\/01\/a9622c03-58db-457b-bf6e-4505202498bd.jpeg\"  style=\"object-position:0% 0%\" width=\"1046\"\/>Ludmylas s\u00f8nn mistet det ene benet i kampene i Mariupol. Her er han med s\u00f8nnen han fikk etter at han slapp ut av russisk fangenskap.   Foto: Privat<\/p>\n<p class=\"_paragraph_o9xde_4 _paragraph_xtcu6_10 layout-component text-serif-m layout-normal text-serif-m layout-padded\">N\u00e5 bor hun p\u00e5 \u00f8stsiden i Kyiv, et av omr\u00e5dene som er mest utsatt for russiske angrep. Hun har ikke hatt str\u00f8m i leiligheten p\u00e5 fire dager, og det er n\u00e5 under ti grader der.<\/p>\n<p class=\"_paragraph_o9xde_4 _paragraph_xtcu6_10 layout-component text-serif-m layout-normal text-serif-m layout-padded\">Hvordan klarer dere \u00e5 holde ut, sp\u00f8r jeg. Svaret er kontant: \u00abGuttene v\u00e5re i skyttergravene har det verre.\u00bb<\/p>\n<p class=\"_paragraph_o9xde_4 _paragraph_xtcu6_10 layout-component text-serif-m layout-normal text-serif-m layout-padded\">Ingen av kvinnene jeg m\u00f8ter i dette varmeteltet klager. Ikke et kny. De vet at de som jobber med \u00e5 f\u00e5 str\u00f8mnettet opp igjen har en t\u00f8ff jobb. De har h\u00f8rt at de m\u00e5 tine opp hver cm med kabel. \u00abS\u00e5 vi kan vente.\u00bb<\/p>\n<p class=\"_paragraph_o9xde_4 _paragraph_xtcu6_10 layout-component text-serif-m layout-normal text-serif-m layout-padded\">De har ogs\u00e5 noen tips og triks fra Sovjet-tiden p\u00e5 lur. Som \u00e5 varme opp store steiner p\u00e5 gasskomfyren. De holder godt p\u00e5 varmen og s\u00f8rger for litt lunk i leilighetene.<\/p>\n<p class=\"_paragraph_o9xde_4 _paragraph_xtcu6_10 layout-component text-serif-m layout-normal text-serif-m layout-padded\">Jeg pr\u00f8ver forsiktig \u00e5 utfordre dem litt. Dere peker hele tiden p\u00e5 at noen andre har det verre enn dere, sier jeg. Men det virker \u00e6rlig talt vanskelig \u00e5 leve uten str\u00f8m og varme i blokkleilighetene n\u00e5r det er -14 ute.  <\/p>\n<p class=\"_paragraph_o9xde_4 _paragraph_xtcu6_10 layout-component text-serif-m layout-normal text-serif-m layout-padded\">De vil ikke h\u00f8re noe av det. <\/p>\n<p><img alt=\"Kyiv er m\u00f8rklagt i kulden. Russiske angrep har sl\u00e5tt ut str\u00f8mforsyningen.   Foto: Espen Rasmussen\" class=\"_image_qp4xg_65 layout-component layout-normal\" data-fullscreen- data-track-element-type=\"Article image fullscreen\" data-track-name=\"ImageFullscreen\" decoding=\"async\" loading=\"lazy\" height=\"6288\" itemprop=\"image\"  src=\"https:\/\/www.europesays.com\/no\/wp-content\/uploads\/2026\/01\/f1e84ed7-e279-4890-9d83-cc1df8b37629.png\"  style=\"object-position:0% 0%\" width=\"6286\"\/>Kyiv er m\u00f8rklagt i kulden. Russiske angrep har sl\u00e5tt ut str\u00f8mforsyningen.   Foto: Espen Rasmussen<\/p>\n<p class=\"_paragraph_o9xde_4 _paragraph_xtcu6_10 layout-component text-serif-m layout-normal text-serif-m layout-padded\">De vil heller fortelle om hvordan de st\u00f8tter hverandre. De har alle opplevd \u00e5 m\u00e5tte flykte. De har blitt m\u00f8tt av nye naboer som ga dem mat og annet de manglet.<\/p>\n<p class=\"_paragraph_o9xde_4 _paragraph_xtcu6_10 layout-component text-serif-m layout-normal text-serif-m layout-padded\">Det er som om dette er deres motstandskamp. \u00c5 t\u00e5le det som kommer. De knekker ikke.<\/p>\n<p class=\"_paragraph_o9xde_4 _paragraph_xtcu6_10 layout-component text-serif-m layout-normal text-serif-m layout-padded\">Mangelen p\u00e5 str\u00f8m som skaper den akutte krisen n\u00e5. Angrepene p\u00e5 kraftstasjoner er hyppige. N\u00e5r skadene etter ett angrep er reparert, kommer det neste.<\/p>\n<p class=\"_paragraph_o9xde_4 _paragraph_xtcu6_10 layout-component text-serif-m layout-normal text-serif-m layout-padded\">Samholdet og kulturen for \u00e5 finne l\u00f8sninger, uten myndighetenes hjelp, er en vanvittig styrke i Ukraina. De er vant til at staten ikke kan l\u00f8se alle problemen for dem. De som har str\u00f8m, inviterer venner og familie til \u00e5 bo hos seg.<\/p>\n<p class=\"_paragraph_o9xde_4 _paragraph_xtcu6_10 layout-component text-serif-m layout-normal text-serif-m layout-padded\">Ukrainerne er s\u00e5 sterke og sta i m\u00f8te med fullstendig inhumane angrep. Men om flere velger \u00e5 forlate landet n\u00e5, er jeg ikke overrasket. Det er meldt under 20 grader n\u00e5. <\/p>\n<p><img alt=\"VG m\u00f8tte Ludmyla i et varmetelt p\u00e5 \u00f8stsiden av Kyiv. Hit kom hun og andre i nabolaget for \u00e5 f\u00e5 varme seg, ta en kopp te og lade mobilen.   Foto: Espen Rasmussen\" class=\"_image_qp4xg_65 layout-component layout-normal\" data-fullscreen- data-track-element-type=\"Article image fullscreen\" data-track-name=\"ImageFullscreen\" decoding=\"async\" loading=\"lazy\" height=\"5872\" itemprop=\"image\"  src=\"https:\/\/www.europesays.com\/no\/wp-content\/uploads\/2026\/01\/bd9a54ef-069f-49dd-a63e-9c5fe047ee0f.jpeg\"  style=\"object-position:0% 0%\" width=\"5871\"\/>VG m\u00f8tte Ludmyla i et varmetelt p\u00e5 \u00f8stsiden av Kyiv. Hit kom hun og andre i nabolaget for \u00e5 f\u00e5 varme seg, ta en kopp te og lade mobilen.   Foto: Espen Rasmussen<\/p>\n<p class=\"_paragraph_o9xde_4 _paragraph_xtcu6_10 layout-component text-serif-m layout-normal text-serif-m layout-padded\">\u00c5 leve med frykten for de stadige luftangrepene \u00e5penbart fryktelig t\u00f8ft. De er hyppigere enn f\u00f8r. Selv om boligblokker ikke er m\u00e5let, treffes de stadig vekk.<\/p>\n<p class=\"_paragraph_o9xde_4 _paragraph_xtcu6_10 layout-component text-serif-m layout-normal text-serif-m layout-padded\">Illusjoner om at fredssamtaler skal f\u00f8re til slutt p\u00e5 krigen med det f\u00f8rste, merker jeg lite til her. B\u00f8nnene om mer luftvern, derimot, kommer fra b\u00e5de politikere, journalister og tilfeldige folk vi m\u00f8ter p\u00e5.<\/p>\n<p class=\"_paragraph_o9xde_4 _paragraph_xtcu6_10 layout-component text-serif-m layout-normal text-serif-m layout-padded\">I fredssamtalene er det hele tiden snakk om krav. Russland krever, amerikanerne krever, europeerne krever. <\/p>\n<p class=\"_paragraph_o9xde_4 _paragraph_xtcu6_10 layout-component text-serif-m layout-normal text-serif-m layout-padded\">Men menneskene vi m\u00f8ter i varmeteltet krever ingenting. De er takknemlige for den varme teen de f\u00e5r her. De insisterer p\u00e5 at vi ogs\u00e5 skal ta oss en kopp.<\/p>\n<p class=\"_paragraph_o9xde_4 _paragraph_xtcu6_10 layout-component text-serif-m layout-normal text-serif-m layout-padded\">Og inviterer oss tilbake &#8211; n\u00e5r krigen er over.<\/p>\n<p>   Dette er en kommentar. Kommentaren gir uttrykk for skribentens holdning. <\/p>\n","protected":false},"excerpt":{"rendered":"\u201cMot er i DNAet v\u00e5rt\u201d st\u00e5r det p\u00e5 en plakat p\u00e5 toget. Jeg tror p\u00e5 at det er&hellip;\n","protected":false},"author":2,"featured_media":138095,"comment_status":"","ping_status":"","sticky":false,"template":"","format":"standard","meta":{"footnotes":""},"categories":[12],"tags":[20,21,24,25,15,179,22,23,13,30,28,29,14,16,26,27,42,103,43,44,45],"class_list":{"0":"post-138094","1":"post","2":"type-post","3":"status-publish","4":"format-standard","5":"has-post-thumbnail","7":"category-verden","8":"tag-breaking-news","9":"tag-breakingnews","10":"tag-featured-news","11":"tag-featurednews","12":"tag-headlines","13":"tag-krigen-i-ukraina","14":"tag-latest-news","15":"tag-latestnews","16":"tag-news","17":"tag-no","18":"tag-norge","19":"tag-norway","20":"tag-nyheter","21":"tag-overskrifter","22":"tag-top-stories","23":"tag-topstories","24":"tag-verden","25":"tag-vgmeninger","26":"tag-world","27":"tag-world-news","28":"tag-worldnews"},"share_on_mastodon":{"url":"https:\/\/pubeurope.com\/@no\/115898670437436827","error":""},"_links":{"self":[{"href":"https:\/\/www.europesays.com\/no\/wp-json\/wp\/v2\/posts\/138094","targetHints":{"allow":["GET"]}}],"collection":[{"href":"https:\/\/www.europesays.com\/no\/wp-json\/wp\/v2\/posts"}],"about":[{"href":"https:\/\/www.europesays.com\/no\/wp-json\/wp\/v2\/types\/post"}],"author":[{"embeddable":true,"href":"https:\/\/www.europesays.com\/no\/wp-json\/wp\/v2\/users\/2"}],"replies":[{"embeddable":true,"href":"https:\/\/www.europesays.com\/no\/wp-json\/wp\/v2\/comments?post=138094"}],"version-history":[{"count":0,"href":"https:\/\/www.europesays.com\/no\/wp-json\/wp\/v2\/posts\/138094\/revisions"}],"wp:featuredmedia":[{"embeddable":true,"href":"https:\/\/www.europesays.com\/no\/wp-json\/wp\/v2\/media\/138095"}],"wp:attachment":[{"href":"https:\/\/www.europesays.com\/no\/wp-json\/wp\/v2\/media?parent=138094"}],"wp:term":[{"taxonomy":"category","embeddable":true,"href":"https:\/\/www.europesays.com\/no\/wp-json\/wp\/v2\/categories?post=138094"},{"taxonomy":"post_tag","embeddable":true,"href":"https:\/\/www.europesays.com\/no\/wp-json\/wp\/v2\/tags?post=138094"}],"curies":[{"name":"wp","href":"https:\/\/api.w.org\/{rel}","templated":true}]}}