{"id":138096,"date":"2026-01-15T10:35:12","date_gmt":"2026-01-15T10:35:12","guid":{"rendered":"https:\/\/www.europesays.com\/no\/138096\/"},"modified":"2026-01-15T10:35:12","modified_gmt":"2026-01-15T10:35:12","slug":"tor-mikkel-wara-sylvi-listhaug","status":"publish","type":"post","link":"https:\/\/www.europesays.com\/no\/138096\/","title":{"rendered":"Tor Mikkel Wara, Sylvi Listhaug"},"content":{"rendered":"\n<p>Frp svikter velgerne sine n\u00e5r de snur i kraftpolitikken. Mannen bak snuoperasjonen er tidligere First House-topp Tor Mikkel Wara. Hvem st\u00e5r p\u00e5 hans gamle kundelister?<\/p>\n<p>S\u00e5 seint i april foreslo partiet i Stortinget \u00e5 stanse elektrifiseringen av Equinors gassanlegg p\u00e5 Melk\u00f8ya i Finnmark. Tidligere energipolitisk talsmann Marius Arion Nilsen kalte prosjektet et \u00abkraftsluk\u00bb og en \u00abalvorlig overkj\u00f8ring av folk og n\u00e6ringsliv i Finnmark\u00bb.<\/p>\n<p>Men fredag ble det klart at Frp har snudd, og n\u00e5 vil stemme mot R\u00f8dts forslag om \u00e5 stanse elektrifiseringen av Melk\u00f8ya \u2013 stikk i strid med egne valgl\u00f8fter.<\/p>\n<p>Ikke bare det, til E24 lover stortingsrepresentant Kristoffer Sivertsen \u00e5 \u00abstrekke ut en h\u00e5nd for \u00e5 hjelpe regjeringen med det kraftl\u00f8ftet som de ikke har klart \u00e5 gjennomf\u00f8re\u00bb. Det s\u00e5kalte kraftl\u00f8ftet inneb\u00e6rer som kjent en massiv utbygging av vindkraft i Finnmark, noe Frp if\u00f8lge sitt eget program er \u00abprinsipielt\u00bb imot, men som de allerede har stemt for \u00e5 utrede i deler av Finnmark (Porsanger kommune). <\/p>\n<p><b>Les ogs\u00e5: <a href=\"https:\/\/www.nettavisen.no\/norsk-debatt\/stores-garantier-skjer-ikke-rykker-stadig-narmere-stromkrise\/o\/5-95-2820398\" rel=\"Follow nofollow noopener\" target=\"_blank\">Finnmark rykker stadig n\u00e6rmere en enorm str\u00f8mkrise<\/a><\/b><\/p>\n<p>Prisene kan g\u00e5 i taket<\/p>\n<p>Argumentene Frp anf\u00f8rte mot Melk\u00f8ya i v\u00e5r er like gyldige den dag i dag. Det store flertallet i Nord-Norge sier nei til prosjektet. Elektrifisering av olje- og gassanlegg er svindyr gr\u00f8nnvasking, som bare flytter og ikke kutter utslipp. Og hvis vi lar Equinor st\u00f8vsuge en hel landsdel for elektrisk kraft, g\u00e5r prisene i taket for b\u00e5de folk og annet n\u00e6ringsliv.<\/p>\n<p>Hva er grunnen bak at Frp n\u00e5 snur tvert om og i praksis g\u00e5r inn for elektrifisering av Melk\u00f8ya, et prosjekt som bryter tvert med partiets politikk og som vil st\u00f8vsuge hele Finnmark for kraft for \u00e5 gr\u00f8nnvaske utslippsregnskapene til Equinor?<\/p>\n<p>Skal vi tro Frp, har et prosjekt som det var fullt mulig \u00e5 stoppe i mai plutselig blitt umulig \u00e5 stoppe n\u00e5. Den forklaringen er det nok ikke mange som tror p\u00e5, selv ikke i Frps egne rekker. Da er det kanskje mer relevant at det har v\u00e6rt valg i mellomtida. Der Frp var p\u00e5 frierferd til velgerne i f\u00f8r valget, virker de mer opptatt av \u00e5 tekkes oljebransjen etter valget \u2013 ogs\u00e5 i saker hvor Equinor har den breie folkemeningen mot seg. <\/p>\n<p>En annen, og kanskje enda bedre forklaring, er at Frp har gjennomf\u00f8rt et fullt mannskapsskifte i energikomiteen. I forrige periode var partiets talsmann p\u00e5 omr\u00e5det Marius Arion Nilsen, en str\u00f8moppr\u00f8rer som turte \u00e5 tenke annerledes og utfordre kapitalkreftene i energisektoren. Etter valget ble Nilsen avskiltet uten noen n\u00e6rmere forklaring. Inn kom Tor Mikkel Wara, som hele sitt yrkesliv har v\u00e6rt lobbyist for n\u00e6ringslivet. Wara er mannen som bygget opp First House, et firma som har s\u00e5 n\u00e6re b\u00e5nd til Frp at det er vanskelig \u00e5 holde oversikt over koblingene. <\/p>\n<p>Sylvi Listhaug selv kom rett fra First House og lobbyoppdrag for dagligvarekjeden Rema til jobben som landbruksminister. Dagens sjef i First House er tidligere Frp-statsr\u00e5d Jon Georg Dale. Under selve valgkampen ble Listhaug \u00abpreppet\u00bb til debatter av en av First House-toppene, og like etter valget sluttet hennes n\u00e6rmeste medarbeider, spinndoktoren Haakon Sandvik, til fordel for ny First House-jobb. Dette er ikke bare en svingd\u00f8r mellom politikk og PR, det er et parti som st\u00e5r konstant i d\u00f8r\u00e5pningen, med en fot i demokratiet og en annen i betalte lobbyoppdrag for kapitalen.<\/p>\n<p><b>Melk\u00f8ya-drama: <a href=\"https:\/\/www.nettavisen.no\/nyheter\/melkoya-drama-rodt-ber-sv-og-frp-ta-seg-sammen\/s\/5-95-2415432\" rel=\"Follow nofollow noopener\" target=\"_blank\">Ber SV og Frp ta seg sammen<\/a><\/b><\/p>\n<p>Nekter \u00e5 utlevere kundelistene sine<\/p>\n<p>Hvem har Tor Mikkel Wara og Sylvi Listhaug hatt som kunder i First House f\u00f8r de fikk toppverv i Frp? Det har vi ikke hele svaret p\u00e5. Begge har nektet \u00e5 utlevere sine fulle kundelister. Et relevant sp\u00f8rsm\u00e5l n\u00e5 er for eksempel om Wara har jobbet for noen av akt\u00f8rene som har direkte eller indirekte \u00f8konomiske interesser i \u00e5 gjennomf\u00f8re elektrifiseringen av Melk\u00f8ya. Eller om First House har gjort det. Vi vet i alle fall at First House denne h\u00f8sten har v\u00e6rt hentet inn i forbindelse med omorganiseringer i kraftbransjens lobbyorganisasjon Fornybar Norge. <\/p>\n<p>Alle politikere har en bakgrunn, og s\u00e5nn sett bindinger til sine tidligere arbeidsgivere. Men forskjellen her er at Wara (og Listhaug) ikke er \u00e5pne om hvem de har jobbet for, slik at det blir umulig for andre \u00e5 f\u00e5 innsikt i de bindingene de faktisk har. Det minste Frps First House-politikere skylder b\u00e5de sine egne velgere og den bredere offentligheten er \u00e5 publisere disse kundelistene, slik at det blir mulig ogs\u00e5 for andre mennesker \u00e5 vurdere om de har uholdbare bindinger til for eksempel olje- eller fornybarbransjen. <\/p>\n<p>Frp har ikke en stolt historie i kraftpolitikken. Da partiet satt i regjering gikk de inn for Acer, bygde utenlandskabler, satte norgesrekord i vindkraftutbygging og igangsatte elektrifisering av sokkelen. Men under str\u00f8mpriskrisen snudde partiet. Det var bra. Tilsvarende d\u00e5rlig for folk og land er det at Frp n\u00e5 ser til \u00e5 snu igjen, og g\u00e5 inn for b\u00e5de elektrifisering av Melk\u00f8ya og det s\u00e5kalte kraftl\u00f8tet i nord.<\/p>\n","protected":false},"excerpt":{"rendered":"Frp svikter velgerne sine n\u00e5r de snur i kraftpolitikken. Mannen bak snuoperasjonen er tidligere First House-topp Tor Mikkel&hellip;\n","protected":false},"author":2,"featured_media":138097,"comment_status":"","ping_status":"","sticky":false,"template":"","format":"standard","meta":{"footnotes":""},"categories":[10],"tags":[20,21,24,25,15,22,23,13,30,28,29,14,16,26,27],"class_list":{"0":"post-138096","1":"post","2":"type-post","3":"status-publish","4":"format-standard","5":"has-post-thumbnail","7":"category-norge","8":"tag-breaking-news","9":"tag-breakingnews","10":"tag-featured-news","11":"tag-featurednews","12":"tag-headlines","13":"tag-latest-news","14":"tag-latestnews","15":"tag-news","16":"tag-no","17":"tag-norge","18":"tag-norway","19":"tag-nyheter","20":"tag-overskrifter","21":"tag-top-stories","22":"tag-topstories"},"share_on_mastodon":{"url":"https:\/\/pubeurope.com\/@no\/115898674287285962","error":""},"_links":{"self":[{"href":"https:\/\/www.europesays.com\/no\/wp-json\/wp\/v2\/posts\/138096","targetHints":{"allow":["GET"]}}],"collection":[{"href":"https:\/\/www.europesays.com\/no\/wp-json\/wp\/v2\/posts"}],"about":[{"href":"https:\/\/www.europesays.com\/no\/wp-json\/wp\/v2\/types\/post"}],"author":[{"embeddable":true,"href":"https:\/\/www.europesays.com\/no\/wp-json\/wp\/v2\/users\/2"}],"replies":[{"embeddable":true,"href":"https:\/\/www.europesays.com\/no\/wp-json\/wp\/v2\/comments?post=138096"}],"version-history":[{"count":0,"href":"https:\/\/www.europesays.com\/no\/wp-json\/wp\/v2\/posts\/138096\/revisions"}],"wp:featuredmedia":[{"embeddable":true,"href":"https:\/\/www.europesays.com\/no\/wp-json\/wp\/v2\/media\/138097"}],"wp:attachment":[{"href":"https:\/\/www.europesays.com\/no\/wp-json\/wp\/v2\/media?parent=138096"}],"wp:term":[{"taxonomy":"category","embeddable":true,"href":"https:\/\/www.europesays.com\/no\/wp-json\/wp\/v2\/categories?post=138096"},{"taxonomy":"post_tag","embeddable":true,"href":"https:\/\/www.europesays.com\/no\/wp-json\/wp\/v2\/tags?post=138096"}],"curies":[{"name":"wp","href":"https:\/\/api.w.org\/{rel}","templated":true}]}}