{"id":138098,"date":"2026-01-15T10:36:08","date_gmt":"2026-01-15T10:36:08","guid":{"rendered":"https:\/\/www.europesays.com\/no\/138098\/"},"modified":"2026-01-15T10:36:08","modified_gmt":"2026-01-15T10:36:08","slug":"haner-danmark-vil-drite-i-buksa-dagbladet","status":"publish","type":"post","link":"https:\/\/www.europesays.com\/no\/138098\/","title":{"rendered":"H\u00e5ner Danmark: &#8211; Vil drite i buksa &#8211; Dagbladet"},"content":{"rendered":"<ol>\n<li><a href=\"https:\/\/news.google.com\/rss\/articles\/CBMifkFVX3lxTFBsbE1ZbkR3NVZRaTE1a01sUTdjWEdXSE83X004a3lRQW12NXByQ3J4Z0J6ZEEzd3BhVW1CNUxTcjZLd2JQNlVjZXVsOGxpakJ3QUgyU3IzbTA4aldBTVE3bmxYdm9pRVVqMGJQTlM0VUduVVIwdnZzX2ptcWdhUQ?oc=5\" target=\"_blank\" rel=\"nofollow noopener\">H\u00e5ner Danmark: &#8211; Vil drite i buksa<\/a>&nbsp;&nbsp;Dagbladet<\/li>\n<li><a href=\"https:\/\/news.google.com\/rss\/articles\/CBMisAFBVV95cUxQRElDb2JtUjlUWnY2cFM4UVhGX0pOd1QtZFRvRVRpNklISjNYMDZ0YmJydnYwa1JWWUdMN0MtcGhtOElNcTNWZ1hOVWVQRzBib2dVNVhEMmRQZmFPMVNZWGc3VkE5X21vNkpLOXF4dkhFME93aFBndTNGaVV5d3ZxREtZRGFtV0Q5ME5HTF9CQWxISzR0dmZDSC03LXdWSnBZNmhtb0RfYXdXUmpIVm42YQ?oc=5\" target=\"_blank\" rel=\"nofollow noopener\">Russland sier de er \u00absv\u00e6rt bekymret\u00bb for soldater fra Nato-land p\u00e5 Gr\u00f8nland<\/a>&nbsp;&nbsp;VG<\/li>\n<li><a href=\"https:\/\/news.google.com\/rss\/articles\/CBMigAFBVV95cUxPNWhVZi01a29YcWIxY2Via1FnQ3M4UHFwbWNHMHAxZVczSFI2czVfdWVmaVIwMVdsTEw0YjJSZjd2S0JoenUyN1l0d2xCeXNnTHZlRzZPV1R6VFl3NHNTZzc5bHlXR0c5MFVoSjg3dkQ5THpiUTRKXzl0dS01LWdrUw?oc=5\" target=\"_blank\" rel=\"nofollow noopener\">Norge sender to personer til Gr\u00f8nland \u2013 Siste nytt<\/a>&nbsp;&nbsp;NRK<\/li>\n<li><a href=\"https:\/\/news.google.com\/rss\/articles\/CBMiugFBVV95cUxQWjk5WUVZdzFaal8xYjBGRjVKLUVnM1dpd2ZKaUNkSXV2TE80Wl9uSTRLaEI5MzJVLU9aWEtiTEliak9qOTZfYm1IbDg1LTN5UVlKeXpYc1ZZWkt0SHNnYmZmTFF3RkVLREZ6MmVEYUtwcVFxQmlrdXI2UElkbEpFYWo1MGpRNE40UmswbC1pMVdLbl9vSngxMGtGTjJOaHAtb3B3a19yeFBDaHZYakk4ZXpjZ3VZdGZZWHc?oc=5\" target=\"_blank\" rel=\"nofollow noopener\">Norge blant flere land som sender milit\u00e6rt personell til Gr\u00f8nland<\/a>&nbsp;&nbsp;Aftenposten<\/li>\n<li><a href=\"https:\/\/news.google.com\/rss\/articles\/CBMi5AFBVV95cUxNLTBuOGg4dEZTaVh1RXA2Y2VfSlp4SjFGeTFfaUZUTExENWlRLXZ5UDdiUGxpR2JNTUV6cEpqQUJpakhOVk56a2ozNG1TdmFyUjJOVFpGdV9KMzJtNWVFOTNhYS1nRTdKSHFDM0lKR0o5ajNXVnF1ZDVJcF84MUpkaURqTkxYMmtoNUZFVDhzOUlhNWFjc0hCTlhSVVMxdkZHVGZFNm4waXVYSlM4cVFXUWxxdnRnV01uMEZIYmFiMTBXbDJxY2JPSS13QklFSGZPWE55b3NlY2NTOVQ3OWRWbVF2QUk?oc=5\" target=\"_blank\" rel=\"nofollow noopener\">Gr\u00f8nland bekrefter \u00f8kt milit\u00e6r tilstedev\u00e6relse<\/a>&nbsp;&nbsp;adressa.no<\/li>\n<\/ol>\n","protected":false},"excerpt":{"rendered":"H\u00e5ner Danmark: &#8211; Vil drite i buksa&nbsp;&nbsp;Dagbladet Russland sier de er \u00absv\u00e6rt bekymret\u00bb for soldater fra Nato-land p\u00e5&hellip;\n","protected":false},"author":2,"featured_media":138099,"comment_status":"","ping_status":"","sticky":false,"template":"","format":"standard","meta":{"footnotes":""},"categories":[5],"tags":[20,21,1524,24,25,2112,15,19,22,23,17,18,233,13,30,28,29,14,16,188,26,27,766,50,412],"class_list":{"0":"post-138098","1":"post","2":"type-post","3":"status-publish","4":"format-standard","5":"has-post-thumbnail","7":"category-overskrifter","8":"tag-breaking-news","9":"tag-breakingnews","10":"tag-danmark","11":"tag-featured-news","12":"tag-featurednews","13":"tag-gronland","14":"tag-headlines","15":"tag-hovedoppslag","16":"tag-latest-news","17":"tag-latestnews","18":"tag-main-news","19":"tag-mainnews","20":"tag-nato","21":"tag-news","22":"tag-no","23":"tag-norge","24":"tag-norway","25":"tag-nyheter","26":"tag-overskrifter","27":"tag-russland","28":"tag-top-stories","29":"tag-topstories","30":"tag-trump","31":"tag-usa","32":"tag-utenriks"},"share_on_mastodon":{"url":"https:\/\/pubeurope.com\/@no\/115898678176308132","error":""},"_links":{"self":[{"href":"https:\/\/www.europesays.com\/no\/wp-json\/wp\/v2\/posts\/138098","targetHints":{"allow":["GET"]}}],"collection":[{"href":"https:\/\/www.europesays.com\/no\/wp-json\/wp\/v2\/posts"}],"about":[{"href":"https:\/\/www.europesays.com\/no\/wp-json\/wp\/v2\/types\/post"}],"author":[{"embeddable":true,"href":"https:\/\/www.europesays.com\/no\/wp-json\/wp\/v2\/users\/2"}],"replies":[{"embeddable":true,"href":"https:\/\/www.europesays.com\/no\/wp-json\/wp\/v2\/comments?post=138098"}],"version-history":[{"count":0,"href":"https:\/\/www.europesays.com\/no\/wp-json\/wp\/v2\/posts\/138098\/revisions"}],"wp:featuredmedia":[{"embeddable":true,"href":"https:\/\/www.europesays.com\/no\/wp-json\/wp\/v2\/media\/138099"}],"wp:attachment":[{"href":"https:\/\/www.europesays.com\/no\/wp-json\/wp\/v2\/media?parent=138098"}],"wp:term":[{"taxonomy":"category","embeddable":true,"href":"https:\/\/www.europesays.com\/no\/wp-json\/wp\/v2\/categories?post=138098"},{"taxonomy":"post_tag","embeddable":true,"href":"https:\/\/www.europesays.com\/no\/wp-json\/wp\/v2\/tags?post=138098"}],"curies":[{"name":"wp","href":"https:\/\/api.w.org\/{rel}","templated":true}]}}