{"id":138106,"date":"2026-01-15T10:43:09","date_gmt":"2026-01-15T10:43:09","guid":{"rendered":"https:\/\/www.europesays.com\/no\/138106\/"},"modified":"2026-01-15T10:43:09","modified_gmt":"2026-01-15T10:43:09","slug":"russland-storbritannia-britisk-diplomat-utvist-fra-russland-anklages-for-a-vaere-spion","status":"publish","type":"post","link":"https:\/\/www.europesays.com\/no\/138106\/","title":{"rendered":"Russland, Storbritannia | Britisk diplomat utvist fra Russland: Anklages for \u00e5 v\u00e6re spion"},"content":{"rendered":"\n<p>Torsdag ble det kjent at Russland utviser en britisk diplomat. Det statskontrollerte russiske nyhetsbyr\u00e5et <a rel=\"Follow nofollow noopener\" href=\"https:\/\/tass.com\/politics\/2071589\" target=\"_blank\">Tass <\/a>skriver at Russland mener diplomaten egentlig er en etterretningsoffiser.<\/p>\n<p>Det russiske sikkerhetspolitiet FSB, etterf\u00f8lgeren til KGB, har gitt diplomaten en toukers frist p\u00e5 \u00e5 forlate Russland.<\/p>\n<p><b>Les ogs\u00e5: <\/b><\/p>\n<p>  <a href=\"https:\/\/www.nettavisen.no\/5-95-2824826\" class=\"related-teaser has-image nettavisen-story-teaser article--c-eRUmMG article--c-eRUmMG-fZoQSp-design-nettavisen article--c-eRUmMG-eTlODu-cv\" rel=\"nofollow noopener\" target=\"_blank\"><\/p>\n<p>    <img decoding=\"async\" loading=\"lazy\"  src=\"https:\/\/www.europesays.com\/no\/wp-content\/uploads\/2026\/01\/NTB_s6BcblcTZOU__1_.jpg\" alt=\"\" class=\"brick-c-cFOWSL\" style=\"\"\/><\/p>\n<p>\n            Les ogs\u00e5<\/p>\n<p>              PST henlegger sak mot spionanklaget mann\n        <\/p>\n<p>  <\/a><br \/>\n  Kalt inn p\u00e5 teppet<\/p>\n<p>Det russiske utenriksdepartementet har innkalt Danae Dholakia, Storbritannias charge d\u2019affaires til Russland, p\u00e5 teppet.<\/p>\n<p>\u2013 Under kontraetterretningsarbeid identifiserte den f\u00f8derale sikkerhetstjenesten (FSB) en hemmelig britisk etterretningsoffiser, som ble sendt til Russland under dekke av \u00e5 v\u00e6re andresekret\u00e6r i den administrative og \u00f8konomiske avdelingen ved den britiske ambassaden i Moskva, skriver det statskontrollerte russiske nyhetsbyr\u00e5et <a rel=\"Follow nofollow noopener\" href=\"https:\/\/ria.ru\/20260115\/fsb-2067990001.html\" target=\"_blank\">Ria Novosti.<\/a><\/p>\n<p>    Vil du se neste video?<\/p>\n<p>    <a href=\"https:\/\/www.nettavisen.no\/nyheter\/pete-hegseth-avbryter-plutselig-marco-rubio-klikker-pa-direkten\/v\/5-95-2813524\" class=\"recommend-poster\" data-adp-clicklabel=\"video-recommend\" data-adp-clickvalue=\"poster\" rel=\"nofollow noopener\" target=\"_blank\"><br \/>\n      <img decoding=\"async\" width=\"200\" height=\"200\" loading=\"lazy\" src=\"https:\/\/www.europesays.com\/no\/wp-content\/uploads\/2026\/01\/Hegseth+til+cue.jpg\" alt=\"\" class=\"brick-c-cFOWSL\" style=\"--brick-image-ratio: 200 \/ 200;\"\/><\/p>\n<p>Avbryter plutselig: Klikker p\u00e5 direkten1:05<\/p>\n<p>    <\/a><\/p>\n<p>        Mens Russland sender tusenvis av droner inn i Ukraina, pr\u00f8ver Dymitiy og soldatene hans \u00e5 skyte de ned.<br \/>\n        Tolkes som en eskalering mellom Moskva og London<\/p>\n<p>Etter at Dholakia var ferdig i m\u00f8tet med det russiske utenriksdepartementet, melder Ria at hun ble m\u00f8tt av demonstranter som buet p\u00e5 henne og blokkerte bilen hennes i cirka ti minutter.<\/p>\n<p>Utvisningen tolkes av den britiske tabloidavisen <a rel=\"Follow nofollow noopener\" href=\"https:\/\/www.dailymail.co.uk\/news\/article-15466065\/Russia-expels-British-diplomat-claims-spy.html\" target=\"_blank\">Daily Mail <\/a>som en direkte reaksjon p\u00e5 det tilspissede forholdet mellom London og Moskva.<\/p>\n<p>Den kommer kort tid etter at statsminister Keir Starmer \u00e5pnet for \u00e5 sende britiske styrker til Ukraina for \u00e5 sikre en eventuell fredsavtale.<\/p>\n<p><b>Les ogs\u00e5: <\/b><a class=\"simple-relation related-teaser article--c-eRUmMG article--c-eRUmMG-fZoQSp-design-nettavisen article--c-eRUmMG-gwthdJ-cv\" href=\"https:\/\/www.nettavisen.no\/russisk-utvikling-helt-ville-tall\/s\/5-95-2732616\" rel=\"nofollow noopener\" target=\"_blank\">Russisk utvikling: \u2013 Helt ville tall<\/a><\/p>\n","protected":false},"excerpt":{"rendered":"Torsdag ble det kjent at Russland utviser en britisk diplomat. Det statskontrollerte russiske nyhetsbyr\u00e5et Tass skriver at Russland&hellip;\n","protected":false},"author":2,"featured_media":124382,"comment_status":"","ping_status":"","sticky":false,"template":"","format":"standard","meta":{"footnotes":""},"categories":[12],"tags":[20,21,24,25,15,22,23,13,30,28,29,14,16,26,27,42,43,44,45],"class_list":{"0":"post-138106","1":"post","2":"type-post","3":"status-publish","4":"format-standard","5":"has-post-thumbnail","7":"category-verden","8":"tag-breaking-news","9":"tag-breakingnews","10":"tag-featured-news","11":"tag-featurednews","12":"tag-headlines","13":"tag-latest-news","14":"tag-latestnews","15":"tag-news","16":"tag-no","17":"tag-norge","18":"tag-norway","19":"tag-nyheter","20":"tag-overskrifter","21":"tag-top-stories","22":"tag-topstories","23":"tag-verden","24":"tag-world","25":"tag-world-news","26":"tag-worldnews"},"share_on_mastodon":{"url":"https:\/\/pubeurope.com\/@no\/115898705858420236","error":""},"_links":{"self":[{"href":"https:\/\/www.europesays.com\/no\/wp-json\/wp\/v2\/posts\/138106","targetHints":{"allow":["GET"]}}],"collection":[{"href":"https:\/\/www.europesays.com\/no\/wp-json\/wp\/v2\/posts"}],"about":[{"href":"https:\/\/www.europesays.com\/no\/wp-json\/wp\/v2\/types\/post"}],"author":[{"embeddable":true,"href":"https:\/\/www.europesays.com\/no\/wp-json\/wp\/v2\/users\/2"}],"replies":[{"embeddable":true,"href":"https:\/\/www.europesays.com\/no\/wp-json\/wp\/v2\/comments?post=138106"}],"version-history":[{"count":0,"href":"https:\/\/www.europesays.com\/no\/wp-json\/wp\/v2\/posts\/138106\/revisions"}],"wp:featuredmedia":[{"embeddable":true,"href":"https:\/\/www.europesays.com\/no\/wp-json\/wp\/v2\/media\/124382"}],"wp:attachment":[{"href":"https:\/\/www.europesays.com\/no\/wp-json\/wp\/v2\/media?parent=138106"}],"wp:term":[{"taxonomy":"category","embeddable":true,"href":"https:\/\/www.europesays.com\/no\/wp-json\/wp\/v2\/categories?post=138106"},{"taxonomy":"post_tag","embeddable":true,"href":"https:\/\/www.europesays.com\/no\/wp-json\/wp\/v2\/tags?post=138106"}],"curies":[{"name":"wp","href":"https:\/\/api.w.org\/{rel}","templated":true}]}}