{"id":138109,"date":"2026-01-15T10:45:11","date_gmt":"2026-01-15T10:45:11","guid":{"rendered":"https:\/\/www.europesays.com\/no\/138109\/"},"modified":"2026-01-15T10:45:11","modified_gmt":"2026-01-15T10:45:11","slug":"prins-harry-moter-i-retten","status":"publish","type":"post","link":"https:\/\/www.europesays.com\/no\/138109\/","title":{"rendered":"Prins Harry m\u00f8ter i retten"},"content":{"rendered":"<p>Den britiske prinsen og seks andre kjente saks\u00f8ker\u00a0Associated Newspapers (ANL) for angivelig \u00e5 ha innhentet informasjon ulovlig.<\/p>\n<p>ANL utgir blant annet avisen Daily Mail.<\/p>\n<p>I tillegg til prins Harry, er Elton John (78), David Furnish (63) Elizabeth Hurley (60), Sadie Frost (60), Doreen Lawrence (73) og Sir Simon Hughes (74), en del av s\u00f8ksm\u00e5let.<\/p>\n<p>        <img class=\"image__img lazyload\" itemprop=\"image\" title=\"Foto: Apu Gomez \/ AFP \/ NTB\" alt=\"SAKS\u00d8KER: Blant saks\u00f8kerne finner vi Elton John og ektemannen David Furnish. Foto: Apu Gomez \/ AFP \/ NTB\" width=\"675\" height=\"439\" bad-src=\"https:\/\/www.europesays.com\/no\/wp-content\/uploads\/2026\/01\/18460349.webp.jpeg\" fetchpriority=\"auto\" \/><\/p>\n<p>      SAKS\u00d8KER: Blant saks\u00f8kerne finner vi Elton John og ektemannen David Furnish.<br \/>\n         Foto: Apu Gomez \/ AFP \/ NTB<\/p>\n<p>David Sherborne representerer samtlige saks\u00f8kere i saken.<\/p>\n<p>Det melder <a href=\"https:\/\/news.sky.com\/story\/why-seven-household-names-including-prince-harry-are-suing-one-of-britains-biggest-media-groups-13474774\" target=\"_blank\" rel=\"nofollow noopener\">Sky News<\/a>.<\/p>\n<p>If\u00f8lge <a href=\"https:\/\/www.judiciary.uk\/\" target=\"_blank\" rel=\"nofollow noopener\">engelsk domstol<\/a> starter rettssaken mandag 19. januar.\u00a0<\/p>\n<p>Noen av anklagene mot ANL handler om brudd p\u00e5 personvernet, inkludert telefonavlytting og avlytting av folks hjem, som g\u00e5r 30 \u00e5r tilbake i tid.<\/p>\n<p>Dette er anklagene<\/p>\n<p>Saken har p\u00e5g\u00e5tt siden 2022, og rettssaken vil finne sted i Londons h\u00f8yesterett, men det har allerede blitt avholdt h\u00f8ringer i forkant.\u00a0<\/p>\n<p>Torsdag denne uken skal det foreg\u00e5 et rettsm\u00f8te i forkant av rettssaken.\u00a0<\/p>\n<p>If\u00f8lge Sky News strekker de angivelig ulovlige handlingene seg fra 1993 til 2011.<\/p>\n<p>Utgiveren av den britiske avisen anklages for \u00e5 ha hyret inn flere privatetterforskere til \u00e5 plassere lytteutstyr i biler og hjem.<\/p>\n<p>I tillegg anklages ANL for \u00e5 betale politibetjenter for innsideinformasjon.\u00a0<\/p>\n<p>Saks\u00f8kernes advokat uttalte i 2022, if\u00f8lge Sky News, at de hadde blitt gjort oppmerksomme p\u00e5 \u00absv\u00e6rt urovekkende bevis\u00bb som avsl\u00f8rte at de hadde v\u00e6rt ofre for \u00abavskyelig kriminell aktivitet\u00bb.\u00a0<\/p>\n<p>Advokaten sa ogs\u00e5 at det var \u00abgrove brudd p\u00e5 personvernet\u00bb fra ANL.<\/p>\n<p>ANL har selv sl\u00e5tt hardt ned p\u00e5 p\u00e5standene, og mener de blir svertet. <a href=\"https:\/\/www.bbc.com\/news\/articles\/c5y5e7l5250o\" target=\"_blank\" rel=\"nofollow noopener\">BBC<\/a> skriver at ANL beskriver p\u00e5standene som \u00ababsurde\u00bb.<\/p>\n<p>        Dette er anklagene<\/p>\n<p> Ansettelse av privatetterforskere i hemmelighet for \u00e5 plassere lytteutstyr i folks bilde og hjem.<\/p>\n<p> Betaling av politibetjenter med korrupte koblinger til privatetterforskere for innsideinformasjon med sensitiv karakter.<\/p>\n<p> Bestilling av oppdrag der personer i det skjulte avlyttet og gjorde opptak av p\u00e5g\u00e5ende, private telefonsamtaler. <\/p>\n<p> Innhenting av medisinsk informasjon fra private sykehus, klinikker og behandlingssentre. <\/p>\n<p> Tilgang til bankkontoer, kreditthistorikk og \u00f8konomiske transaksjoner gjennom ulovlige midler og manipulasjon.<\/p>\n<p class=\"italic m-italic\" data-lab-italic=\"italic\">Kilde: <a href=\"https:\/\/news.sky.com\/story\/why-seven-household-names-including-prince-harry-are-suing-one-of-britains-biggest-media-groups-13474774\" target=\"_blank\" rel=\"nofollow noopener\">Sky News<\/a><\/p>\n<p>Prins Harry vitnet i h\u00f8ring<\/p>\n<p>I mars 2023 ble det holdt en forberedende h\u00f8ring, hvor dommer Matthew Nicklin fikk i oppgave \u00e5 avgj\u00f8re om saken kunne g\u00e5 videre til rettssak.\u00a0<\/p>\n<p>Han konkluderte med ja i november samme \u00e5r, mens ANL ba om at saken skulle henlegges.\u00a0<\/p>\n<p>I forbindelse med h\u00f8ringen var flere av saks\u00f8kerne til stede, blant dem prins Harry.<\/p>\n<p>Prinsen <a href=\"https:\/\/news.sky.com\/story\/prince-harry-five-things-we-learned-from-duke-of-sussexs-high-court-submission-12844405\" target=\"_blank\" rel=\"nofollow noopener\">sa i sin vitneforklaring<\/a> at han fremmet kravet \u00abfordi jeg elsker landet mitt\u00bb.\u00a0<\/p>\n<p>Han uttalte ogs\u00e5 at dersom det mest innflytelsesrike avisselskapet unng\u00e5r rettferdighet, er hele landet etter hans mening d\u00f8mt.<\/p>\n<p>Stor spenning knyttet til kong Charles<\/p>\n<p>At prins Harry n\u00e5 returnerer til England for rettssaken, f\u00e5r flere til \u00e5 stille seg sp\u00f8rsm\u00e5let om han kommer til \u00e5 m\u00f8te sin far, kong Charles (77).<\/p>\n<p>De to st\u00e5r oppi en\u00a0<a href=\"https:\/\/www.tv2.no\/underholdning\/apen-for-forsoning-med-kongefamilien\/17699116\/\" target=\"_blank\" rel=\"nofollow noopener\">familiestrid<\/a>, og sist far og s\u00f8nn m\u00f8tte hverandre, var i <a href=\"https:\/\/www.tv2.no\/underholdning\/ikke-skjedd-pa-over-et-ar\/18087390\/\" target=\"_blank\" rel=\"nofollow noopener\">september i fjor.<\/a>\u00a0<\/p>\n<p>Den gang var den 19 m\u00e5neder siden de hadde sett hverandre sist.\u00a0<\/p>\n<p>        <img class=\"image__img lazyload\" itemprop=\"image\" title=\"Foto: Steve Parsons \/ Pa Photos \/ NTB\" alt=\"FAR OG S\u00d8NN: Over flere \u00e5r har det v\u00e6rt isfront innad i den britiske kongefamilien. Her er kong Charles og prins Harry avbildet i 2018. Foto: Steve Parsons \/ Pa Photos \/ NTB\" width=\"675\" height=\"426\" bad-src=\"https:\/\/www.europesays.com\/no\/wp-content\/uploads\/2026\/01\/18460347.webp.jpeg\" fetchpriority=\"auto\" \/><\/p>\n<p>      FAR OG S\u00d8NN: Over flere \u00e5r har det v\u00e6rt isfront innad i den britiske kongefamilien. Her er kong Charles og prins Harry avbildet i 2018.<br \/>\n         Foto: Steve Parsons \/ Pa Photos \/ NTB<\/p>\n<p>If\u00f8lge flere utenlandske medier, deriblant <a href=\"https:\/\/www.foxnews.com\/entertainment\/king-charles-avoid-prince-harry-during-uk-trip-over-fears-private-talks-could-leak-experts\" target=\"_blank\" rel=\"nofollow noopener\">Fox News<\/a>, er det usannsynlig at prinsen og kongen kommer til \u00e5 m\u00f8tes.<\/p>\n<p> \u00abDet er viktig \u00e5 merke seg at kong Charles ikke kommuniserer regelmessig med Harry\u00bb, skriver avisen.<\/p>\n<p><a href=\"https:\/\/www.telegraph.co.uk\/royal-family\/2026\/01\/07\/prince-harry-no-plans-see-king-charles-uk-trip-royal-duke\/\" target=\"_blank\" rel=\"nofollow noopener\">The Telegraph<\/a> melder at kongen, som vanligvis tar en pause fra offentlige plikter i januar, vil v\u00e6re i Skottland mens s\u00f8nnen befinner seg i England.\u00a0<\/p>\n<p>If\u00f8lge <a href=\"https:\/\/people.com\/prince-harry-unlikely-to-see-king-charles-when-he-returns-to-uk-11880555\" target=\"_blank\" rel=\"nofollow noopener\">People<\/a> pr\u00f8ver kong Charles \u00e5 unng\u00e5 aktive rettssaker, noe som ogs\u00e5 kan v\u00e6re en faktor for at de ikke kommer til \u00e5 m\u00f8te hverandre.<\/p>\n<p>Tatt rettslige skritt flere ganger\u00a0<\/p>\n<p>Det er imidlertid ikke f\u00f8rste gang prins Harry tar rettslige skritt mot britisk presse.\u00a0<\/p>\n<p>Eksempelvis tok han i fjor News Group Newspapers (NGN), utgiver av tabloidavisen The Sun, til retten.\u00a0<\/p>\n<p>Han hadde lignende anklager mot NGN, som involverte ulovlig informasjonshenting av privatetterforskere og journalister.<\/p>\n<p>Partene inngikk forlik den gang.\u00a0<\/p>\n","protected":false},"excerpt":{"rendered":"Den britiske prinsen og seks andre kjente saks\u00f8ker\u00a0Associated Newspapers (ANL) for angivelig \u00e5 ha innhentet informasjon ulovlig. ANL&hellip;\n","protected":false},"author":2,"featured_media":138110,"comment_status":"","ping_status":"","sticky":false,"template":"","format":"standard","meta":{"footnotes":""},"categories":[5],"tags":[20,21,24,25,15,19,22,23,17,18,13,30,28,29,14,16,26,27],"class_list":{"0":"post-138109","1":"post","2":"type-post","3":"status-publish","4":"format-standard","5":"has-post-thumbnail","7":"category-overskrifter","8":"tag-breaking-news","9":"tag-breakingnews","10":"tag-featured-news","11":"tag-featurednews","12":"tag-headlines","13":"tag-hovedoppslag","14":"tag-latest-news","15":"tag-latestnews","16":"tag-main-news","17":"tag-mainnews","18":"tag-news","19":"tag-no","20":"tag-norge","21":"tag-norway","22":"tag-nyheter","23":"tag-overskrifter","24":"tag-top-stories","25":"tag-topstories"},"share_on_mastodon":{"url":"https:\/\/pubeurope.com\/@no\/115898713618657475","error":""},"_links":{"self":[{"href":"https:\/\/www.europesays.com\/no\/wp-json\/wp\/v2\/posts\/138109","targetHints":{"allow":["GET"]}}],"collection":[{"href":"https:\/\/www.europesays.com\/no\/wp-json\/wp\/v2\/posts"}],"about":[{"href":"https:\/\/www.europesays.com\/no\/wp-json\/wp\/v2\/types\/post"}],"author":[{"embeddable":true,"href":"https:\/\/www.europesays.com\/no\/wp-json\/wp\/v2\/users\/2"}],"replies":[{"embeddable":true,"href":"https:\/\/www.europesays.com\/no\/wp-json\/wp\/v2\/comments?post=138109"}],"version-history":[{"count":0,"href":"https:\/\/www.europesays.com\/no\/wp-json\/wp\/v2\/posts\/138109\/revisions"}],"wp:featuredmedia":[{"embeddable":true,"href":"https:\/\/www.europesays.com\/no\/wp-json\/wp\/v2\/media\/138110"}],"wp:attachment":[{"href":"https:\/\/www.europesays.com\/no\/wp-json\/wp\/v2\/media?parent=138109"}],"wp:term":[{"taxonomy":"category","embeddable":true,"href":"https:\/\/www.europesays.com\/no\/wp-json\/wp\/v2\/categories?post=138109"},{"taxonomy":"post_tag","embeddable":true,"href":"https:\/\/www.europesays.com\/no\/wp-json\/wp\/v2\/tags?post=138109"}],"curies":[{"name":"wp","href":"https:\/\/api.w.org\/{rel}","templated":true}]}}