{"id":138125,"date":"2026-01-15T11:02:12","date_gmt":"2026-01-15T11:02:12","guid":{"rendered":"https:\/\/www.europesays.com\/no\/138125\/"},"modified":"2026-01-15T11:02:12","modified_gmt":"2026-01-15T11:02:12","slug":"ytring-tyssedal-blir-det-krig","status":"publish","type":"post","link":"https:\/\/www.europesays.com\/no\/138125\/","title":{"rendered":"Ytring, Tyssedal | Blir det krig?"},"content":{"rendered":"\n<p>I forbindelse med den urolige verden vi har no. Ukraina, Gaza, Iran og mange flere steder med krig, sult og elendighet, og stormakter som benytter anledningen til \u00e5 \u00f8ke makta si. Imperialismen p\u00e5 sitt verste gj\u00f8r verden vond og forferdelig for folk i store deler av verden, som \u00f8nsker \u00e5 leve i fred. <\/p>\n<p>I denne situasjonen uttaler blant annet statsminister St\u00f8re at vi m\u00e5 v\u00e6re forberedt p\u00e5 at det kan bli krig i v\u00e5rt eget land ogs\u00e5. Vi m\u00e5 sikre oss med mat og vatn for noen uker, sier han. Greit \u00e5 komme med slike p\u00e5minninger.<\/p>\n<p>Men er det mulig i Ullensvang kommune \u00e5 ta fysiske tiltak for \u00e5 beskytte befolkningen, og industrien. Det er selvf\u00f8lgelig ingen enkel sak. Et lite tilbakeblikk.<\/p>\n<p>I 1956 sto M\u00e5geli kraftstasjon i Skjeggedal ferdig. Den har ei \u00e5pen r\u00f8rgate og en kraftstasjon i dagen, og er ikke beskytta mot sabotasje, eller angrep fra lufta. Da Tysso II i Skjeggedal sto ferdig i 1967 var turbinene flere hundre meter inn i fjellet og godt beskytta. Det samme med den \u00abnye\u00bb kraftstasjonen knytta til elva fra Mosdalen.<\/p>\n<p>Da den nye koblingsstasjonen i \u00c5sen i Skjeggedal sto ferdig var alt bygget ute i dagen. Ikke beskytta mot angrep ovenfra, og heller ikke sabotasje. Det skal ikke mye til f\u00f8r hele regionen kan bli str\u00f8ml\u00f8se. Og det er ikke sikkert at det kan l\u00f8ses med kraft utenfra, som kan v\u00e6re i samme situasjon. Jeg har lurt p\u00e5 hvorfor beskytter man sj\u00f8lve str\u00f8mproduksjonen, men ikke fordelingsanleggene? Slik er det dessverre i hele landet.<\/p>\n<p>S\u00e5 til bomberom. Det virker for meg som at dette ikke blir tatt p\u00e5 alvor. Hvis bomberommet i Tyssedal ved siden av pensjonistblokka skal danne grunnlag for situasjonen i Ullensvang, ser det ille ut. For noen \u00e5r siden var den i god stand, men s\u00e5 ga kommunen blaffen. Og n\u00e5 er den en ruin. Jeg h\u00e5per at kommunen starter en omfattende debatt om hele situasjonen, som har med beskyttelse i en krigssituasjon \u00e5 gj\u00f8re.<\/p>\n","protected":false},"excerpt":{"rendered":"I forbindelse med den urolige verden vi har no. Ukraina, Gaza, Iran og mange flere steder med krig,&hellip;\n","protected":false},"author":2,"featured_media":138126,"comment_status":"","ping_status":"","sticky":false,"template":"","format":"standard","meta":{"footnotes":""},"categories":[12],"tags":[36,3851,15774,20,21,24,25,15,22,23,13,30,28,29,14,1533,16,26,27,15772,15773,42,43,44,45,963],"class_list":{"0":"post-138125","1":"post","2":"type-post","3":"status-publish","4":"format-standard","5":"has-post-thumbnail","7":"category-verden","8":"tag-art","9":"tag-beredskap","10":"tag-bomberom","11":"tag-breaking-news","12":"tag-breakingnews","13":"tag-featured-news","14":"tag-featurednews","15":"tag-headlines","16":"tag-latest-news","17":"tag-latestnews","18":"tag-news","19":"tag-no","20":"tag-norge","21":"tag-norway","22":"tag-nyheter","23":"tag-opinion","24":"tag-overskrifter","25":"tag-top-stories","26":"tag-topstories","27":"tag-tyssedal","28":"tag-ullensvang-kommune","29":"tag-verden","30":"tag-world","31":"tag-world-news","32":"tag-worldnews","33":"tag-ytring"},"share_on_mastodon":{"url":"https:\/\/pubeurope.com\/@no\/115898780535295291","error":""},"_links":{"self":[{"href":"https:\/\/www.europesays.com\/no\/wp-json\/wp\/v2\/posts\/138125","targetHints":{"allow":["GET"]}}],"collection":[{"href":"https:\/\/www.europesays.com\/no\/wp-json\/wp\/v2\/posts"}],"about":[{"href":"https:\/\/www.europesays.com\/no\/wp-json\/wp\/v2\/types\/post"}],"author":[{"embeddable":true,"href":"https:\/\/www.europesays.com\/no\/wp-json\/wp\/v2\/users\/2"}],"replies":[{"embeddable":true,"href":"https:\/\/www.europesays.com\/no\/wp-json\/wp\/v2\/comments?post=138125"}],"version-history":[{"count":0,"href":"https:\/\/www.europesays.com\/no\/wp-json\/wp\/v2\/posts\/138125\/revisions"}],"wp:featuredmedia":[{"embeddable":true,"href":"https:\/\/www.europesays.com\/no\/wp-json\/wp\/v2\/media\/138126"}],"wp:attachment":[{"href":"https:\/\/www.europesays.com\/no\/wp-json\/wp\/v2\/media?parent=138125"}],"wp:term":[{"taxonomy":"category","embeddable":true,"href":"https:\/\/www.europesays.com\/no\/wp-json\/wp\/v2\/categories?post=138125"},{"taxonomy":"post_tag","embeddable":true,"href":"https:\/\/www.europesays.com\/no\/wp-json\/wp\/v2\/tags?post=138125"}],"curies":[{"name":"wp","href":"https:\/\/api.w.org\/{rel}","templated":true}]}}