{"id":138137,"date":"2026-01-15T11:10:15","date_gmt":"2026-01-15T11:10:15","guid":{"rendered":"https:\/\/www.europesays.com\/no\/138137\/"},"modified":"2026-01-15T11:10:15","modified_gmt":"2026-01-15T11:10:15","slug":"heggen-peiker-pa-ei-mogleg-arsak-til-fravaerstala-morenytt-no","status":"publish","type":"post","link":"https:\/\/www.europesays.com\/no\/138137\/","title":{"rendered":"Heggen peiker p\u00e5 ei mogleg \u00e5rsak til fr\u00e5v\u00e6rstala &#8211; morenytt.no"},"content":{"rendered":"<ol>\n<li><a href=\"https:\/\/news.google.com\/rss\/articles\/CBMiZkFVX3lxTFAyek1OUXRuUzg4cWtMZ05JdXprdzhsN2hfSHJPSkJ5bnBHZnZhd2pUcndDVVJDOGVldGNYN2tkSXY5UFJTZ0RjWDRuSE1XQUtjbGo5aWdwZkNIeFR5cG5VMzBBVFJfUQ?oc=5\" target=\"_blank\" rel=\"nofollow noopener\">Heggen peiker p\u00e5 ei mogleg \u00e5rsak til fr\u00e5v\u00e6rstala<\/a>&nbsp;&nbsp;morenytt.no<\/li>\n<li><a href=\"https:\/\/news.google.com\/rss\/articles\/CBMimAFBVV95cUxQWkx4VGczQ3BicVRFaDJuRTA5WnJyNmJ6bWNtU2FhN3hpeFpZSXhHVU1xZkNMNzNHNGpVeEhPYXBMNmlzZFFFWnVmMWlBMDFaM3R1Z0w5NFE3eFJQRHhiZDhGZ1E1SzdlcFFBUWJqdGFZNmptN0ZxaGkxZlQzaXZVclFqYVBMS1VILWMxTDRXQktZTGxYWjVDOA?oc=5\" target=\"_blank\" rel=\"nofollow noopener\">Slik handterer dei urovekkande fr\u00e5v\u00e6r<\/a>&nbsp;&nbsp;morenytt.no<\/li>\n<li><a href=\"https:\/\/news.google.com\/rss\/articles\/CBMickFVX3lxTFBEVFdrelFLNWtiZHdLSFZYeXIyX0VxQjdtQ2lLX2kyaFVwd1NRNDhtWXRCWmloeUN5dUh6dVB3dVMtU3A0QkYxU2xGX0xhZElhcl94cWJBODFVS1hIdDhmcUM1emhCbzl1dWFGNUx5dVByZw?oc=5\" target=\"_blank\" rel=\"nofollow noopener\">Det liknar ein offentleg omsorgssvikt<\/a>&nbsp;&nbsp;morenytt.no<\/li>\n<li><a href=\"https:\/\/news.google.com\/rss\/articles\/CBMitAFBVV95cUxQSEVubHIySFRYck1WUEkwUmh2c1UzWW9ULUtOSXJ6VTRqNTBaOFdlV1N0QWg2dTRUVGZBTUNhUDh1OXllTkVOSTdSTWx6T3lleFdlVkxIZDVDd2dlMndxV0c4MHdqNzFEV1BGS29JOXA1bE5fSnBtNmZibDFYQ3NNa2pXR2FRam5BSXA5S28tYVlCY1Q4dHJycDhoX1p2NVZCTGlIdWUtOWJWRWhzSThKdFRxcGQ?oc=5\" target=\"_blank\" rel=\"nofollow noopener\">Fr\u00e5v\u00e6r i skulen er eit politisk ansvar \u2013 ikkje berre eit lokalt problem<\/a>&nbsp;&nbsp;morenytt.no<\/li>\n<li><a href=\"https:\/\/news.google.com\/rss\/articles\/CBMiiAFBVV95cUxORW5QTXZvSXd3UzRtZ0FDQVVWQXYwZ3ZYVTgyNk5HdTBiWlE2Rk51M01ZbWN1c2hqT3lSbm80SWF2ZUlZelJ4LXJQOG5MbGNteE5RWlN1RjgwMnFJeG93ZWcwdWhCdDR4akpySWhfNC1waDY3Q0RhaVk1ZkZjMF9ST2g5R25nNkRj?oc=5\" target=\"_blank\" rel=\"nofollow noopener\">(+) \u2013 Det er ein tsunami<\/a>&nbsp;&nbsp;morenytt.no<\/li>\n<\/ol>\n","protected":false},"excerpt":{"rendered":"Heggen peiker p\u00e5 ei mogleg \u00e5rsak til fr\u00e5v\u00e6rstala&nbsp;&nbsp;morenytt.no Slik handterer dei urovekkande fr\u00e5v\u00e6r&nbsp;&nbsp;morenytt.no Det liknar ein offentleg omsorgssvikt&nbsp;&nbsp;morenytt.no&hellip;\n","protected":false},"author":2,"featured_media":138138,"comment_status":"","ping_status":"","sticky":false,"template":"","format":"standard","meta":{"footnotes":""},"categories":[10],"tags":[20,21,24,25,15,22,23,13,30,28,29,14,16,26,27],"class_list":{"0":"post-138137","1":"post","2":"type-post","3":"status-publish","4":"format-standard","5":"has-post-thumbnail","7":"category-norge","8":"tag-breaking-news","9":"tag-breakingnews","10":"tag-featured-news","11":"tag-featurednews","12":"tag-headlines","13":"tag-latest-news","14":"tag-latestnews","15":"tag-news","16":"tag-no","17":"tag-norge","18":"tag-norway","19":"tag-nyheter","20":"tag-overskrifter","21":"tag-top-stories","22":"tag-topstories"},"share_on_mastodon":{"url":"https:\/\/pubeurope.com\/@no\/115898811996702214","error":""},"_links":{"self":[{"href":"https:\/\/www.europesays.com\/no\/wp-json\/wp\/v2\/posts\/138137","targetHints":{"allow":["GET"]}}],"collection":[{"href":"https:\/\/www.europesays.com\/no\/wp-json\/wp\/v2\/posts"}],"about":[{"href":"https:\/\/www.europesays.com\/no\/wp-json\/wp\/v2\/types\/post"}],"author":[{"embeddable":true,"href":"https:\/\/www.europesays.com\/no\/wp-json\/wp\/v2\/users\/2"}],"replies":[{"embeddable":true,"href":"https:\/\/www.europesays.com\/no\/wp-json\/wp\/v2\/comments?post=138137"}],"version-history":[{"count":0,"href":"https:\/\/www.europesays.com\/no\/wp-json\/wp\/v2\/posts\/138137\/revisions"}],"wp:featuredmedia":[{"embeddable":true,"href":"https:\/\/www.europesays.com\/no\/wp-json\/wp\/v2\/media\/138138"}],"wp:attachment":[{"href":"https:\/\/www.europesays.com\/no\/wp-json\/wp\/v2\/media?parent=138137"}],"wp:term":[{"taxonomy":"category","embeddable":true,"href":"https:\/\/www.europesays.com\/no\/wp-json\/wp\/v2\/categories?post=138137"},{"taxonomy":"post_tag","embeddable":true,"href":"https:\/\/www.europesays.com\/no\/wp-json\/wp\/v2\/tags?post=138137"}],"curies":[{"name":"wp","href":"https:\/\/api.w.org\/{rel}","templated":true}]}}