{"id":138139,"date":"2026-01-15T11:11:09","date_gmt":"2026-01-15T11:11:09","guid":{"rendered":"https:\/\/www.europesays.com\/no\/138139\/"},"modified":"2026-01-15T11:11:09","modified_gmt":"2026-01-15T11:11:09","slug":"kristin-austgulen-fosnaes-tok-nm-gull-pa-10-kilometer-fristil","status":"publish","type":"post","link":"https:\/\/www.europesays.com\/no\/138139\/","title":{"rendered":"Kristin Austgulen Fosn\u00e6s tok NM-gull p\u00e5 10 kilometer fristil"},"content":{"rendered":"\n<p class=\"_lead_o9xde_2 _lead_xtcu6_50 layout-component text-serif-m layout-normal text-serif-l layout-component layout-wide layout-padded _wide_17hqh_1 layout-padded\">Det ble en dramatisk avslutning da Kristin Austgulen Fosn\u00e6s (25) tok sitt f\u00f8rste NM-gull, hun vant med 0,4 sekunder.<\/p>\n<p><img alt=\"GULL: Kristin Austgulen Fosn\u00e6s (t.v.) var best p\u00e5 10 kilometer fristil i Steinkjer.  Foto: Lise \u00c5serud  \/ NTB\" class=\"_image_qp4xg_65 layout-component layout-wide\" data-fullscreen- data-track-element-type=\"Article image fullscreen\" data-track-name=\"ImageFullscreen\" fetchpriority=\"high\" decoding=\"sync\" loading=\"eager\" height=\"2871\" itemprop=\"image\"  src=\"https:\/\/www.europesays.com\/no\/wp-content\/uploads\/2026\/01\/aad08192-fff6-45f4-a04b-5344c98e0acc.png\"  style=\"object-position:0% 0%\" width=\"4308\"\/>GULL: Kristin Austgulen Fosn\u00e6s (t.v.) var best p\u00e5 10 kilometer fristil i Steinkjer.  Foto: Lise \u00c5serud  \/ NTB<\/p>\n<ul aria-hidden=\"true\" class=\"_images_ntbth_112\">\n<li><a class=\"_link_ntbth_117\" href=\"https:\/\/www.vg.no\/forfatter\/camilla-vesteng\" style=\"z-index:1\" title=\"Camilla Vesteng\" rel=\"nofollow noopener\" target=\"_blank\"><img alt=\"Bilde av Camilla Vesteng\" class=\"_image_ntbth_93\" fetchpriority=\"low\" loading=\"lazy\" decoding=\"async\" itemprop=\"image\"  src=\"https:\/\/www.europesays.com\/no\/wp-content\/uploads\/2026\/01\/1768475468_940_ab49df32-fc16-44e1-a56a-ce5ad5bd90d2.jpeg\"  width=\"480\"\/><\/a><\/li>\n<\/ul>\n<p> Oppdatert torsdag 15. januar kl. 12:07    <\/p>\n<ul class=\"_list_o9xde_3 _list_64s2r_85 _unordered_o9xde_106 text-sans-m\">\n<li class=\"_item_o9xde_30\">Kristin Austgulen Fosn\u00e6s tok sitt f\u00f8rste NM-gull, med en seier p\u00e5 0,4 sekunder foran Karoline Gr\u00f8tting.<\/li>\n<li class=\"_item_o9xde_30\">Nora Sanness sikret bronse, 1,5 sekunder bak Fosn\u00e6s.<\/li>\n<li class=\"_item_o9xde_30\">Gr\u00f8tting reiser til Oberhof for verdenscup, med en OL-dr\u00f8m som lever.<\/li>\n<li class=\"_item_o9xde_30\">Heidi Weng, Astrid \u00d8yre Slind, Simpson-Larsen virker \u00e5 v\u00e6re sikre p\u00e5 10 km fristil i OL. <\/li>\n<\/ul>\n<p>Vis mer <\/p>\n<p class=\"_paragraph_o9xde_4 _paragraph_xtcu6_10 layout-component text-serif-m layout-normal text-serif-m layout-padded\">S\u00f8lvet gikk til Karoline Gr\u00f8tting p\u00e5 10 kilometer fristil p\u00e5 Steinkjer. Plutselig v\u00e5knet for alvor OL-dr\u00f8mmen til Gr\u00f8tting som skal g\u00e5 verdenscup i Oberhof denne helgen, dermed forlater hun NM.<\/p>\n<p class=\"_paragraph_o9xde_4 _paragraph_xtcu6_10 layout-component text-serif-m layout-normal text-serif-m layout-padded\">Og marginene om pallplassene ble marginal. Halvannet sekund skilte fra gull til bronse. <\/p>\n<p class=\"_paragraph_o9xde_4 _paragraph_xtcu6_10 layout-component text-serif-m layout-normal text-serif-m layout-padded\"><strong class=\"_strong_o9xde_25\">\u2013 Det var jo litt utrolig. Shit, det hadde jeg ikke trodd. Jeg liker ikke \u00e5 tro s\u00e5 h\u00f8yt, da blri det s\u00e5 stor fallh\u00f8yde, sier Austgulen Fosn\u00e6s til NRK. <\/strong><\/p>\n<p class=\"_paragraph_o9xde_4 _paragraph_xtcu6_10 layout-component text-serif-m layout-normal text-serif-m layout-padded\">I aller, aller siste liten viser Nora Sanness (25) OL-form. Sanness gikk i m\u00e5l hele 31,6 sekunder foran tidligere landslagsl\u00f8per Anne Kjersti Kalv\u00e5. Men bakfra kom de sterkeste konkurrentene. Austgulen Fosn\u00e6s var i m\u00e5l p\u00e5 25 minutter og 15 sekunder. Gr\u00f8tting var hakk i h\u00e6l, mens Nora Sanness var 1,5 sekunder bak og tok bronse. <\/p>\n<p><img alt=\"Nora Sanness etter 10-kilometeren i NM p\u00e5 Steinkjer torsdag.   Foto: Lise \u00c5serud  \/ NTB\" class=\"_image_qp4xg_65 layout-component layout-normal\" data-fullscreen- data-track-element-type=\"Article image fullscreen\" data-track-name=\"ImageFullscreen\" decoding=\"async\" loading=\"lazy\" height=\"3750\" itemprop=\"image\"  src=\"https:\/\/www.europesays.com\/no\/wp-content\/uploads\/2026\/01\/1c47421e-244c-4d0f-ad02-796b9194d238.jpeg\"  style=\"object-position:0% 0%\" width=\"5626\"\/>Nora Sanness etter 10-kilometeren i NM p\u00e5 Steinkjer torsdag.   Foto: Lise \u00c5serud  \/ NTB<\/p>\n<p class=\"_paragraph_o9xde_4 _paragraph_xtcu6_10 layout-component text-serif-m layout-normal text-serif-m layout-padded\">\u2013 Jeg tror jeg skal v\u00e6re forn\u00f8yd i dag uansett, men jeg har jo alltid lyst p\u00e5 en god plassering, sier Sanness til NRK. <\/p>\n<p class=\"_paragraph_o9xde_4 _paragraph_xtcu6_10 layout-component text-serif-m layout-normal text-serif-m layout-padded\">Heidi Weng og Astrid \u00d8yre Slind er bankers p\u00e5 denne \u00f8velsen i OL. Karoline Simpson-Larsen virker ogs\u00e5 klar, dermed vil den siste plassen st\u00e5 mellom Austgulen Fosn\u00e6s og Sanness. <\/p>\n<p class=\"_paragraph_o9xde_4 _paragraph_xtcu6_10 layout-component text-serif-m layout-normal text-serif-m layout-padded\">\u2013 Vi unner hverandre \u00e5 f\u00e5 g\u00e5 begge to, sier Sanness til NRK. <\/p>\n<p class=\"_paragraph_o9xde_4 _paragraph_xtcu6_10 layout-component text-serif-m layout-normal text-serif-m layout-padded\"><strong class=\"_strong_o9xde_25\">\u2013 Vi er p\u00e5 en m\u00e5te gode venninner som vil hverandre vel. Jeg syns det hadde v\u00e6rt veldig hyggelig om begge fikk plass, responderer Autgulen Fosn\u00e6s. <\/strong><\/p>\n<p class=\"_paragraph_o9xde_4 _paragraph_xtcu6_10 layout-component text-serif-m layout-normal text-serif-m layout-padded\">Sanness har hatt en seig start p\u00e5 sesongen, med disse plasseringene i verdenscupen: 24, 86, 28, 32, 15, 51, 7. Hun ble nummer 15 sammenlagt i Tour de Ski. <\/p>\n<p class=\"_paragraph_o9xde_4 _paragraph_xtcu6_10 layout-component text-serif-m layout-normal text-serif-m layout-padded\">Sanness fikk mesterskapserfaring i fjor, da hun ble nummer seks p\u00e5 VM-femmila i Trondheim.<\/p>\n<p><img alt=\"S\u00d8LV: Karoline Gr\u00f8tting tok NM-s\u00f8lv torsdag, her med bronsen fra NM-stafetten i fjor.   Foto: Geir Olsen \/ NTB\" class=\"_image_qp4xg_65 layout-component layout-normal\" data-fullscreen- data-track-element-type=\"Article image fullscreen\" data-track-name=\"ImageFullscreen\" decoding=\"async\" loading=\"lazy\" height=\"2497\" itemprop=\"image\"  src=\"https:\/\/www.europesays.com\/no\/wp-content\/uploads\/2026\/01\/51b133b8-9e1e-4507-b6e7-709cf2e50459.jpeg\"  style=\"object-position:0% 0%\" width=\"3016\"\/>S\u00d8LV: Karoline Gr\u00f8tting tok NM-s\u00f8lv torsdag, her med bronsen fra NM-stafetten i fjor.   Foto: Geir Olsen \/ NTB<\/p>\n<p class=\"_paragraph_o9xde_4 _paragraph_xtcu6_10 layout-component text-serif-m layout-normal text-serif-m layout-padded\">Karoline Gr\u00f8tting leverte som NRK-ekspertene tipset om p\u00e5 forh\u00e5nd. Hun innr\u00f8mmer at hun var ekstremt nerv\u00f8s f\u00f8r start. N\u00e5 er hun en outsider til OL-plass. <\/p>\n<p class=\"_paragraph_o9xde_4 _paragraph_xtcu6_10 layout-component text-serif-m layout-normal text-serif-m layout-padded\"><strong class=\"_strong_o9xde_25\">\u2013 Jeg t\u00f8r ikke si noe. Det er veldig nytt for meg, det er litt skummelt ogs\u00e5. Folk heier p\u00e5 meg overalt og vil ta bilde med meg, jeg er ikke vant til det. Jeg vil v\u00e6re underdog, sier Gr\u00f8tting til NRK. <\/strong><\/p>\n<p class=\"_paragraph_o9xde_4 _paragraph_xtcu6_10 layout-component text-serif-m layout-normal text-serif-m layout-padded\">Maren Wangensteeen ble nummer fire, mens Tiril Udnes Weng ble nummer frem. Eva Ingebrigtsen endte p\u00e5 6. plass, mens Kalv\u00e5 ble nummer syv, 33,1 sekunder bak Fosn\u00e6s. <\/p>\n","protected":false},"excerpt":{"rendered":"Det ble en dramatisk avslutning da Kristin Austgulen Fosn\u00e6s (25) tok sitt f\u00f8rste NM-gull, hun vant med 0,4&hellip;\n","protected":false},"author":2,"featured_media":138140,"comment_status":"","ping_status":"","sticky":false,"template":"","format":"standard","meta":{"footnotes":""},"categories":[5],"tags":[20,21,24,25,15,19,15013,8789,398,22,23,17,18,13,30,28,29,14,10469,16,26,27],"class_list":{"0":"post-138139","1":"post","2":"type-post","3":"status-publish","4":"format-standard","5":"has-post-thumbnail","7":"category-overskrifter","8":"tag-breaking-news","9":"tag-breakingnews","10":"tag-featured-news","11":"tag-featurednews","12":"tag-headlines","13":"tag-hovedoppslag","14":"tag-karoline-simpson-larsen","15":"tag-kristin-austgulen-fosnaes","16":"tag-langrenn","17":"tag-latest-news","18":"tag-latestnews","19":"tag-main-news","20":"tag-mainnews","21":"tag-news","22":"tag-no","23":"tag-norge","24":"tag-norway","25":"tag-nyheter","26":"tag-ol-2026","27":"tag-overskrifter","28":"tag-top-stories","29":"tag-topstories"},"share_on_mastodon":{"url":"https:\/\/pubeurope.com\/@no\/115898815956319518","error":""},"_links":{"self":[{"href":"https:\/\/www.europesays.com\/no\/wp-json\/wp\/v2\/posts\/138139","targetHints":{"allow":["GET"]}}],"collection":[{"href":"https:\/\/www.europesays.com\/no\/wp-json\/wp\/v2\/posts"}],"about":[{"href":"https:\/\/www.europesays.com\/no\/wp-json\/wp\/v2\/types\/post"}],"author":[{"embeddable":true,"href":"https:\/\/www.europesays.com\/no\/wp-json\/wp\/v2\/users\/2"}],"replies":[{"embeddable":true,"href":"https:\/\/www.europesays.com\/no\/wp-json\/wp\/v2\/comments?post=138139"}],"version-history":[{"count":0,"href":"https:\/\/www.europesays.com\/no\/wp-json\/wp\/v2\/posts\/138139\/revisions"}],"wp:featuredmedia":[{"embeddable":true,"href":"https:\/\/www.europesays.com\/no\/wp-json\/wp\/v2\/media\/138140"}],"wp:attachment":[{"href":"https:\/\/www.europesays.com\/no\/wp-json\/wp\/v2\/media?parent=138139"}],"wp:term":[{"taxonomy":"category","embeddable":true,"href":"https:\/\/www.europesays.com\/no\/wp-json\/wp\/v2\/categories?post=138139"},{"taxonomy":"post_tag","embeddable":true,"href":"https:\/\/www.europesays.com\/no\/wp-json\/wp\/v2\/tags?post=138139"}],"curies":[{"name":"wp","href":"https:\/\/api.w.org\/{rel}","templated":true}]}}