{"id":138143,"date":"2026-01-15T11:21:12","date_gmt":"2026-01-15T11:21:12","guid":{"rendered":"https:\/\/www.europesays.com\/no\/138143\/"},"modified":"2026-01-15T11:21:12","modified_gmt":"2026-01-15T11:21:12","slug":"aktor-magne-nyborg-ber-om-fengselsstraff-i-saka-om-grov-korrupsjon-i-sunnmore-tingrett-nrk-more-og-romsdal-lokale-nyheter-tv-og-radio","status":"publish","type":"post","link":"https:\/\/www.europesays.com\/no\/138143\/","title":{"rendered":"Aktor Magne Nyborg ber om fengselsstraff i saka om grov korrupsjon i Sunnm\u00f8re tingrett \u2013 NRK M\u00f8re og Romsdal \u2013 Lokale nyheter, TV og radio"},"content":{"rendered":"<p>Dei tre tiltalte, ein tidlegare offentleg tilsett r\u00e5dgjevar og to bedriftseigarar, har i Sunnm\u00f8re tingrett <a href=\"https:\/\/www.nrk.no\/mr\/tre-menn-nektar-straffskuld-i-sunnmore-tingrett-_-sikta-for-grov-korrupsjon-1.17719263\" ec-id=\"pp:article:1.17719263\" ec-name=\"nekta straffskuld for grov korrupsjon.\" rel=\"nofollow noopener\" target=\"_blank\">nekta straffskuld for grov korrupsjon.<\/a><\/p>\n<p>Aktor, statsadvokat Magne Nyborg, meiner r\u00e5dgjevaren fekk \u00f8konomiske gode fr\u00e5 to bedriftseigarar, mot at han bidrog til at l\u00e5nes\u00f8knadar vart godkjent eller prioritert f\u00f8r andre.<\/p>\n<p><strong>\u2013 Vi meiner han har misbrukt tilliten arbeidsgivaren har gitt han.<\/strong><\/p>\n<p>Strafferamma for grov korrupsjon er fengsel i inntil 10 \u00e5r.<\/p>\n<p><img decoding=\"async\"   src=\"data:image\/gif;base64,R0lGODlhAQABAIAAAAAAAP\/\/\/yH5BAEAAAAALAAAAAABAAEAAAIBRAA7\" loading=\"eager\" alt=\"Bildet viser en person som sitter i en rettssal foran en dommerstol. Bakgrunnen viser en vegg med dekorative elementer og et kamera plassert over bordet. Det er en rolig setting som indikerer en p\u00e5g\u00e5ende juridisk prosess. Det er flere glassbeholdere synlige p\u00e5 bordet foran personen.\" title=\"Foto: Remi Sagen \/ NRK\"\/><\/p>\n<p class=\"\">Ruth-Louise Osborg er dommar i saka.<\/p>\n<p>Foto: Remi Sagen \/ NRK<\/p>\n<p>Nyborg meiner dei to bedriftseigarane m\u00e5 d\u00f8mmast til fengselsstraff i to \u00e5r og to m\u00e5nader og to \u00e5r og \u00e5tte m\u00e5nader.<\/p>\n<p>Forsvararen til den tidlegare offentleg tilsette, Frode Sulland, meiner p\u00e5talemakta har bomma i denne saka.<\/p>\n<p><strong>\u2013 Her har det skjedd misforst\u00e5ingar og feilvurderingar av b\u00e5de faktum og jus, sa han i sin prosedyre.<\/strong><\/p>\n<p>Revisor varsla \u00d8kokrim<\/p>\n<p>Saka starta d\u00e5 ein revisor oppdaga ein mistenkeleg transaksjon.<\/p>\n<p>Kunder\u00e5dgjevaren hadde kj\u00f8pt ei leilegheit av firmaet til den eine bedriftseigaren til under halvparten av marknadsprisen.<\/p>\n<p>R\u00e5dgjevaren var tilsett i eit statleg selskap som l\u00e5ner ut offentlege pengar.<\/p>\n<p>Bedriftseigaren hadde vore l\u00e5nekunde der.<\/p>\n<p>\u00d8kokrim blei varsla og etterforskinga starta.<\/p>\n<p><img decoding=\"async\"   src=\"data:image\/gif;base64,R0lGODlhAQABAIAAAAAAAP\/\/\/yH5BAEAAAAALAAAAAABAAEAAAIBRAA7\" loading=\"eager\" alt=\"Bildet viser en person kledd i formelt antrekk, som sitter i en rettsal. Det er flere uskarpe elementer i forgrunnen, som sannsynligvis er deler av m\u00f8bler eller dokumenter. Omgivelsene er n\u00f8kterne og har en profesjonell atmosf\u00e6re, typisk for et rettslokale. Personen ser ut til \u00e5 v\u00e6re fokusert p\u00e5 en p\u00e5g\u00e5ende prosess.\" title=\"Foto: Remi Sagen \/ NRK\"\/><\/p>\n<p class=\"\">Forsvarar Frode Sulland er forsvarar for den tiltalte tidlegare r\u00e5dgjevaren. Han meiner at vilk\u00e5ra for korrupsjon ikkje er oppfylt for nokon av tiltalepunkta.<\/p>\n<p>Foto: Remi Sagen \/ NRK<\/p>\n<p>Meiner dei er skuldige<\/p>\n<p>I etterforskinga kom det fram at kunder\u00e5dgjevaren ogs\u00e5 hadde selt ei leilegheit til ein annan bedriftseigar som var kunde. Han fekk meir enn 1,1 millionar over marknadsverdi.<\/p>\n<p>Aktor meiner han m\u00e5 d\u00f8mmast til inndraging av ein million for dette.<\/p>\n<p><img decoding=\"async\"   src=\"data:image\/gif;base64,R0lGODlhAQABAIAAAAAAAP\/\/\/yH5BAEAAAAALAAAAAABAAEAAAIBRAA7\" loading=\"eager\" alt=\"Statsadvokaten holder et papirark. Omgivelsene inkluderer moderne m\u00f8bler og belysning. En mikrofon er synlig p\u00e5 bordet foran dommeren. Rettssalen ser ut til \u00e5 v\u00e6re godt opplyst og organisert.\" title=\"Foto: Remi Sagen \/ NRK\"\/><\/p>\n<p class=\"\">Aktor Magne Nyborg i Sunnm\u00f8re tingrett.<\/p>\n<p>Foto: Remi Sagen \/ NRK<\/p>\n<p>R\u00e5dgjevaren hadde ogs\u00e5 inng\u00e5tt gunstige intensjonsavtalar som varte i ti \u00e5r om kj\u00f8p av aksjar i fiskeriselskapa til dei to kundane.<\/p>\n<p>Nyborg meiner han har brukt desse avtalane til \u00e5 presse prisen p\u00e5 leilegheitene opp og ned.<\/p>\n<p><strong>\u2013 Dette er h\u00f8gst spekulativ bevisf\u00f8rsel av aktor, sa Sulland i sin prosedyre. <\/strong><\/p>\n<p>I seks dagar har saka g\u00e5tt for Sunnm\u00f8re tingrett.<\/p>\n<p>Nyborg konkluderer med at det er bevist utover ein kvar rimeleg tvil at dei tre mennene har gjort seg skuldige i grov korrupsjon.<\/p>\n<p>Forsvarar Frode Sulland derimot, viser til at politiet her berre har leita etter bevis utifr\u00e5 ei haldning om at dei tre er skuldige, og at bevisa for at dei er uskyldige er blitt ignorerte.<\/p>\n<p>Han ber om at den tidlegare r\u00e5dgjevaren blir frifunnen.<\/p>\n<p><img decoding=\"async\"   src=\"data:image\/gif;base64,R0lGODlhAQABAIAAAAAAAP\/\/\/yH5BAEAAAAALAAAAAABAAEAAAIBRAA7\" loading=\"eager\" alt=\"En dommer st\u00e5r i en rettssal if\u00f8rt en dommerrobe. Han b\u00f8yer seg over et skrivebord med dataskjerm og vannkarafler. Bakgrunnen viser en del av rettssalen med uklare konturer av andre tilstedev\u00e6rende. Det er naturlig lys i rommet med en minimalistisk, lysfarget interi\u00f8r.\" title=\"Foto: Remi Sagen \/ NRK\"\/><\/p>\n<p class=\"\">Forsvarsadvokat Frode Sulland.<\/p>\n<p>Foto: Remi Sagen \/ NRK<\/p>\n<p>Nektar straffskuld<\/p>\n<p>Dei tre har gjennom heile saka nekta straffskuld, og kom med andre forklaringar enn korrupsjon p\u00e5 avtalane og kj\u00f8pa.<\/p>\n<p>Dei meiner avtalane berre skulle gjelde om r\u00e5dgjevaren slutta i det offentlege selskapet og starta \u00e5 jobbe for fiskeribedriftene.<\/p>\n<p>Frode Sulland meiner retten m\u00e5 legge dette til grunn, og i tillegg meiner han uansett straffeansvaret er forelda for avtalane.<\/p>\n<p>Prisen p\u00e5 leilegheitene meiner r\u00e5dgjevaren var rett.<\/p>\n<p><img decoding=\"async\"   src=\"data:image\/gif;base64,R0lGODlhAQABAIAAAAAAAP\/\/\/yH5BAEAAAAALAAAAAABAAEAAAIBRAA7\" loading=\"eager\" alt=\"En forsvarer sitter ved en pult i en rettssal, if\u00f8rt en robe og slips. Det er dataskjermer p\u00e5 skrivebordet, og mikrofoner er synlige. Omgivelsene er n\u00f8ytrale og innbydende, typiske for en rettssal. Bildet fanger en formell atmosf\u00e6re knyttet til rettslig behandling.\" title=\"Foto: Remi Sagen \/ NRK\"\/><\/p>\n<p class=\"\">Kenneth Mikkelsen er forsvarar for den eine bedriftseigaren.<\/p>\n<p>Foto: Remi Sagen \/ NRK<\/p>\n<p>Forsvararen til den eine bedriftseigaren, Kenneth Mikkelsen, seier han synest saka er blitt godt belyst og styrkar deira sak.<\/p>\n<p><strong>\u2013 Vi kan ikkje sj\u00e5 at dette er korrupsjon. Det kan gjerne vere uheldig, kritikkverdig, men korrupsjon, det er det ikkje<\/strong>.<\/p>\n<p>Stor belastning<\/p>\n<p>Familie og tidlegare kollegaer av den tidlegare r\u00e5dgjevaren har vitna i saka.<\/p>\n<p>Dei beskriv situasjonen som sv\u00e6rt belastande for mannen.<\/p>\n<p><img decoding=\"async\"   src=\"data:image\/gif;base64,R0lGODlhAQABAIAAAAAAAP\/\/\/yH5BAEAAAAALAAAAAABAAEAAAIBRAA7\" loading=\"eager\" alt=\"Sunnm\u00f8re tingrett\" title=\"Foto: Remi Sagen \/ NRK\"\/><\/p>\n<p class=\"\">Familie og kollegaer av den tiltalte tidlegare r\u00e5dgjevaren og ein rekneskapsf\u00f8rar for den eine bedrifta har vitna i saka.<\/p>\n<p>Foto: Remi Sagen \/ NRK<\/p>\n<p>Kollegaene sa begge at systemet i det statseigde selskapet gjorde det sv\u00e6rt vanskeleg for ein r\u00e5dgjevar \u00e5 p\u00e5verke kva utfall l\u00e5nes\u00f8knaden fekk.<\/p>\n<p>Dei har ogs\u00e5 g\u00e5tt igjennom l\u00e5nes\u00f8knadene fr\u00e5 dei aktuelle kundane i ettertid, og ikkje funne noko gale.<\/p>\n<p><strong>\u2013 Moglegheita du har til \u00e5 p\u00e5verke dette er ikkje-eksisterande, sa den eine kollegaen fr\u00e5 vitneboksen.<\/strong><\/p>\n<p>Han sa ogs\u00e5 at han blei skuffa d\u00e5 han fekk vite om avtalane om aksjekj\u00f8p, men at det ikkje ville f\u00f8rt til at kollegaen mista jobben i det statseigde selskapet. Han hadde berre blitt inhabil overfor kundane.<\/p>\n<p>Publisert<\/p>\n<p>15.01.2026, kl. 09.19<\/p>\n<p>Oppdatert<\/p>\n<p>15.01.2026, kl. 11.30<\/p>\n","protected":false},"excerpt":{"rendered":"Dei tre tiltalte, ein tidlegare offentleg tilsett r\u00e5dgjevar og to bedriftseigarar, har i Sunnm\u00f8re tingrett nekta straffskuld for&hellip;\n","protected":false},"author":2,"featured_media":138144,"comment_status":"","ping_status":"","sticky":false,"template":"","format":"standard","meta":{"footnotes":""},"categories":[10],"tags":[20,21,24,25,15,22,23,13,30,28,29,14,16,26,27],"class_list":{"0":"post-138143","1":"post","2":"type-post","3":"status-publish","4":"format-standard","5":"has-post-thumbnail","7":"category-norge","8":"tag-breaking-news","9":"tag-breakingnews","10":"tag-featured-news","11":"tag-featurednews","12":"tag-headlines","13":"tag-latest-news","14":"tag-latestnews","15":"tag-news","16":"tag-no","17":"tag-norge","18":"tag-norway","19":"tag-nyheter","20":"tag-overskrifter","21":"tag-top-stories","22":"tag-topstories"},"share_on_mastodon":{"url":"https:\/\/pubeurope.com\/@no\/115898855285649660","error":""},"_links":{"self":[{"href":"https:\/\/www.europesays.com\/no\/wp-json\/wp\/v2\/posts\/138143","targetHints":{"allow":["GET"]}}],"collection":[{"href":"https:\/\/www.europesays.com\/no\/wp-json\/wp\/v2\/posts"}],"about":[{"href":"https:\/\/www.europesays.com\/no\/wp-json\/wp\/v2\/types\/post"}],"author":[{"embeddable":true,"href":"https:\/\/www.europesays.com\/no\/wp-json\/wp\/v2\/users\/2"}],"replies":[{"embeddable":true,"href":"https:\/\/www.europesays.com\/no\/wp-json\/wp\/v2\/comments?post=138143"}],"version-history":[{"count":0,"href":"https:\/\/www.europesays.com\/no\/wp-json\/wp\/v2\/posts\/138143\/revisions"}],"wp:featuredmedia":[{"embeddable":true,"href":"https:\/\/www.europesays.com\/no\/wp-json\/wp\/v2\/media\/138144"}],"wp:attachment":[{"href":"https:\/\/www.europesays.com\/no\/wp-json\/wp\/v2\/media?parent=138143"}],"wp:term":[{"taxonomy":"category","embeddable":true,"href":"https:\/\/www.europesays.com\/no\/wp-json\/wp\/v2\/categories?post=138143"},{"taxonomy":"post_tag","embeddable":true,"href":"https:\/\/www.europesays.com\/no\/wp-json\/wp\/v2\/tags?post=138143"}],"curies":[{"name":"wp","href":"https:\/\/api.w.org\/{rel}","templated":true}]}}