{"id":138158,"date":"2026-01-15T11:34:09","date_gmt":"2026-01-15T11:34:09","guid":{"rendered":"https:\/\/www.europesays.com\/no\/138158\/"},"modified":"2026-01-15T11:34:09","modified_gmt":"2026-01-15T11:34:09","slug":"to-millioner-ukrainere-unngar-mobilisering-ifolge-ny-forsvarsminister","status":"publish","type":"post","link":"https:\/\/www.europesays.com\/no\/138158\/","title":{"rendered":"To millioner ukrainere unng\u00e5r mobilisering, if\u00f8lge ny forsvarsminister"},"content":{"rendered":"<p>    Ukrainske soldater deserterer i stort omfang og hele to millioner har ikke m\u00f8tt opp til milit\u00e6rtjeneste, opplyser forsvarsminister Mykhajlo Fedorov. <\/p>\n<p>\n        Ukrainske soldater fotografert under en \u00f8velse i n\u00e6rheten av frontlinjen s\u00f8r i landet. Bildet ble tatt 4. januar.<br \/>\n        Andrij Andrijenko \/ det ukrainske forsvaret via AP \/ NTB\n    <\/p>\n<p>Situasjonen utgj\u00f8r en stor utfordring for det ukrainske forsvaret, sa Fedorov da han onsdag talte i Ukrainas nasjonalforsamling i forbindelse med at han ble innsatt som forsvarsminister.<\/p>\n<p>I tillegg til at to millioner ukrainske menn er etterlyst for ikke \u00e5 ha m\u00f8tt fram til milit\u00e6rtjeneste, har rundt 200.000 soldater forlatt milit\u00e6ret uten lov. De har enten desertert eller er p\u00e5 ulovlig perm. <\/p>\n<p>Utslitte soldater<\/p>\n<p><a href=\"https:\/\/kyivindependent.com\/ukraine-soldiers-awol-mobilization\/\" target=\"_blank\" rel=\"nofollow noopener\">Kyiv Independent<\/a> skriver at opplysningene er sjelden kost, og at de blir lagt fram samtidig som Ukrainas h\u00e6r opplever en kritisk mangel p\u00e5 soldater.<\/p>\n<p>                <img decoding=\"async\" src=\"https:\/\/www.europesays.com\/no\/wp-content\/uploads\/2026\/01\/1377947.webp.jpeg\" width=\"480\" height=\"274\" title=\"En minnelund for falne ukrainske soldater i Kyiv fotografert i forrige uke.\" alt=\"\" loading=\"lazy\" style=\"\"\/><\/p>\n<p>\n            En minnelund for falne ukrainske soldater i Kyiv fotografert i forrige uke.<br \/>\n            Jefrem Lukatskyj \/ AP \/ NTB\n        <\/p>\n<p>Spesielt prek\u00e6r er situasjonen i infanteriet, der sv\u00e6rt mange soldater er drept ved fronten. Det blir stadig vanskeligere \u00e5 erstatte dem.<\/p>\n<p>Etter \u00e5 ha kjempet i nesten fire \u00e5r, og med sv\u00e6rt f\u00e5 permisjoner, er mange soldater utslitt. Mange har derfor valgt \u00e5 desertere eller dra p\u00e5 ulovlig perm. Det er handlinger som kan straffes med fengsel i fem til tolv \u00e5r n\u00e5r landet er i krig.<\/p>\n<p>\u00c5 unng\u00e5 mobilisering med overlegg kan straffes med mellom to og tre \u00e5r i krigstid.<\/p>\n<p>\u2013 M\u00e5 endres umiddelbart<\/p>\n<p>                <img decoding=\"async\" src=\"https:\/\/www.europesays.com\/no\/wp-content\/uploads\/2026\/01\/1377949.webp.jpeg\" width=\"480\" height=\"274\" title=\"Ukrainas nye forsvarsminister Mykhajlo Fedorov erkjenner at landets forsvar har et stort problem med soldater som deserterer og ukrainske menn som nekter \u00e5 la seg mobilisere.\" alt=\"\" loading=\"lazy\" style=\"\"\/><\/p>\n<p>\n            Ukrainas nye forsvarsminister Mykhajlo Fedorov erkjenner at landets forsvar har et stort problem med soldater som deserterer og ukrainske menn som nekter \u00e5 la seg mobilisere.<br \/>\n            Jefrem Lukatskyj \/ AP \/ NTB\n        <\/p>\n<p>I sin innsettelsestale sa Fedorov ogs\u00e5 at et stort antall problemer m\u00e5 l\u00f8ses umiddelbart, blant annet n\u00e5r det gjelder papirveldet i h\u00e6ren, ledelseskulturen, og mangel p\u00e5 ressurser, deriblant v\u00e5pen, til kampstyrkene.<\/p>\n<p>If\u00f8lge Fedorov mangler dessuten forsvarsdepartementet cirka 70 millioner kroner i finansiering.<\/p>\n<p>Fedorov ble nominert til ny forsvarsminister av president Volodymyr Zelenskyj i begynnelsen av januar. Han er tidligere minister for digital omstilling og har blant annet st\u00e5tt i spissen for h\u00e6rens satsing p\u00e5 droneteknologi. <\/p>\n","protected":false},"excerpt":{"rendered":"Ukrainske soldater deserterer i stort omfang og hele to millioner har ikke m\u00f8tt opp til milit\u00e6rtjeneste, opplyser forsvarsminister&hellip;\n","protected":false},"author":2,"featured_media":138159,"comment_status":"","ping_status":"","sticky":false,"template":"","format":"standard","meta":{"footnotes":""},"categories":[12],"tags":[20,21,24,25,15,22,23,13,30,28,29,14,16,26,27,42,43,44,45],"class_list":{"0":"post-138158","1":"post","2":"type-post","3":"status-publish","4":"format-standard","5":"has-post-thumbnail","7":"category-verden","8":"tag-breaking-news","9":"tag-breakingnews","10":"tag-featured-news","11":"tag-featurednews","12":"tag-headlines","13":"tag-latest-news","14":"tag-latestnews","15":"tag-news","16":"tag-no","17":"tag-norge","18":"tag-norway","19":"tag-nyheter","20":"tag-overskrifter","21":"tag-top-stories","22":"tag-topstories","23":"tag-verden","24":"tag-world","25":"tag-world-news","26":"tag-worldnews"},"share_on_mastodon":{"url":"https:\/\/pubeurope.com\/@no\/115898906490630564","error":""},"_links":{"self":[{"href":"https:\/\/www.europesays.com\/no\/wp-json\/wp\/v2\/posts\/138158","targetHints":{"allow":["GET"]}}],"collection":[{"href":"https:\/\/www.europesays.com\/no\/wp-json\/wp\/v2\/posts"}],"about":[{"href":"https:\/\/www.europesays.com\/no\/wp-json\/wp\/v2\/types\/post"}],"author":[{"embeddable":true,"href":"https:\/\/www.europesays.com\/no\/wp-json\/wp\/v2\/users\/2"}],"replies":[{"embeddable":true,"href":"https:\/\/www.europesays.com\/no\/wp-json\/wp\/v2\/comments?post=138158"}],"version-history":[{"count":0,"href":"https:\/\/www.europesays.com\/no\/wp-json\/wp\/v2\/posts\/138158\/revisions"}],"wp:featuredmedia":[{"embeddable":true,"href":"https:\/\/www.europesays.com\/no\/wp-json\/wp\/v2\/media\/138159"}],"wp:attachment":[{"href":"https:\/\/www.europesays.com\/no\/wp-json\/wp\/v2\/media?parent=138158"}],"wp:term":[{"taxonomy":"category","embeddable":true,"href":"https:\/\/www.europesays.com\/no\/wp-json\/wp\/v2\/categories?post=138158"},{"taxonomy":"post_tag","embeddable":true,"href":"https:\/\/www.europesays.com\/no\/wp-json\/wp\/v2\/tags?post=138158"}],"curies":[{"name":"wp","href":"https:\/\/api.w.org\/{rel}","templated":true}]}}