{"id":138160,"date":"2026-01-15T11:35:09","date_gmt":"2026-01-15T11:35:09","guid":{"rendered":"https:\/\/www.europesays.com\/no\/138160\/"},"modified":"2026-01-15T11:35:09","modified_gmt":"2026-01-15T11:35:09","slug":"lisa-18-har-jobbet-siden-hun-var-12-ar-na-star-mulighetene-i-ko-nrk-vestfold-og-telemark-lokale-nyheter-tv-og-radio","status":"publish","type":"post","link":"https:\/\/www.europesays.com\/no\/138160\/","title":{"rendered":"Lisa (18) har jobbet siden hun var 12 \u00e5r \u2013 n\u00e5 st\u00e5r mulighetene i k\u00f8 \u2013 NRK Vestfold og Telemark \u2013 Lokale nyheter, TV og radio"},"content":{"rendered":"<p>Saken oppsummert<\/p>\n<ul>\n<li>Lisa (18) startet \u00e5 jobbe som 12-\u00e5ring og har n\u00e5 et stort nettverk og mange jobbmuligheter.<\/li>\n<li>Sommer- og deltidsjobber gir verdifull erfaring og kan v\u00e6re avgj\u00f8rende for fremtidig karriere.<\/li>\n<li>Unge som jobber tidlig, har h\u00f8yere l\u00f8nn som voksne \u2013 i snitt 100.000 kroner mer per \u00e5r.<\/li>\n<li>Arbeidsgivere lyser ut sommerjobber stadig tidligere, spesielt innen helse, industri og reiseliv.<\/li>\n<li>Nav anbefaler \u00e5 v\u00e6re tidlig ute, bruke nettverk, levere \u00e5pne s\u00f8knader og vurdere frivillig arbeid.<\/li>\n<\/ul>\n<p>Oppsummeringen er laget av en KI-tjeneste fra OpenAI. Innholdet er kvalitetssikret av NRKs journalister f\u00f8r publisering.<\/p>\n<p>\u2013 Jeg ser verdien i \u00e5 jobbe. Det gir meg ikke bare penger, men ogs\u00e5 muligheter videre.<\/p>\n<p>Det sier Lisa Lind\u00e9n Vaags (18). Hun sitter i resepsjonen p\u00e5 fylkeshuset i T\u00f8nsberg.<\/p>\n<p>Fingrene flyr over tastaturet foran henne.<\/p>\n<p><strong>\u2013 N\u00e5r jeg s\u00f8ker jobber, ser arbeidsgiverne at jeg har erfaring fra ung alder, forklarer Lisa.<\/strong><\/p>\n<p>Hun har jobbet siden hun var 12 \u00e5r, og tror at det er grunnen til at hun er der hun er i dag.<\/p>\n<p>    <img alt=\"Lisa sitter foran en PC-skjerm i resepsjonen.\"  loading=\"lazy\"\/><img alt=\"Lisa sitter foran en PC-skjerm i resepsjonen.\"  loading=\"lazy\"\/>FOTO: ELINE MOLV\u00c6R L\u00d8NDAL \/ NRK<\/p>\n<p>Lisas f\u00f8rste sommerjobb var i oppvasken p\u00e5 en restaurant hjemme i Stavern.<\/p>\n<p>\u2013 Det var et slit. Kokende vann i den verste sommervarmen. Du blir jo svett, ler hun.<\/p>\n<p><strong>Likevel er hun glad for at arbeidslysten slo inn tidlig. Siden har tilbudene str\u00f8mmet p\u00e5.<\/strong><\/p>\n<p>Avgj\u00f8rende for fremtiden<\/p>\n<p>Det \u00e5 ha en sommer- eller deltidsjobb n\u00e5r du er ung, har mye \u00e5 si for voksenlivet, sier Katrine Hestenes i Nav Vestfold og Telemark.<\/p>\n<p>Hun peker p\u00e5 arbeidsledigheten blant unge, som n\u00e5 er p\u00e5 15,4 prosent, if\u00f8lge <a href=\"https:\/\/www.ssb.no\/arbeid-og-lonn\/sysselsetting\/statistikk\/arbeidskraftundersokelsen\" target=\"_blank\" ec-id=\"https:\/\/www.ssb.no\/arbeid-og-lonn\/sysselsetting\/statistikk\/arbeidskraftundersokelsen\" ec-name=\"SSB\" rel=\"nofollow noopener\">SSB<\/a>.<\/p>\n<p><strong>P\u00e5 ett \u00e5r har tallet p\u00e5 arbeidsledige under 25 \u00e5r \u00f8kt med 5,4 prosentpoeng.<\/strong><\/p>\n<p><strong>Hestenes mener at sommerjobben kan v\u00e6re veien inn i arbeidslivet for mange.<\/strong><\/p>\n<p>\u2013 De f\u00e5r testet ulike yrker, og finner ut hva de liker og hva de mestrer, sier hun.<\/p>\n<p>    <img class=\"dhtb__img--YLLyL\" alt=\"Katrine Hestenes sitter p\u00e5 et kontor med noen papirer i hendene. P\u00e5 bordet foran henne st\u00e5r en kaffekopp.\" loading=\"lazy\" fetchpriority=\"auto\" style=\"--_horizontal-object-position: max(100%, min(0px, calc(0.40 * 100% - 0.40 * 100vw + 50vw))) max(100%, min(0px, calc(0.46 * 100% - 0.46 * 100vh + 50vh))); --_vertical-object-position: max(100%, min(0px, calc(0.45 * 100% - 0.45 * 100vw + 50vw))) max(100%, min(0px, calc(0.48 * 100% - 0.48 * 100vh + 50vh)));\" \/><\/p>\n<p>Foto: Eline Molv\u00e6r L\u00f8ndal \/ NRK<\/p>\n<p> Foto: Eline Molv\u00e6r L\u00f8ndal \/ NRK<\/p>\n<p>I tillegg viser tall fra <a href=\"https:\/\/www.ssb.no\/inntekt-og-forbruk\/inntekt-og-formue\/statistikk\/inntekts-og-formuesstatistikk-for-husholdninger\/artikler\/17-aringer-med-sommerjobb-fikk-betydelig-hoyere-inntekt-som-voksne\" target=\"_blank\" ec-id=\"https:\/\/www.ssb.no\/inntekt-og-forbruk\/inntekt-og-formue\/statistikk\/inntekts-og-formuesstatistikk-for-husholdninger\/artikler\/17-aringer-med-sommerjobb-fikk-betydelig-hoyere-inntekt-som-voksne\" ec-name=\"SSB\" rel=\"nofollow noopener\">SSB<\/a> at det \u00e5 ha en sommer- eller deltidsjobb i ung alder, kan ha stor betydning for fremtidig inntekt.<\/p>\n<p>De som hadde en jobb da de var 17 \u00e5r, tjener i snitt 100.000 kroner mer i \u00e5ret som voksne, sammenlignet med de som ikke jobbet.<\/p>\n<p>Lyser ut stillingene tidligere<\/p>\n<p>Selv om sol og varme kan virke fjernt, er det p\u00e5 tide \u00e5 legge sommerplanene allerede n\u00e5.<\/p>\n<p><strong>\u2013 Vi ser at flere arbeidsgivere lyser ut stillingene stadig tidligere, sier Hestenes.<\/strong><\/p>\n<p>Hun trekker spesielt frem helsesektoren, der utlysningene kom allerede f\u00f8r jul.<\/p>\n<p>I l\u00f8pet av januar og februar kommer stillingene innen industri, mens i reiselivsbransjen er s\u00f8knadsfristene lengre.<\/p>\n<p><strong>\u2013 Om du har du lyst til \u00e5 jobbe i sommer, haster det. Begynn allerede n\u00e5, er oppfordringen fra Hestenes.<\/strong><\/p>\n<p>Nav deler sine beste tips med deg som s\u00f8ker sommerjobb. Les dem lenger ned i saken.<\/p>\n<p>\u2013 Fint \u00e5 f\u00e5 erfaring<\/p>\n<p>NRK spurte f\u00f8rsteklassinger p\u00e5 Greveskogen videreg\u00e5ende skole i T\u00f8nsberg om de har tenkt til \u00e5 jobbe i sommer:<\/p>\n<ul class=\"dhpg__gallery__list\">\n<li class=\"dhpg__gallery__listItem\"><img alt=\"Sofie og Hanna sitter i et klasserom. Bak dem skinner sola inn gjennom vinduet.\"  width=\"2400\" height=\"2400\" loading=\"lazy\"\/>Sofie Victoria Andersen (16)\n<p>\u2013 Jeg har lyst til \u00e5 jobbe i sommer, s\u00e5 jeg leter etter jobb n\u00e5, men det er vanskelig.<\/p>\n<p>\u2013 Hvordan s\u00f8ker du?<\/p>\n<p>\u2013 Hovedsakelig p\u00e5 nett, men jeg g\u00e5r ogs\u00e5 rundt og leverer\u00a0s\u00f8knad og CV fysisk. Det bruker jeg fritimene mine p\u00e5, for de som er ansvarlige, jobber ofte n\u00e5r jeg er p\u00e5 skolen.<\/p>\n<\/li>\n<li class=\"dhpg__gallery__listItem\"><img alt=\"Emil og Tobias sitter i et klasserom og smiler til kamera.\"  width=\"2400\" height=\"2400\" loading=\"lazy\"\/>Tobias Agerup (16)\n<p>\u2013 Jeg skal ikke jobbe i sommer. Jeg f\u00f8ler ikke at jeg trenger det.<\/p>\n<p>\u2013 Hvorfor ikke?<\/p>\n<p>\u2013 Jeg synes jeg jobber nok p\u00e5 skolen, s\u00e5 jeg setter pris p\u00e5 ferie. Kanskje finner jeg meg en jobb neste sommer.<\/p>\n<\/li>\n<li class=\"dhpg__gallery__listItem\"><img alt=\"Eveline og Josefine sitter i et klasserom. Sola skinner inn gjennom vinduet bak dem. De smiler.\"  width=\"2400\" height=\"2400\" loading=\"lazy\"\/>Josefine Knapstad Hjelmen (16)\n<p>\u2013 Jeg jobber allerede fast en til to ganger i uka p\u00e5 Kiwi, s\u00e5 der jeg skal v\u00e6re i sommer ogs\u00e5.<\/p>\n<p>\u2013 Hvorfor vil du jobbe ved siden av skolen?<\/p>\n<p>\u2013 Det er fint \u00e5 f\u00e5 erfaring og litt ekstra penger. Jeg tror\u00a0det hjelper meg senere i livet. Det blir enklere \u00e5 s\u00f8ke videre.<\/p>\n<\/li>\n<\/ul>\n<p>\u2013 Ta kontakt direkte<\/p>\n<p>De mest popul\u00e6re sommerjobbene er innen varehandel og reiseliv, if\u00f8lge Nav.<\/p>\n<p>\u2013 Det kan ogs\u00e5 v\u00e6re forn\u00f8yelsesparker som B\u00f8 Sommarland eller Foldvik Familiepark, men ogs\u00e5 innen helse, selv n\u00e5r man er ufagl\u00e6rt, sier Hestenes.<\/p>\n<p>    <img class=\"dhtb__img--YLLyL\" alt=\"Katrine Hestenes sitter p\u00e5 et kontor og ser igjennom noen papirer.\" loading=\"lazy\" fetchpriority=\"auto\" style=\"--_horizontal-object-position: max(100%, min(0px, calc(0.51 * 100% - 0.51 * 100vw + 50vw))) max(100%, min(0px, calc(0.56 * 100% - 0.56 * 100vh + 50vh))); --_vertical-object-position: max(100%, min(0px, calc(0.52 * 100% - 0.52 * 100vw + 50vw))) max(100%, min(0px, calc(0.54 * 100% - 0.54 * 100vh + 50vh)));\" \/><\/p>\n<p>Foto: Eline Molv\u00e6r L\u00f8ndal \/ NRK<\/p>\n<p> Foto: Eline Molv\u00e6r L\u00f8ndal \/ NRK<\/p>\n<p>Samtidig synes flere det er vanskelig \u00e5 s\u00f8ke jobber, sier markedskoordinatoren.<\/p>\n<p><strong>\u2013 De har jo lite erfaring med det og har ikke skrevet s\u00f8knad og CV tidligere. Derfor har vi noen tips til de som s\u00f8ker sommerjobb.<\/strong><\/p>\n<ol>\n<li>V\u00e6r ute i god tid<\/li>\n<li>Bruk nettverket ditt<\/li>\n<li>Er du student kan du h\u00f8re om tidligere praksisplasser har ledige sommerjobber<\/li>\n<li>Ta kontakt direkte med arbeidsgivere og lever en \u00e5pen s\u00f8knad<\/li>\n<li>Bruk <a href=\"https:\/\/arbeidsplassen.nav.no\/\" target=\"_blank\" ec-id=\"https:\/\/arbeidsplassen.nav.no\/\" ec-name=\"arbeidsplassen.no\" rel=\"nofollow noopener\">arbeidsplassen.no<\/a> og legg inn automatisk varsel for nye stillinger<\/li>\n<li>Erfaring fra studentorganisasjoner er fint \u00e5 vise til i en CV og p\u00e5 jobbintervju<\/li>\n<li>Hvis du har en deltidsjobb, kan du sp\u00f8rre om du kan \u00f8ke stillingen til sommeren<\/li>\n<li>Bruk sosiale medier \u2013 for eksempel LinkedIn eller Facebook<\/li>\n<li>M\u00f8t opp p\u00e5 <a href=\"https:\/\/www.nav.no\/no\/lokalt\/vestfold-og-telemark\/satsinger-og-aktiviteter\/jobbmesse\/jobbmesser\" target=\"_blank\" ec-id=\"https:\/\/www.nav.no\/no\/lokalt\/vestfold-og-telemark\/satsinger-og-aktiviteter\/jobbmesse\/jobbmesser\" ec-name=\"jobbmessene til Nav\" rel=\"nofollow noopener\">jobbmessene til Nav<\/a><\/li>\n<\/ol>\n<p><strong>Hvis du ikke f\u00e5r deg sommerjobb, r\u00e5der Nav til \u00e5 vurdere \u00e5 jobbe som frivillig.<\/strong><\/p>\n<p>\u2013 Det viser stor vilje til \u00e5 utf\u00f8re arbeid, du knytter kontakter og f\u00e5r verdifull erfaring.<\/p>\n<p>Stort nettverk<\/p>\n<p>Kaf\u00e9, butikk, flere restauranter, cateringfirma, vaktsentral og n\u00e5 fylkeskommunen.<\/p>\n<p>Det er jobbene Lisa har rukket \u00e5 ha s\u00e5 langt, i tillegg til flere frivillige verv.<\/p>\n<p>\u2013 Jeg har et stort nettverk i en alder av 18 \u00e5r. Det er veldig verdifullt, sier hun.<\/p>\n<p><strong>Likevel mener hun at det ogs\u00e5 handler om \u00e5 gj\u00f8re en god jobb og \u00e5 v\u00e6re engasjert.<\/strong><\/p>\n<p>    <img class=\"dhtb__img--YLLyL\" alt=\"Lisa st\u00e5r i resepsjonen og smiler.\" loading=\"lazy\" fetchpriority=\"auto\" style=\"--_horizontal-object-position: max(100%, min(0px, calc(0.50 * 100% - 0.50 * 100vw + 50vw))) max(100%, min(0px, calc(0.50 * 100% - 0.50 * 100vh + 50vh))); --_vertical-object-position: max(100%, min(0px, calc(0.50 * 100% - 0.50 * 100vw + 50vw))) max(100%, min(0px, calc(0.50 * 100% - 0.50 * 100vh + 50vh)));\" \/><\/p>\n<p>Foto: Eline Molv\u00e6r L\u00f8ndal \/ NRK<\/p>\n<p> Foto: Eline Molv\u00e6r L\u00f8ndal \/ NRK<\/p>\n<p>N\u00e5 er planen \u00e5 ta en bachelor i ledelse.<\/p>\n<p>\u2013 Skal du jobbe ved siden av studiet?<\/p>\n<p><strong>\u2013 Ja, sp\u00f8rsm\u00e5let er bare hvor mange jobber jeg skal ha, ler hun.<\/strong><\/p>\n<p>    Hei!<\/p>\n<p>Har du noen tanker\u00a0om saken du har lest, eller innspill til noe annet jeg burde sjekke ut?<\/p>\n<p>Skriv gjerne til meg!\u00a0\ud83d\udc47<\/p>\n<p>Publisert<\/p>\n<p>15.01.2026, kl. 11.47<\/p>\n","protected":false},"excerpt":{"rendered":"Saken oppsummert Lisa (18) startet \u00e5 jobbe som 12-\u00e5ring og har n\u00e5 et stort nettverk og mange jobbmuligheter.&hellip;\n","protected":false},"author":2,"featured_media":138161,"comment_status":"","ping_status":"","sticky":false,"template":"","format":"standard","meta":{"footnotes":""},"categories":[10],"tags":[20,21,24,25,15,22,23,13,30,28,29,14,16,26,27],"class_list":{"0":"post-138160","1":"post","2":"type-post","3":"status-publish","4":"format-standard","5":"has-post-thumbnail","7":"category-norge","8":"tag-breaking-news","9":"tag-breakingnews","10":"tag-featured-news","11":"tag-featurednews","12":"tag-headlines","13":"tag-latest-news","14":"tag-latestnews","15":"tag-news","16":"tag-no","17":"tag-norge","18":"tag-norway","19":"tag-nyheter","20":"tag-overskrifter","21":"tag-top-stories","22":"tag-topstories"},"share_on_mastodon":{"url":"https:\/\/pubeurope.com\/@no\/115898910324219919","error":""},"_links":{"self":[{"href":"https:\/\/www.europesays.com\/no\/wp-json\/wp\/v2\/posts\/138160","targetHints":{"allow":["GET"]}}],"collection":[{"href":"https:\/\/www.europesays.com\/no\/wp-json\/wp\/v2\/posts"}],"about":[{"href":"https:\/\/www.europesays.com\/no\/wp-json\/wp\/v2\/types\/post"}],"author":[{"embeddable":true,"href":"https:\/\/www.europesays.com\/no\/wp-json\/wp\/v2\/users\/2"}],"replies":[{"embeddable":true,"href":"https:\/\/www.europesays.com\/no\/wp-json\/wp\/v2\/comments?post=138160"}],"version-history":[{"count":0,"href":"https:\/\/www.europesays.com\/no\/wp-json\/wp\/v2\/posts\/138160\/revisions"}],"wp:featuredmedia":[{"embeddable":true,"href":"https:\/\/www.europesays.com\/no\/wp-json\/wp\/v2\/media\/138161"}],"wp:attachment":[{"href":"https:\/\/www.europesays.com\/no\/wp-json\/wp\/v2\/media?parent=138160"}],"wp:term":[{"taxonomy":"category","embeddable":true,"href":"https:\/\/www.europesays.com\/no\/wp-json\/wp\/v2\/categories?post=138160"},{"taxonomy":"post_tag","embeddable":true,"href":"https:\/\/www.europesays.com\/no\/wp-json\/wp\/v2\/tags?post=138160"}],"curies":[{"name":"wp","href":"https:\/\/api.w.org\/{rel}","templated":true}]}}