{"id":138169,"date":"2026-01-15T11:42:09","date_gmt":"2026-01-15T11:42:09","guid":{"rendered":"https:\/\/www.europesays.com\/no\/138169\/"},"modified":"2026-01-15T11:42:09","modified_gmt":"2026-01-15T11:42:09","slug":"bahareh-sitter-fast-i-iran","status":"publish","type":"post","link":"https:\/\/www.europesays.com\/no\/138169\/","title":{"rendered":"Bahareh sitter fast i Iran"},"content":{"rendered":"<p>    Per Sandbergs tidligere forlovede, Bahareh Letnes, fors\u00f8ker \u00e5 komme seg ut fra oppr\u00f8rsherjede Teheran.\u00a0<\/p>\n<p>\n    VIL UT: Bahareh Letnes er fast i Iran, og fors\u00f8ker \u00e5 komme seg ut av Iran. Bildet er fra 2019, da Dagbladet var med Bahareh og hennes dav\u00e6rende forlovede Per Sandberg p\u00e5 kj\u00e6rlighetstur til Teheran. Foto: Henning Lilleg\u00e5rd \/ Dagbladet\n  <\/p>\n<p>Bahareh Letnes (35) reiste til Teheran for \u00e5 bes\u00f8ke broren og s\u00f8steren den 4. januar. N\u00e5 kommer hun seg ikke ut fra det borgerkrigstruede landet.<\/p>\n<p>&#8211; Vi frykter for hva som kan skje med datteren v\u00e5r, sier Baharehs norske fostermor Anne-Lise Langdal til Dagbladet.<\/p>\n<p>Livstegn\t<\/p>\n<p>Etter flere dager i frykt og usikkerhet, fikk Baharehs norske familie onsdag ettermiddag endelig livstegn fra fosterdatteren.<\/p>\n<p>&#8211; Siden oppr\u00f8ret startet, har vi fors\u00f8kt \u00e5 f\u00e5 kontakt med Bahareh. Vi har ringt og ringt, men ikke f\u00e5tt svar. Onsdag klarte Bahareh \u00e5 ringe tilbake. Hun fortalte da at hun fortsatt var i Teheran, og at hun var trygg. F\u00f8r vi etter f\u00e5 sekunder ble brutt, forteller Anne-Lise Langdal.<\/p>\n<p>    <a itemprop=\"url\" href=\"https:\/\/www.dagbladet.no\/nyheter\/amerikanske-baser-vil-bli-angrepet\/84100780\" rel=\"nofollow noopener\" target=\"_blank\"><\/p>\n<p>        <img loading=\"lazy\" decoding=\"async\" src=\"https:\/\/www.europesays.com\/no\/wp-content\/uploads\/2026\/01\/1768477329_241_84094772.webp.webp\" width=\"980\" height=\"441\" title=\"- Amerikanske baser vil bli angrepet\" alt=\"\" class=\"lazyload\" style=\"--aspect-ratio-image: 2.22; \"\/><\/p>\n<p>        &#8211; Amerikanske baser vil bli angrepet<\/p>\n<p>    <\/a><\/p>\n<p>Bahareh Letnes kom til Norge som asyls\u00f8ker som 16-\u00e5ring.<\/p>\n<p>&#8211; Hun ble v\u00e5r fosterdatter, og bodde her p\u00e5 Skogn i sju \u00e5tte \u00e5r, f\u00f8r hun flyttet til \u00d8stlandet, forteller fostermoren.<\/p>\n<p>Urolig\t<\/p>\n<p>Letnes er norsk statsborger, og har flere ganger de siste \u00e5rene bes\u00f8kt familien sin i Iran.<\/p>\n<p>&#8211; Det er klart at vi blir urolig, n\u00e5r datteren v\u00e5r er i et land som er herjet av demonstrasjoner og oppt\u00f8yer. Bedre blir det ikke n\u00e5r det kommer nyhetsmeldinger om at flere tusen er drept. Og n\u00e5r presidenten i USA samtidig truer med \u00e5 gripe inn, blir vi virkelig redde, sier Anne-Lise Langdal.<\/p>\n<p>        DANS MED EKSEN: Reaksjonene str\u00f8mmet p\u00e5 da Bahareh Letnes i publiserte en video der hun danset med eksen Per Sandberg. Video: Thea Hope\/ R\u00f8d L\u00f8per<\/p>\n<p>H\u00e5per p\u00e5 en telefon\t<\/p>\n<p>Da Bahareh Letnes kom gjennom p\u00e5 telefon til fosterforeldrene i Nord-Tr\u00f8ndelag, rakk hun bare \u00e5 si at hun for \u00f8yeblikket var trygg.<\/p>\n<p>    <a itemprop=\"url\" href=\"https:\/\/www.dagbladet.no\/nyheter\/vil-reagere-svaert-kraftig\/84095618\" rel=\"nofollow noopener\" target=\"_blank\"><\/p>\n<p>        <img loading=\"lazy\" decoding=\"async\" src=\"https:\/\/www.europesays.com\/no\/wp-content\/uploads\/2026\/01\/1768477329_323_84095635.webp.webp\" width=\"980\" height=\"441\" title=\"- Vil reagere sv\u00e6rt kraftig\" alt=\"\" class=\"lazyload\" style=\"--aspect-ratio-image: 2.22; \"\/><\/p>\n<p>        &#8211; Vil reagere sv\u00e6rt kraftig<\/p>\n<p>    <\/a><\/p>\n<p>&#8211; Bahareh fortalte at hun skulle fors\u00f8ke \u00e5 komme seg ut av landet med fly. Problemet er at luftrommet i perioder har v\u00e6rt stengt. N\u00e5 h\u00e5per vi bare p\u00e5 en telefon fra henne, og at Bahareh forteller at hun har kommet seg ut av Iran, sier Anne-Lise Langdal.<\/p>\n<p>Bahareh Letnes var i flere \u00e5r forlovet med Frp-politiker og tidligere statsr\u00e5d Per Sandberg.<\/p>\n","protected":false},"excerpt":{"rendered":"Per Sandbergs tidligere forlovede, Bahareh Letnes, fors\u00f8ker \u00e5 komme seg ut fra oppr\u00f8rsherjede Teheran.\u00a0 VIL UT: Bahareh Letnes&hellip;\n","protected":false},"author":2,"featured_media":138170,"comment_status":"","ping_status":"","sticky":false,"template":"","format":"standard","meta":{"footnotes":""},"categories":[10],"tags":[8705,20,21,24,25,15,3228,22,23,13,30,28,29,14,16,26,27,412],"class_list":{"0":"post-138169","1":"post","2":"type-post","3":"status-publish","4":"format-standard","5":"has-post-thumbnail","7":"category-norge","8":"tag-bahareh-letnes","9":"tag-breaking-news","10":"tag-breakingnews","11":"tag-featured-news","12":"tag-featurednews","13":"tag-headlines","14":"tag-iran","15":"tag-latest-news","16":"tag-latestnews","17":"tag-news","18":"tag-no","19":"tag-norge","20":"tag-norway","21":"tag-nyheter","22":"tag-overskrifter","23":"tag-top-stories","24":"tag-topstories","25":"tag-utenriks"},"share_on_mastodon":{"url":"https:\/\/pubeurope.com\/@no\/115898937799442542","error":""},"_links":{"self":[{"href":"https:\/\/www.europesays.com\/no\/wp-json\/wp\/v2\/posts\/138169","targetHints":{"allow":["GET"]}}],"collection":[{"href":"https:\/\/www.europesays.com\/no\/wp-json\/wp\/v2\/posts"}],"about":[{"href":"https:\/\/www.europesays.com\/no\/wp-json\/wp\/v2\/types\/post"}],"author":[{"embeddable":true,"href":"https:\/\/www.europesays.com\/no\/wp-json\/wp\/v2\/users\/2"}],"replies":[{"embeddable":true,"href":"https:\/\/www.europesays.com\/no\/wp-json\/wp\/v2\/comments?post=138169"}],"version-history":[{"count":0,"href":"https:\/\/www.europesays.com\/no\/wp-json\/wp\/v2\/posts\/138169\/revisions"}],"wp:featuredmedia":[{"embeddable":true,"href":"https:\/\/www.europesays.com\/no\/wp-json\/wp\/v2\/media\/138170"}],"wp:attachment":[{"href":"https:\/\/www.europesays.com\/no\/wp-json\/wp\/v2\/media?parent=138169"}],"wp:term":[{"taxonomy":"category","embeddable":true,"href":"https:\/\/www.europesays.com\/no\/wp-json\/wp\/v2\/categories?post=138169"},{"taxonomy":"post_tag","embeddable":true,"href":"https:\/\/www.europesays.com\/no\/wp-json\/wp\/v2\/tags?post=138169"}],"curies":[{"name":"wp","href":"https:\/\/api.w.org\/{rel}","templated":true}]}}