{"id":138171,"date":"2026-01-15T11:43:13","date_gmt":"2026-01-15T11:43:13","guid":{"rendered":"https:\/\/www.europesays.com\/no\/138171\/"},"modified":"2026-01-15T11:43:13","modified_gmt":"2026-01-15T11:43:13","slug":"utestengt-i-18-maneder-urimelig","status":"publish","type":"post","link":"https:\/\/www.europesays.com\/no\/138171\/","title":{"rendered":"Utestengt i 18 m\u00e5neder: &#8211; Urimelig"},"content":{"rendered":"<p>I tillegg m\u00e5 de tre betale over 60.000 kroner hver i bot. Det kommer fram i en uttalelse fra FIS.<\/p>\n<p>Brevig, Lobben og Livelten innr\u00f8mmet at de manipulerte hoppdressene til Marius Lindvik og Johann Forfang f\u00f8r VMs storbakkerenn i Gran\u00e5sen i mars i fjor. Dette ble gjort ved \u00e5 sy inn en tr\u00e5d for \u00e5 gj\u00f8re dressene stivere.<\/p>\n<p>\u00abVi har hele tiden erkjent at det som skjedde var feil, og har forst\u00e5else for at det blir gitt en reaksjon\u00bb, sier Brevig, Lobben og Livelten i en uttalelse til TV 2 og flere norske medier.<\/p>\n<p>        <img class=\"image__img lazyload\" itemprop=\"image\" title=\"Foto: Geir Olsen \/ NTB\" alt=\"TRENERTEAM: Thomas Lobben og Magnus Brevig. Foto: Geir Olsen \/ NTB\" width=\"978\" height=\"551\" bad-src=\"https:\/\/www.europesays.com\/no\/wp-content\/uploads\/2026\/01\/17541458.webp.jpeg\" fetchpriority=\"auto\" \/><\/p>\n<p>      TRENERTEAM: Thomas Lobben og Magnus Brevig.<br \/>\n         Foto: Geir Olsen \/ NTB<\/p>\n<p>\u2013 Urimelig<\/p>\n<p>        <img class=\"image__img lazyload\" itemprop=\"image\" title=\"Foto: Geir Olsen \/ NTB\" alt=\"SKREDER: Adrian Livelten under hoppuka i 2022. Foto: Geir Olsen \/ NTB\" width=\"338\" height=\"295\" bad-src=\"https:\/\/www.europesays.com\/no\/wp-content\/uploads\/2026\/01\/17537591.webp.jpeg\" fetchpriority=\"auto\" \/><\/p>\n<p>      SKREDER: Adrian Livelten under hoppuka i 2022.<br \/>\n         Foto: Geir Olsen \/ NTB<\/p>\n<p>Likevel f\u00f8lere trioen at de straffes i overkant hardt.<\/p>\n<p>\u00abSamtidig, opplever vi reaksjonen som uforholdsmessig streng sammenlignet med tidligere praksis i tilsvarende saker, og vi har vanskelig for \u00e5 forst\u00e5 at vi behandles annerledes enn andre i sammenlignbare situasjoner. Vi mener derfor at avgj\u00f8relsen er urimelig streng og at vi i praksis blir gjort til syndebukker for et st\u00f8rre systemproblem\u00bb, uttaler de.<\/p>\n<p>Til tross for innr\u00f8mmelsen har trioen argumentert for at straffen ikke burde bli hard. Advokater har p\u00e5 deres vegne hevdet overfor FIS at hendelsen i VM ikke var mer juks enn saker som tidligere har f\u00f8rt til diskvalifikasjon eller tilsnakk.<\/p>\n<p>        <img class=\"image__img lazyload\" itemprop=\"image\" title=\"Foto: Torjus Sagenes \/ TV 2\" alt=\"ADVOKAT: P\u00e5l Kleven. Foto: Torjus Sagenes \/ TV 2\" width=\"489\" height=\"276\" bad-src=\"https:\/\/www.europesays.com\/no\/wp-content\/uploads\/2026\/01\/17886184.webp.jpeg\" fetchpriority=\"auto\" \/><\/p>\n<p>      ADVOKAT: P\u00e5l Kleven.<br \/>\n         Foto: Torjus Sagenes \/ TV 2<\/p>\n<p>\u2013 Av domspremissene fremg\u00e5r det uttrykkelig at tilsvarende regelbrudd ikke har blitt sanksjonert tidligere &#8211; eller kun har blitt m\u00f8tt med advarsel &#8211; og at denne saken brukes som et eksempel for \u00e5 markere en ny og strengere linje i internasjonal skihopping. V\u00e5rt prinsipielle standpunkt er at det ikke er riktig \u00e5 bruke enkeltpersoner som virkemiddel for \u00e5 signalisere et linjeskifte, s\u00e6rlig n\u00e5r avgj\u00f8relsen samtidig sl\u00e5r fast at tilsvarende forhold tidligere ikke har blitt h\u00e5ndhevet p\u00e5 samme m\u00e5te, skriver advokat P\u00e5l Kleven til TV 2.<\/p>\n<p>Han bekrefter at de vil vurdere \u00e5 anke saken til idrettens voldgiftsdomstol (CAS).<\/p>\n<p>\u2013 Etter v\u00e5r vurdering reiser dette grunnleggende sp\u00f8rsm\u00e5l om likebehandling, forutberegnelighet og forholdsmessighet, og av CAS-praksis f\u00f8lger det at idrettslige sanksjoner ikke kan begrunnes i et generelt behov for \u00e5 \u00absende signaler\u00bb dersom det inneb\u00e6rer at enkeltpersoner rammes strengere enn det som f\u00f8lger av etablert praksis.<\/p>\n<p>\u2013 Det vurderes derfor \u00e5 anke saken til CAS, men dette m\u00e5 veies opp mot at utestengelsesperioden trolig vil v\u00e6re utl\u00f8pt f\u00f8r CAS har ferdigbehandlet saken. <\/p>\n<p>Det ble ogs\u00e5 p\u00e5pekt at utstyrskj\u00f8ret i hoppsporten har v\u00e6rt i en gr\u00e5sone over tid.<\/p>\n<p>Brevig, Lobben og Livelten kan anke utestengelsen til Idrettens voldgiftsrett (CAS). St\u00f8ttepersonellet sluttet i Norges Skiforbund i mai.\u00a0<\/p>\n<p>Det var Brevig som hadde rollen som landslagstrener, mens Lobben og Livelten jobbet som henholdsvis assistent og servicemann. (\u00a9NTB)<\/p>\n","protected":false},"excerpt":{"rendered":"I tillegg m\u00e5 de tre betale over 60.000 kroner hver i bot. Det kommer fram i en uttalelse&hellip;\n","protected":false},"author":2,"featured_media":138172,"comment_status":"","ping_status":"","sticky":false,"template":"","format":"standard","meta":{"footnotes":""},"categories":[5],"tags":[20,21,24,25,15,19,22,23,17,18,13,30,28,29,14,16,26,27],"class_list":{"0":"post-138171","1":"post","2":"type-post","3":"status-publish","4":"format-standard","5":"has-post-thumbnail","7":"category-overskrifter","8":"tag-breaking-news","9":"tag-breakingnews","10":"tag-featured-news","11":"tag-featurednews","12":"tag-headlines","13":"tag-hovedoppslag","14":"tag-latest-news","15":"tag-latestnews","16":"tag-main-news","17":"tag-mainnews","18":"tag-news","19":"tag-no","20":"tag-norge","21":"tag-norway","22":"tag-nyheter","23":"tag-overskrifter","24":"tag-top-stories","25":"tag-topstories"},"share_on_mastodon":{"url":"https:\/\/pubeurope.com\/@no\/115898941682538019","error":""},"_links":{"self":[{"href":"https:\/\/www.europesays.com\/no\/wp-json\/wp\/v2\/posts\/138171","targetHints":{"allow":["GET"]}}],"collection":[{"href":"https:\/\/www.europesays.com\/no\/wp-json\/wp\/v2\/posts"}],"about":[{"href":"https:\/\/www.europesays.com\/no\/wp-json\/wp\/v2\/types\/post"}],"author":[{"embeddable":true,"href":"https:\/\/www.europesays.com\/no\/wp-json\/wp\/v2\/users\/2"}],"replies":[{"embeddable":true,"href":"https:\/\/www.europesays.com\/no\/wp-json\/wp\/v2\/comments?post=138171"}],"version-history":[{"count":0,"href":"https:\/\/www.europesays.com\/no\/wp-json\/wp\/v2\/posts\/138171\/revisions"}],"wp:featuredmedia":[{"embeddable":true,"href":"https:\/\/www.europesays.com\/no\/wp-json\/wp\/v2\/media\/138172"}],"wp:attachment":[{"href":"https:\/\/www.europesays.com\/no\/wp-json\/wp\/v2\/media?parent=138171"}],"wp:term":[{"taxonomy":"category","embeddable":true,"href":"https:\/\/www.europesays.com\/no\/wp-json\/wp\/v2\/categories?post=138171"},{"taxonomy":"post_tag","embeddable":true,"href":"https:\/\/www.europesays.com\/no\/wp-json\/wp\/v2\/tags?post=138171"}],"curies":[{"name":"wp","href":"https:\/\/api.w.org\/{rel}","templated":true}]}}