{"id":138175,"date":"2026-01-15T11:47:11","date_gmt":"2026-01-15T11:47:11","guid":{"rendered":"https:\/\/www.europesays.com\/no\/138175\/"},"modified":"2026-01-15T11:47:11","modified_gmt":"2026-01-15T11:47:11","slug":"ikea-baerepose-ikea-klassikeren-skal-endres","status":"publish","type":"post","link":"https:\/\/www.europesays.com\/no\/138175\/","title":{"rendered":"Ikea, B\u00e6repose | Ikea-klassikeren skal endres"},"content":{"rendered":"\n<p>\u2013 Jeg holder p\u00e5 med \u00e5 se hva som er riktig om dette, sa Joakim Borgudd, pressemann p\u00e5 Ikea, til den svenske avisen <a href=\"https:\/\/www.expressen.se\/nyheter\/expressen-direkt\/?post=b7554a7d-c4fb-4f90-a436-d37706a51b06\" rel=\"Follow nofollow noopener\" target=\"_blank\">Expressen<\/a> tidligere i dag.<\/p>\n<p>Bakgrunnen er en melding p\u00e5 den svenske nettsiden om at den folkekj\u00e6re FRAKTA-posen snart forsvinner.<\/p>\n<p><b>Les ogs\u00e5: <a class=\"simple-relation related-teaser article--c-eRUmMG article--c-eRUmMG-fZoQSp-design-nettavisen article--c-eRUmMG-gwthdJ-cv\" href=\"https:\/\/www.nettavisen.no\/kraftig-fall-for-ikea-skylder-pa-trump\/s\/5-95-2716190\" rel=\"nofollow noopener\" target=\"_blank\">Kraftig fall for Ikea: Skylder p\u00e5 Trump<\/a><\/b><\/p>\n<p>Posen forsvinner ikke<\/p>\n<p>Nettavisen har kontaktet IKEA Norge for \u00e5 f\u00e5 svar p\u00e5 om dette stemmer, og om posen i s\u00e5 fall vil forsvinne fra norske varehus ogs\u00e5.<\/p>\n<p>Pressevakten Shari Brown avkrefter dette.<\/p>\n<p>\u2013 I flere ti\u00e5r har FRAKTA v\u00e6rt en p\u00e5litelig f\u00f8lgesvenn for millioner av IKEA\u2011kunder, og den har blitt mye mer enn bare en handlenett. Vi kan berolige kundene v\u00e5re med at FRAKTA er her for \u00e5 bli, skriver hun.<\/p>\n<p>Det kommer en oppdatert versjon<\/p>\n<p>Videre hos Brown kommer det frem en avsl\u00f8ring.<\/p>\n<p>\u2013 I april lanserer vi en oppdatert versjon av FRAKTA\u2011posen, skrives det.<\/p>\n<p>I f\u00f8lge <a href=\"https:\/\/www.aftonbladet.se\/nyheter\/a\/2pdy2R\/klassiska-kassens-framtid-oklar-mycket-hastfolk\" rel=\"Follow nofollow noopener\" target=\"_blank\">Aftonbladet <\/a>er en oppdatert versjon av posen ogs\u00e5 tilfellet for Sverige.<\/p>\n<p>Men hva det er som skal endres, er det ingen som vet enda.<\/p>\n<p>\u2013 Jeg vet ingenting, sier Joakim Borgudd til den svenske avisen.<\/p>\n<p>    Vil du se neste video?<\/p>\n<p>    <a href=\"https:\/\/www.nettavisen.no\/nyheter\/pete-hegseth-avbryter-plutselig-marco-rubio-klikker-pa-direkten\/v\/5-95-2813524\" class=\"recommend-poster\" data-adp-clicklabel=\"video-recommend\" data-adp-clickvalue=\"poster\" rel=\"nofollow noopener\" target=\"_blank\"><br \/>\n      <img decoding=\"async\" width=\"200\" height=\"200\" loading=\"lazy\" src=\"https:\/\/www.europesays.com\/no\/wp-content\/uploads\/2026\/01\/Hegseth+til+cue.jpg\" alt=\"\" class=\"brick-c-cFOWSL\" style=\"--brick-image-ratio: 200 \/ 200;\"\/><\/p>\n<p>Avbryter plutselig: Klikker p\u00e5 direkten1:05<\/p>\n<p>    <\/a><\/p>\n","protected":false},"excerpt":{"rendered":"\u2013 Jeg holder p\u00e5 med \u00e5 se hva som er riktig om dette, sa Joakim Borgudd, pressemann p\u00e5&hellip;\n","protected":false},"author":2,"featured_media":138176,"comment_status":"","ping_status":"","sticky":false,"template":"","format":"standard","meta":{"footnotes":""},"categories":[56],"tags":[60,61,62,30,28,29],"class_list":{"0":"post-138175","1":"post","2":"type-post","3":"status-publish","4":"format-standard","5":"has-post-thumbnail","7":"category-naeringsliv","8":"tag-business","9":"tag-economy","10":"tag-naeringsliv","11":"tag-no","12":"tag-norge","13":"tag-norway"},"share_on_mastodon":{"url":"https:\/\/pubeurope.com\/@no\/115898957492186401","error":""},"_links":{"self":[{"href":"https:\/\/www.europesays.com\/no\/wp-json\/wp\/v2\/posts\/138175","targetHints":{"allow":["GET"]}}],"collection":[{"href":"https:\/\/www.europesays.com\/no\/wp-json\/wp\/v2\/posts"}],"about":[{"href":"https:\/\/www.europesays.com\/no\/wp-json\/wp\/v2\/types\/post"}],"author":[{"embeddable":true,"href":"https:\/\/www.europesays.com\/no\/wp-json\/wp\/v2\/users\/2"}],"replies":[{"embeddable":true,"href":"https:\/\/www.europesays.com\/no\/wp-json\/wp\/v2\/comments?post=138175"}],"version-history":[{"count":0,"href":"https:\/\/www.europesays.com\/no\/wp-json\/wp\/v2\/posts\/138175\/revisions"}],"wp:featuredmedia":[{"embeddable":true,"href":"https:\/\/www.europesays.com\/no\/wp-json\/wp\/v2\/media\/138176"}],"wp:attachment":[{"href":"https:\/\/www.europesays.com\/no\/wp-json\/wp\/v2\/media?parent=138175"}],"wp:term":[{"taxonomy":"category","embeddable":true,"href":"https:\/\/www.europesays.com\/no\/wp-json\/wp\/v2\/categories?post=138175"},{"taxonomy":"post_tag","embeddable":true,"href":"https:\/\/www.europesays.com\/no\/wp-json\/wp\/v2\/tags?post=138175"}],"curies":[{"name":"wp","href":"https:\/\/api.w.org\/{rel}","templated":true}]}}