{"id":138177,"date":"2026-01-15T11:48:35","date_gmt":"2026-01-15T11:48:35","guid":{"rendered":"https:\/\/www.europesays.com\/no\/138177\/"},"modified":"2026-01-15T11:48:35","modified_gmt":"2026-01-15T11:48:35","slug":"usa-trekker-tilbake-styrker-i-midtosten","status":"publish","type":"post","link":"https:\/\/www.europesays.com\/no\/138177\/","title":{"rendered":"USA trekker tilbake styrker i Midt\u00f8sten"},"content":{"rendered":"<p>    USA trekker tilbake soldater fra viktige baser i Midt\u00f8sten mens den anspente situasjonen rundt Iran strammer seg til. <\/p>\n<p>\n        USAs forsvarsminister Pete Hegseth talte til soldater ved den amerikanske luftbasen Al-Udeid i Qatar i mai i fjor. Den anses som et sannsynlig m\u00e5l for Iran, og enkelte milit\u00e6re styrker er n\u00e5 trukket tilbake.<br \/>\n        Alex Brandon \/ AP \/ NTB\n    <\/p>\n<p class=\"kicker t30 tertiary color_mobile_tertiary\" style=\"\">Verden<\/p>\n<p>Personell ved den amerikanske luftbasen Al-Udeid i Qatar er blant dem som er bedt om \u00e5 forlate basen, opplyser en diplomatkilde til nyhetsbyr\u00e5et AFP. Det bekrefter ogs\u00e5 qatarske kilder overfor nyhetsbyr\u00e5et Reuters. Det er den samme basen som Iran angrep i juni i fjor etter amerikanske angrep mot iranske atomanlegg.<\/p>\n<p>Reuters meldte f\u00f8rste om at USA trekker tilbake soldater fra viktige baser i Midt\u00f8sten for \u00e5 v\u00e6re f\u00f8re var og viste til en h\u00f8ytst\u00e5ende amerikansk tjenesteperson.<\/p>\n<p>Ogs\u00e5 en rekke andre medier melder om utviklingen og viser til anonyme kilder, deriblant Sky News.<\/p>\n<p>Tidligere onsdag uttalte en h\u00f8ytst\u00e5ende iransk tjenesteperson at iranske myndigheter hadde advart naboland om at amerikanske baser der ville bli angrepet dersom USA angriper Iran.<\/p>\n<p>\u2013 Uforutsigbarhet er en del av strategien<\/p>\n<p>Det er uvisst hvor omfattende tilbaketrekkingen er. Forel\u00f8pig er det ingen umiddelbare tegn til omfattende evakuering, noe som skjedde timer f\u00f8r et iransk missilangrep i fjor, da store mengder soldater ble fraktet med buss til et fotballstadion og et kj\u00f8pesenter.<\/p>\n<p>Det er ogs\u00e5 uklart hvor sannsynlig det er at USA kan angripe Iran. <\/p>\n<p>\u2013 Alle signaler tyder p\u00e5 at et amerikansk angrep er n\u00e6r forest\u00e5ende, men det er ogs\u00e5 slik denne administrasjonen opptrer for \u00e5 holde alle p\u00e5 t\u00e5 hev. Uforutsigbarhet er en del av strategien, sier en milit\u00e6r tjenesteperson i Vesten til Reuters onsdag.<\/p>\n<p>To europeiske tjenestepersoner sa til samme nyhetsbyr\u00e5 at amerikansk milit\u00e6r intervensjon kan komme i l\u00f8pet av de neste 24 timene. En israelsk tjenesteperson sa ogs\u00e5 at det s\u00e5 ut til at Trump hadde bestemt seg for \u00e5 gripe inn, men at omfanget og tidspunktet fortsatt var uklart.<\/p>\n<p>Saudi-Arabia: Tillater ikke bruk av luftrom<\/p>\n<p>\nIf\u00f8lge den britiske avisen <a href=\"https:\/\/inews.co.uk\/?srsltid=AfmBOoqTVEt-Gcmi5s9spEWJNTeIdxHHbeRWRnOKxO6HWNK6OpWeZzEj\" target=\"_blank\" rel=\"nofollow noopener\">The I Paper<\/a> trekker ogs\u00e5 Storbritannia tilbake personell fra Al-Udeid. Det britiske forsvarsdepartementet har forel\u00f8pig ikke kommentert opplysningene.<\/p>\n<p>Saudi-Arabia har informert Iran om at de ikke vil tillate at saudiarabisk luftrom eller territorium brukes i angrep, opplyser to kilder til nyhetsbyr\u00e5et AFP.<\/p>\n<p>Kildene oppgis \u00e5 v\u00e6re tett p\u00e5 Saudia-Arabias regjering.<\/p>\n<p>\u2013 Saudi-Arabia har informert Teheran direkte om at landet ikke vil v\u00e6re en del av noen milit\u00e6r aksjon mot Iran, og at saudisk territorium og luftrom ikke vil bli brukt til det form\u00e5let, sier en kilde.<\/p>\n<p>En annen kilde n\u00e6r regjeringen bekreftet at budskapet er formidlet til Teheran.<\/p>\n<p>USAs ambassade i Saudi-Arabia har bedt sine ansatte om \u00e5 v\u00e6re varsomme og unng\u00e5 milit\u00e6ranlegg.<\/p>\n<p>Mange drept<\/p>\n<p>Protestene i Iran har p\u00e5g\u00e5tt i over to uker og ble utl\u00f8st av en alvorlig \u00f8konomisk krise som f\u00f8lge av valutakollaps og ekstrem inflasjon.<\/p>\n<p>Internett har n\u00e5 v\u00e6rt kuttet p\u00e5 sjette d\u00f8gnet, if\u00f8lge tjenesten NetBlocks, som overv\u00e5ker nettjenester. Likevel kommer det sm\u00e5 drypp med informasjon om det som skjer. <\/p>\n<p>Den Oslo-baserte organisasjonen Iran Human Rights sier at antallet drepte demonstranter ikke er lavere enn 3428. M\u00f8rketallene antas \u00e5 v\u00e6re store. Det ventes ogs\u00e5 massehenrettelser av demonstranter fremover.<\/p>\n","protected":false},"excerpt":{"rendered":"USA trekker tilbake soldater fra viktige baser i Midt\u00f8sten mens den anspente situasjonen rundt Iran strammer seg til.&hellip;\n","protected":false},"author":2,"featured_media":138178,"comment_status":"","ping_status":"","sticky":false,"template":"","format":"standard","meta":{"footnotes":""},"categories":[12],"tags":[20,21,24,25,15,22,23,13,30,28,29,14,16,26,27,42,43,44,45],"class_list":{"0":"post-138177","1":"post","2":"type-post","3":"status-publish","4":"format-standard","5":"has-post-thumbnail","7":"category-verden","8":"tag-breaking-news","9":"tag-breakingnews","10":"tag-featured-news","11":"tag-featurednews","12":"tag-headlines","13":"tag-latest-news","14":"tag-latestnews","15":"tag-news","16":"tag-no","17":"tag-norge","18":"tag-norway","19":"tag-nyheter","20":"tag-overskrifter","21":"tag-top-stories","22":"tag-topstories","23":"tag-verden","24":"tag-world","25":"tag-world-news","26":"tag-worldnews"},"share_on_mastodon":{"url":"https:\/\/pubeurope.com\/@no\/115898961402953455","error":""},"_links":{"self":[{"href":"https:\/\/www.europesays.com\/no\/wp-json\/wp\/v2\/posts\/138177","targetHints":{"allow":["GET"]}}],"collection":[{"href":"https:\/\/www.europesays.com\/no\/wp-json\/wp\/v2\/posts"}],"about":[{"href":"https:\/\/www.europesays.com\/no\/wp-json\/wp\/v2\/types\/post"}],"author":[{"embeddable":true,"href":"https:\/\/www.europesays.com\/no\/wp-json\/wp\/v2\/users\/2"}],"replies":[{"embeddable":true,"href":"https:\/\/www.europesays.com\/no\/wp-json\/wp\/v2\/comments?post=138177"}],"version-history":[{"count":0,"href":"https:\/\/www.europesays.com\/no\/wp-json\/wp\/v2\/posts\/138177\/revisions"}],"wp:featuredmedia":[{"embeddable":true,"href":"https:\/\/www.europesays.com\/no\/wp-json\/wp\/v2\/media\/138178"}],"wp:attachment":[{"href":"https:\/\/www.europesays.com\/no\/wp-json\/wp\/v2\/media?parent=138177"}],"wp:term":[{"taxonomy":"category","embeddable":true,"href":"https:\/\/www.europesays.com\/no\/wp-json\/wp\/v2\/categories?post=138177"},{"taxonomy":"post_tag","embeddable":true,"href":"https:\/\/www.europesays.com\/no\/wp-json\/wp\/v2\/tags?post=138177"}],"curies":[{"name":"wp","href":"https:\/\/api.w.org\/{rel}","templated":true}]}}