{"id":138189,"date":"2026-01-15T11:57:09","date_gmt":"2026-01-15T11:57:09","guid":{"rendered":"https:\/\/www.europesays.com\/no\/138189\/"},"modified":"2026-01-15T11:57:09","modified_gmt":"2026-01-15T11:57:09","slug":"far-domt-for-a-ha-knust-sonnens-tenner-med-mobiltelefonen-nrk-sorlandet-lokale-nyheter-tv-og-radio","status":"publish","type":"post","link":"https:\/\/www.europesays.com\/no\/138189\/","title":{"rendered":"Far d\u00f8mt for \u00e5 ha knust s\u00f8nnens tenner med mobiltelefonen \u2013 NRK S\u00f8rlandet \u2013 Lokale nyheter, TV og radio"},"content":{"rendered":"<p>Gutten var 12 \u00e5r da hendelsen skjedde i september 2024.<\/p>\n<p>Faren innr\u00f8mmet i f\u00f8rste avh\u00f8r at det var han som hadde kastet mobilen.<\/p>\n<p>Likevel har det g\u00e5tt halvannet \u00e5r f\u00f8r saken kom for retten.<\/p>\n<p>Familiefaren i 50-\u00e5rene er d\u00f8mt til 75 timer samfunnsstraff.<\/p>\n<p>\u00d8dela kjeve og tenner<\/p>\n<p>Telefonen traff gutten i ansiktet og f\u00f8rte til brudd i overkjeven, feilstilling av tre tenner og bl\u00f8tvevsskader i leppen som m\u00e5tte sys med fire sting.<\/p>\n<p>Faren forklarte i retten at han ikke hadde til hensikt \u00e5 treffe s\u00f8nnen, men sofaen ved siden av.<\/p>\n<p>Retten la likevel til grunn at handlingen hadde et h\u00f8yt skadepotensial, siden s\u00f8nnen satt i kort avstand og var forsvarsl\u00f8s.<\/p>\n<p>Retten mener handlingen var grovt uaktsom.<\/p>\n<p>M\u00e5 betale s\u00f8nnen<\/p>\n<p>Mannen ble d\u00f8mt til \u00e5 betale 60.000 kroner i oppreisningserstatning til s\u00f8nnen.<\/p>\n<p>Retten la s\u00e6rlig vekt p\u00e5 at forn\u00e6rmede var et barn, at skadene var alvorlige, og at gutten har m\u00e5ttet gjennomg\u00e5 smertefull og belastende tannbehandling over lang tid.<\/p>\n<p>I dommen st\u00e5r det:<\/p>\n<p><strong>\u00abVidere bemerker retten at de skader forn\u00e6rmede ble p\u00e5f\u00f8rt var alvorlige og han har m\u00e5ttet f\u00f8lge et smertefullt og belastende oppf\u00f8lgning fra tannhelsetjenesten i de 1,5 \u00e5r som har g\u00e5tt siden hendelsen fant sted. B\u00e5de hendelsen og oppf\u00f8lgning av skadef\u00f8lgen har v\u00e6rt traumatiserende belastninger for forn\u00e6rmede.\u00bb<\/strong><\/p>\n<p>Dommen kan ankes innen to uker etter forkynnelse.<\/p>\n<p>Publisert<\/p>\n<p>15.01.2026, kl. 09.27<\/p>\n<p>Oppdatert<\/p>\n<p>15.01.2026, kl. 09.33<\/p>\n","protected":false},"excerpt":{"rendered":"Gutten var 12 \u00e5r da hendelsen skjedde i september 2024. Faren innr\u00f8mmet i f\u00f8rste avh\u00f8r at det var&hellip;\n","protected":false},"author":2,"featured_media":138190,"comment_status":"","ping_status":"","sticky":false,"template":"","format":"standard","meta":{"footnotes":""},"categories":[5],"tags":[20,21,24,25,15,19,22,23,17,18,13,30,28,29,14,16,26,27],"class_list":{"0":"post-138189","1":"post","2":"type-post","3":"status-publish","4":"format-standard","5":"has-post-thumbnail","7":"category-overskrifter","8":"tag-breaking-news","9":"tag-breakingnews","10":"tag-featured-news","11":"tag-featurednews","12":"tag-headlines","13":"tag-hovedoppslag","14":"tag-latest-news","15":"tag-latestnews","16":"tag-main-news","17":"tag-mainnews","18":"tag-news","19":"tag-no","20":"tag-norge","21":"tag-norway","22":"tag-nyheter","23":"tag-overskrifter","24":"tag-top-stories","25":"tag-topstories"},"share_on_mastodon":{"url":"https:\/\/pubeurope.com\/@no\/115898996744960864","error":""},"_links":{"self":[{"href":"https:\/\/www.europesays.com\/no\/wp-json\/wp\/v2\/posts\/138189","targetHints":{"allow":["GET"]}}],"collection":[{"href":"https:\/\/www.europesays.com\/no\/wp-json\/wp\/v2\/posts"}],"about":[{"href":"https:\/\/www.europesays.com\/no\/wp-json\/wp\/v2\/types\/post"}],"author":[{"embeddable":true,"href":"https:\/\/www.europesays.com\/no\/wp-json\/wp\/v2\/users\/2"}],"replies":[{"embeddable":true,"href":"https:\/\/www.europesays.com\/no\/wp-json\/wp\/v2\/comments?post=138189"}],"version-history":[{"count":0,"href":"https:\/\/www.europesays.com\/no\/wp-json\/wp\/v2\/posts\/138189\/revisions"}],"wp:featuredmedia":[{"embeddable":true,"href":"https:\/\/www.europesays.com\/no\/wp-json\/wp\/v2\/media\/138190"}],"wp:attachment":[{"href":"https:\/\/www.europesays.com\/no\/wp-json\/wp\/v2\/media?parent=138189"}],"wp:term":[{"taxonomy":"category","embeddable":true,"href":"https:\/\/www.europesays.com\/no\/wp-json\/wp\/v2\/categories?post=138189"},{"taxonomy":"post_tag","embeddable":true,"href":"https:\/\/www.europesays.com\/no\/wp-json\/wp\/v2\/tags?post=138189"}],"curies":[{"name":"wp","href":"https:\/\/api.w.org\/{rel}","templated":true}]}}