{"id":138195,"date":"2026-01-15T12:03:09","date_gmt":"2026-01-15T12:03:09","guid":{"rendered":"https:\/\/www.europesays.com\/no\/138195\/"},"modified":"2026-01-15T12:03:09","modified_gmt":"2026-01-15T12:03:09","slug":"norsk-tipping-nyheter-nrk-na-er-det-slutt-pa-lotto-sendingene","status":"publish","type":"post","link":"https:\/\/www.europesays.com\/no\/138195\/","title":{"rendered":"Norsk Tipping, Nyheter | NRK: N\u00e5 er det slutt p\u00e5 Lotto-sendingene"},"content":{"rendered":"\n<p>\u2013 Tiden er riktig for \u00e5 gj\u00f8re dette grepet. Publikum har endret medievaner, og vi\u00f8nsker \u00e5 prioritere annet innhold, sier Jan Egil \u00c5dland, TV-sjef i NRK til <a href=\"https:\/\/www.nrk.no\/innlandet\/nrk-og-norsk-tipping-avslutter-samarbeidet-om-tv-sendinger-1.17728714\" rel=\"Follow nofollow noopener\" target=\"_blank\">NRK<\/a>.<\/p>\n<p>Lotto-sendingene har g\u00e5tt siden 1986. Direkt\u00f8r for Kundem\u00f8te i Norsk Tipping, Roger Soleim, sier at de fleste av dagens kunder f\u00f8lger trekningene digitalt.<\/p>\n<p>\u2013 Dette gir oss mulighet til \u00e5 utvikle nye m\u00e5ter \u00e5 formidle resultatene p\u00e5, og selv om det er vemodig \u00e5 avslutte en lang tradisjon, \u00e5pnes nye d\u00f8rer, sier Soleim.<\/p>\n<p>Siste Lottotrekningen p\u00e5 NRK 1 blir 11. april neste \u00e5r. Det er nesten n\u00f8yaktig 40 \u00e5r siden den f\u00f8rste ble sendt. Siden da har 8027 personer blitt norske Lotto-million\u00e6rer i Norge.<\/p>\n<p><a class=\"simple-relation related-teaser article--c-eRUmMG article--c-eRUmMG-jKCPdD-design-default article--c-eRUmMG-iBPVJb-cv\" href=\"https:\/\/www.an.no\/varsel-mot-politifolk-skal-ha-delt-sensitive-opplysninger\/s\/5-76-2768418\" rel=\"nofollow noopener\" target=\"_blank\">Varsel mot politifolk \u2013 skal ha delt sensitive opplysninger<\/a><\/p>\n<p><a class=\"simple-relation related-teaser article--c-eRUmMG article--c-eRUmMG-jKCPdD-design-default article--c-eRUmMG-iBPVJb-cv\" href=\"https:\/\/www.an.no\/var-pa-flukt-fra-politiet-i-halvannen-maned-gjemte-seg-hos-bekjente-i-tonsberg\/s\/5-76-2768326\" rel=\"nofollow noopener\" target=\"_blank\">Var p\u00e5 flukt fra politiet i halvannen m\u00e5ned \u2013 gjemte seg hos bekjente i T\u00f8nsberg<\/a><\/p>\n<p><a class=\"simple-relation related-teaser article--c-eRUmMG article--c-eRUmMG-jKCPdD-design-default article--c-eRUmMG-iBPVJb-cv\" href=\"https:\/\/www.an.no\/vil-fjerne-tusenlappen\/s\/5-76-2768307\" rel=\"nofollow noopener\" target=\"_blank\">Vil fjerne tusenlappen<\/a><\/p>\n","protected":false},"excerpt":{"rendered":"\u2013 Tiden er riktig for \u00e5 gj\u00f8re dette grepet. Publikum har endret medievaner, og vi\u00f8nsker \u00e5 prioritere annet&hellip;\n","protected":false},"author":2,"featured_media":138196,"comment_status":"","ping_status":"","sticky":false,"template":"","format":"standard","meta":{"footnotes":""},"categories":[10],"tags":[36,20,21,24,25,15,22,23,13,30,28,1611,29,787,14,16,1510,26,27],"class_list":{"0":"post-138195","1":"post","2":"type-post","3":"status-publish","4":"format-standard","5":"has-post-thumbnail","7":"category-norge","8":"tag-art","9":"tag-breaking-news","10":"tag-breakingnews","11":"tag-featured-news","12":"tag-featurednews","13":"tag-headlines","14":"tag-latest-news","15":"tag-latestnews","16":"tag-news","17":"tag-no","18":"tag-norge","19":"tag-norsk-tipping","20":"tag-norway","21":"tag-nrk","22":"tag-nyheter","23":"tag-overskrifter","24":"tag-story","25":"tag-top-stories","26":"tag-topstories"},"share_on_mastodon":{"url":"https:\/\/pubeurope.com\/@no\/115899020521410325","error":""},"_links":{"self":[{"href":"https:\/\/www.europesays.com\/no\/wp-json\/wp\/v2\/posts\/138195","targetHints":{"allow":["GET"]}}],"collection":[{"href":"https:\/\/www.europesays.com\/no\/wp-json\/wp\/v2\/posts"}],"about":[{"href":"https:\/\/www.europesays.com\/no\/wp-json\/wp\/v2\/types\/post"}],"author":[{"embeddable":true,"href":"https:\/\/www.europesays.com\/no\/wp-json\/wp\/v2\/users\/2"}],"replies":[{"embeddable":true,"href":"https:\/\/www.europesays.com\/no\/wp-json\/wp\/v2\/comments?post=138195"}],"version-history":[{"count":0,"href":"https:\/\/www.europesays.com\/no\/wp-json\/wp\/v2\/posts\/138195\/revisions"}],"wp:featuredmedia":[{"embeddable":true,"href":"https:\/\/www.europesays.com\/no\/wp-json\/wp\/v2\/media\/138196"}],"wp:attachment":[{"href":"https:\/\/www.europesays.com\/no\/wp-json\/wp\/v2\/media?parent=138195"}],"wp:term":[{"taxonomy":"category","embeddable":true,"href":"https:\/\/www.europesays.com\/no\/wp-json\/wp\/v2\/categories?post=138195"},{"taxonomy":"post_tag","embeddable":true,"href":"https:\/\/www.europesays.com\/no\/wp-json\/wp\/v2\/tags?post=138195"}],"curies":[{"name":"wp","href":"https:\/\/api.w.org\/{rel}","templated":true}]}}