{"id":138203,"date":"2026-01-15T12:10:09","date_gmt":"2026-01-15T12:10:09","guid":{"rendered":"https:\/\/www.europesays.com\/no\/138203\/"},"modified":"2026-01-15T12:10:09","modified_gmt":"2026-01-15T12:10:09","slug":"historisk-horn-solgt-for-147-000-kroner","status":"publish","type":"post","link":"https:\/\/www.europesays.com\/no\/138203\/","title":{"rendered":"Historisk horn solgt for 147.000 kroner"},"content":{"rendered":"\n<p class=\"_lead_o9xde_2 _lead_xtcu6_50 layout-component text-serif-m layout-normal text-serif-l layout-component layout-wide layout-padded _wide_17hqh_1 layout-padded\">Det var noen som fikk god profitt p\u00e5 hornet de kj\u00f8pte for rundt 25.000 kroner p\u00e5 en auksjon i Telemark.<\/p>\n<p><img alt=\"Dette er hornet som ble solgt p\u00e5 auksjon.  Foto: Foto: S\u00f8lvesen Myhre Berntsen Antikviteter AS\" class=\"_image_qp4xg_65 layout-component layout-wide\" data-fullscreen- data-track-element-type=\"Article image fullscreen\" data-track-name=\"ImageFullscreen\" fetchpriority=\"high\" decoding=\"sync\" loading=\"eager\" height=\"1200\" itemprop=\"image\"  src=\"https:\/\/www.europesays.com\/no\/wp-content\/uploads\/2026\/01\/9611951e-48d4-4404-bd1d-55f64707b1e2.png\"  style=\"object-position:0% 0%\" width=\"1187\"\/>Dette er hornet som ble solgt p\u00e5 auksjon.  Foto: Foto: S\u00f8lvesen Myhre Berntsen Antikviteter AS<\/p>\n<ul aria-hidden=\"true\" class=\"_images_ntbth_112\">\n<li><a class=\"_link_ntbth_117\" href=\"https:\/\/www.vg.no\/forfatter\/martin-mork\" style=\"z-index:1\" title=\"Martin Mork\" rel=\"nofollow noopener\" target=\"_blank\"><img alt=\"Bilde av Martin Mork\" class=\"_image_ntbth_93\" fetchpriority=\"low\" loading=\"lazy\" decoding=\"async\" itemprop=\"image\"  src=\"https:\/\/www.europesays.com\/no\/wp-content\/uploads\/2026\/01\/4b872f6e-1b20-4619-ab0b-4c9df3c8a8a3.jpeg\"  width=\"480\"\/><\/a><\/li>\n<\/ul>\n<p> Oppdatert torsdag 15. januar kl. 13:01     <\/p>\n<p class=\"_paragraph_o9xde_4 _paragraph_xtcu6_10 layout-component text-serif-m layout-normal text-serif-m layout-padded\">Et slikt horn er kanskje mest kjent fra eventyret om \u00abDen syvende far i huset\u00bb fra Asbj\u00f8rnsen og Moe. Det er heller ikke tilfeldig if\u00f8lge \u00d8ystein Alexander S\u00f8lvesen Myhre, som eier S\u00f8lvesen Myhre Berntsen Antikviteter AS.<\/p>\n<p><img alt=\"\u00d8ystein Alexander S\u00f8lvesen-Myhre har opparbeidet god erfaring med gamle antikviteter.   Foto: Arne \u00d8rnes\" class=\"_image_qp4xg_65 layout-component layout-normal\" data-fullscreen- data-track-element-type=\"Article image fullscreen\" data-track-name=\"ImageFullscreen\" decoding=\"async\" loading=\"lazy\" height=\"2048\" itemprop=\"image\"  src=\"https:\/\/www.europesays.com\/no\/wp-content\/uploads\/2026\/01\/8095a1b6-b0d0-47df-9e00-394a559982cd.jpeg\"  style=\"object-position:0% 0%\" width=\"1753\"\/>\u00d8ystein Alexander S\u00f8lvesen-Myhre har opparbeidet god erfaring med gamle antikviteter.   Foto: Arne \u00d8rnes<\/p>\n<p class=\"_paragraph_o9xde_4 _paragraph_xtcu6_10 layout-component text-serif-m layout-normal text-serif-m layout-padded\">\u2013 Eventyrforfattere samlet ofte p\u00e5 slike antikviteter. Det er ofte derfor vi ser at de blir brukt i eventyrfortellingene. Et av hengeskapene det er mulig \u00e5 se i et av eventyrene har jeg solgt for n\u00e6rmere 700.000 kroner.<\/p>\n<p class=\"_paragraph_o9xde_4 _paragraph_xtcu6_10 layout-component text-serif-m layout-normal text-serif-m layout-padded\">Dette hornet er derimot ikke fra noe eventyr. Det er et drikkehorn fra Telemark. Det ble f\u00f8rst solgt for rundt 25.000 kroner p\u00e5 en auksjon etter at det ble funnet p\u00e5 en g\u00e5rd i Drangedal for noen \u00e5r siden. <\/p>\n<p class=\"_paragraph_o9xde_4 _paragraph_xtcu6_10 layout-component text-serif-m layout-normal text-serif-m layout-padded\">Forrige m\u00e5ned ble det solgt p\u00e5 nytt, for hele 147.000 kroner. Det var <a href=\"https:\/\/www.ta.no\/funnet-stuet-bort-pa-loftet-solgt-for-147-000-kroner-det-kan-ligge-ting-overalt-som-kan-bade-vare-nok-til-en-ferie-eller-mer\/s\/5-50-2258790\" class=\"_link_o9xde_39\" rel=\"nofollow noopener\" target=\"_blank\">Telemarksavisa<\/a> som f\u00f8rst omtalte saken. <\/p>\n<p class=\"_paragraph_o9xde_4 _paragraph_xtcu6_10 layout-component text-serif-m layout-normal text-serif-m layout-padded\">S\u00f8lvesen-Myhre selger det p\u00e5 vegne av andre og f\u00e5r bare en liten del av salgssummen. Hvem som solgte og kj\u00f8pte det er hemmelig.<\/p>\n<p class=\"_paragraph_o9xde_4 _paragraph_xtcu6_10 layout-component text-serif-m layout-normal text-serif-m layout-padded\">\u2013 Horn har v\u00e6rt brukt omtrent fra tidenes morgen som drikkehorn. Rundt 1600-tallet endret drikkemoten seg i Norge, noe som gjorde at mange drikkehorn bare ble kastet. Det som trolig har gjort at dette hornet har overlevd, er at det ble omgjort til et krutthornkrutthornEn beholder laget av horn som ble brukt til \u00e5 oppbevare krutt i tidligere tider. en gang p\u00e5 1700 eller 1800-tallet, forteller S\u00f8lvesen-Myhre.<\/p>\n<p class=\"_paragraph_o9xde_4 _paragraph_xtcu6_10 layout-component text-serif-m layout-normal text-serif-m layout-padded\">Han tror mange har verdier hjemme som de kanskje ikke vet om, men som de kanskje b\u00f8r f\u00e5 taksert. Det kan v\u00e6re vanskelig \u00e5 sette en pris p\u00e5 slikt. <\/p>\n<p class=\"_paragraph_o9xde_4 _paragraph_xtcu6_10 layout-component text-serif-m layout-normal text-serif-m layout-padded\">\u2013 De som solgte dette for rundt 25.000 kroner visste nok ikke hva det var. Selv satte jeg en verdi p\u00e5 det til 80.000 f\u00f8r auksjonsrunden. Det ble jo solgt for en h\u00f8yere sum enn det ogs\u00e5.<\/p>\n<p class=\"_paragraph_o9xde_4 _paragraph_xtcu6_10 layout-component text-serif-m layout-normal text-serif-m layout-padded\">Som oftest er det privatpersoner som samler p\u00e5 antikviteter som er p\u00e5 auksjoner for \u00e5 kj\u00f8pe slike gjenstander. Men nye generasjoner er ikke like interessert, mener S\u00f8lvesen-Myhre, og det bekymrer ham, <\/p>\n<p class=\"_paragraph_o9xde_4 _paragraph_xtcu6_10 layout-component text-serif-m layout-normal text-serif-m layout-padded\">\u2013 Det er vanskelig \u00e5 se hvordan det skal bli n\u00e5r de typiske samlerne etter hvert gir seg. Det er f\u00e5 samlere i de yngre generasjonene, sier han.<\/p>\n","protected":false},"excerpt":{"rendered":"Det var noen som fikk god profitt p\u00e5 hornet de kj\u00f8pte for rundt 25.000 kroner p\u00e5 en auksjon&hellip;\n","protected":false},"author":2,"featured_media":138204,"comment_status":"","ping_status":"","sticky":false,"template":"","format":"standard","meta":{"footnotes":""},"categories":[10],"tags":[20,21,24,25,15,22,23,13,30,28,29,14,16,26,27],"class_list":{"0":"post-138203","1":"post","2":"type-post","3":"status-publish","4":"format-standard","5":"has-post-thumbnail","7":"category-norge","8":"tag-breaking-news","9":"tag-breakingnews","10":"tag-featured-news","11":"tag-featurednews","12":"tag-headlines","13":"tag-latest-news","14":"tag-latestnews","15":"tag-news","16":"tag-no","17":"tag-norge","18":"tag-norway","19":"tag-nyheter","20":"tag-overskrifter","21":"tag-top-stories","22":"tag-topstories"},"share_on_mastodon":{"url":"https:\/\/pubeurope.com\/@no\/115899047891412985","error":""},"_links":{"self":[{"href":"https:\/\/www.europesays.com\/no\/wp-json\/wp\/v2\/posts\/138203","targetHints":{"allow":["GET"]}}],"collection":[{"href":"https:\/\/www.europesays.com\/no\/wp-json\/wp\/v2\/posts"}],"about":[{"href":"https:\/\/www.europesays.com\/no\/wp-json\/wp\/v2\/types\/post"}],"author":[{"embeddable":true,"href":"https:\/\/www.europesays.com\/no\/wp-json\/wp\/v2\/users\/2"}],"replies":[{"embeddable":true,"href":"https:\/\/www.europesays.com\/no\/wp-json\/wp\/v2\/comments?post=138203"}],"version-history":[{"count":0,"href":"https:\/\/www.europesays.com\/no\/wp-json\/wp\/v2\/posts\/138203\/revisions"}],"wp:featuredmedia":[{"embeddable":true,"href":"https:\/\/www.europesays.com\/no\/wp-json\/wp\/v2\/media\/138204"}],"wp:attachment":[{"href":"https:\/\/www.europesays.com\/no\/wp-json\/wp\/v2\/media?parent=138203"}],"wp:term":[{"taxonomy":"category","embeddable":true,"href":"https:\/\/www.europesays.com\/no\/wp-json\/wp\/v2\/categories?post=138203"},{"taxonomy":"post_tag","embeddable":true,"href":"https:\/\/www.europesays.com\/no\/wp-json\/wp\/v2\/tags?post=138203"}],"curies":[{"name":"wp","href":"https:\/\/api.w.org\/{rel}","templated":true}]}}