{"id":138209,"date":"2026-01-15T12:16:31","date_gmt":"2026-01-15T12:16:31","guid":{"rendered":"https:\/\/www.europesays.com\/no\/138209\/"},"modified":"2026-01-15T12:16:31","modified_gmt":"2026-01-15T12:16:31","slug":"sally-nord-folger-protestene-i-hjemlandet-tett-far-vondt-i-hjertet-bladet-vesteralen","status":"publish","type":"post","link":"https:\/\/www.europesays.com\/no\/138209\/","title":{"rendered":"Sally Nord f\u00f8lger protestene i hjemlandet tett: \u2013 F\u00e5r vondt i hjertet &#8211; Bladet Vester\u00e5len"},"content":{"rendered":"<ol>\n<li><a href=\"https:\/\/news.google.com\/rss\/articles\/CBMiowFBVV95cUxOeTA0VDRvZzJfNzJwY3NNaHVFVjFGeGRSX0haakd1N3M4aC1Gb01BTUhvbXN5V1NOUFkyNGo2dlJKck53SHlyN3VfTFNVc3B6WUgwUmZDMVVnSURXcjF6Nm5hWnNUWVU4MlRWSkdidjloeVlfNkZ4S09pemhFeS0tbHRCWGQtRGxCZ3FlSHcwclVOSzVNTmdKcDNObnVwVHlCY3Y4?oc=5\" target=\"_blank\" rel=\"nofollow noopener\">Sally Nord f\u00f8lger protestene i hjemlandet tett: \u2013 F\u00e5r vondt i hjertet<\/a>&nbsp;&nbsp;Bladet Vester\u00e5len<\/li>\n<li><a href=\"https:\/\/news.google.com\/rss\/articles\/CBMihAFBVV95cUxNSUttZEx2OGVwOU1qeF8xN3I2OWRJeUJuUVVNckRYNkRrY3pTOGxBNzhTRUs3ZlZZWjNyM1E2Y2NKcmdMbTBkM3FiN2h6RDVlQXBZZ3hBMGpadGRZdVdidmlmQ0R0M0lEQUhUV1E0cnlGT1BVczlBUW5LYnUxUVE5NEExTGQ?oc=5\" target=\"_blank\" rel=\"nofollow noopener\">F\u00e5r ikke tak i familien i Iran: \u2013\u2060 Vi ringer, men ingen svarer<\/a>&nbsp;&nbsp;VG<\/li>\n<li><a href=\"https:\/\/news.google.com\/rss\/articles\/CBMikwFBVV95cUxPRW9xSlJWTmtweFYwelB0ckVNa0VDM0MxRXBhWkFtSHJyTWJaelQ2ZTVZNE55aVVQQUtXQVNvU3ZydlJyaTZvdmNUTjVUZF9DQmhMMXZfNEdadjVaUmJzaEZQSGZXU2Fqc1RoS0paazRqZmpWcVRieS1uNUJqS201ckdRSFN2X1pjMmhMNjdZb2tZNjA?oc=5\" target=\"_blank\" rel=\"nofollow noopener\">Trump lar Putin f\u00e5 svi (+)<\/a>&nbsp;&nbsp;Dagens N\u00e6ringsliv<\/li>\n<li><a href=\"https:\/\/news.google.com\/rss\/articles\/CBMiggFBVV95cUxQMF9JZkhldHdVVlE5TE5QSERNTC1KeDdnV0NIM2l0dVdTSUUxc1JyRml4UUk3aUtuZlRpZGVNSGYzQ1pHUDllcVpEVUNxclhYVE9MMENuMnNPc0JuQkE2QjNtR1Q2ZmRGRkw3N3pmbHIzRnZMcUNFRGxXS2xTSXBYWkd3?oc=5\" target=\"_blank\" rel=\"nofollow noopener\">&#8211; Amerikanske baser vil bli angrepet<\/a>&nbsp;&nbsp;Dagbladet<\/li>\n<li><a href=\"https:\/\/news.google.com\/rss\/articles\/CBMisgFBVV95cUxNNjlkRWFTR0JtWHJpbDNZZkdfdkdERVpsa0FTVE8wM0t3Q3VNSktfTjdmYkM5WENudWtoV1lXV1dMTUtyYzZyVU9nMVhtMFZrWENfU0FFQzRuV25Sa3pHMnhLbXdOOGRfUFEwY0s2TnBuempobjJVS3pjaVd3a1lQRnlCMlRkQ3hUZ1FyWDNGMG5yM250M210Zjk3UHYxdWw4a3k4S0gtS1RFTTRlN2tRTmZR?oc=5\" target=\"_blank\" rel=\"nofollow noopener\">Utlendingsmyndigheitene vil ikkje stoppe utsendingar av asyls\u00f8karar til Iran<\/a>&nbsp;&nbsp;NRK<\/li>\n<\/ol>\n","protected":false},"excerpt":{"rendered":"Sally Nord f\u00f8lger protestene i hjemlandet tett: \u2013 F\u00e5r vondt i hjertet&nbsp;&nbsp;Bladet Vester\u00e5len F\u00e5r ikke tak i familien&hellip;\n","protected":false},"author":2,"featured_media":138210,"comment_status":"","ping_status":"","sticky":false,"template":"","format":"standard","meta":{"footnotes":""},"categories":[12],"tags":[20,21,24,25,15,22,23,13,30,28,29,14,16,26,27,42,43,44,45],"class_list":{"0":"post-138209","1":"post","2":"type-post","3":"status-publish","4":"format-standard","5":"has-post-thumbnail","7":"category-verden","8":"tag-breaking-news","9":"tag-breakingnews","10":"tag-featured-news","11":"tag-featurednews","12":"tag-headlines","13":"tag-latest-news","14":"tag-latestnews","15":"tag-news","16":"tag-no","17":"tag-norge","18":"tag-norway","19":"tag-nyheter","20":"tag-overskrifter","21":"tag-top-stories","22":"tag-topstories","23":"tag-verden","24":"tag-world","25":"tag-world-news","26":"tag-worldnews"},"share_on_mastodon":{"url":"https:\/\/pubeurope.com\/@no\/115899071478173534","error":""},"_links":{"self":[{"href":"https:\/\/www.europesays.com\/no\/wp-json\/wp\/v2\/posts\/138209","targetHints":{"allow":["GET"]}}],"collection":[{"href":"https:\/\/www.europesays.com\/no\/wp-json\/wp\/v2\/posts"}],"about":[{"href":"https:\/\/www.europesays.com\/no\/wp-json\/wp\/v2\/types\/post"}],"author":[{"embeddable":true,"href":"https:\/\/www.europesays.com\/no\/wp-json\/wp\/v2\/users\/2"}],"replies":[{"embeddable":true,"href":"https:\/\/www.europesays.com\/no\/wp-json\/wp\/v2\/comments?post=138209"}],"version-history":[{"count":0,"href":"https:\/\/www.europesays.com\/no\/wp-json\/wp\/v2\/posts\/138209\/revisions"}],"wp:featuredmedia":[{"embeddable":true,"href":"https:\/\/www.europesays.com\/no\/wp-json\/wp\/v2\/media\/138210"}],"wp:attachment":[{"href":"https:\/\/www.europesays.com\/no\/wp-json\/wp\/v2\/media?parent=138209"}],"wp:term":[{"taxonomy":"category","embeddable":true,"href":"https:\/\/www.europesays.com\/no\/wp-json\/wp\/v2\/categories?post=138209"},{"taxonomy":"post_tag","embeddable":true,"href":"https:\/\/www.europesays.com\/no\/wp-json\/wp\/v2\/tags?post=138209"}],"curies":[{"name":"wp","href":"https:\/\/api.w.org\/{rel}","templated":true}]}}