{"id":138211,"date":"2026-01-15T12:17:18","date_gmt":"2026-01-15T12:17:18","guid":{"rendered":"https:\/\/www.europesays.com\/no\/138211\/"},"modified":"2026-01-15T12:17:18","modified_gmt":"2026-01-15T12:17:18","slug":"penger-nyhetsvarsel-vg-stoltenberg-sier-han-vil-fjerne-tusenlappen","status":"publish","type":"post","link":"https:\/\/www.europesays.com\/no\/138211\/","title":{"rendered":"Penger, Nyhetsvarsel | VG: Stoltenberg sier han vil fjerne tusenlappen"},"content":{"rendered":"\n<p>Finansministeren legger torsdag fram flere tiltak for \u00e5 stanse den svarte \u00f8konomien som kriminelle st\u00e5r bak.<\/p>\n<p>Han har torsdag morgen sendt et brev til Norges Bank, der han ber dem vurdere \u00e5 fjerne tusenlappen fra den norske seddelfloraen.<\/p>\n<p><b>Les ogs\u00e5:<\/b> <a href=\"https:\/\/www.nettavisen.no\/nyheter\/okokrim-tusenlappen-bor-fjernes\/s\/5-95-1686038\" rel=\"Follow nofollow noopener\" target=\"_blank\">\u00d8kokrim: Tusenlappen b\u00f8r fjernes<\/a><\/p>\n<p>\u2013 Det er Norges Bank som bestemmer, men vi foresl\u00e5r det som et av flere tiltak for \u00e5 bekjempe \u00f8konomisk kriminalitet. Det vil gj\u00f8re det vanskeligere for kriminelle \u00e5 betale kontant og hvitvaske penger, sier finansministeren til <a href=\"https:\/\/www.vg.no\/nyheter\/i\/rrgdPK\/jens-stoltenberg-vil-fjerne-tusenlappen\" rel=\"noopener nofollow\" target=\"_blank\">VG<\/a>.<\/p>\n<p>   <img decoding=\"async\" width=\"5074\" height=\"3383\" fetchpriority=\"low\"  loading=\"lazy\"  src=\"https:\/\/www.europesays.com\/no\/wp-content\/uploads\/2026\/01\/NTB_ndd1ItPBF9M_1.jpg\" alt=\"Oslo  20170711.&#10;Illustrasjonsbilde av to norske tusenlapper.&#10;Foto: Jon Olav Nesvold \/ NTB\" class=\"brick-c-cFOWSL\" style=\"--brick-image-ratio: 5074 \/ 3383;\"\/><\/p>\n<p>      STRUPE KONTANT-MULIGHETER: Hvis det ikke er tusenlapper i oml\u00f8p, s\u00e5 blir det vanskeligere for kriminelle, if\u00f8lge regjeringen.<br \/>\n      Foto: Jon Olav Nesvold (NTB)\n    <\/p>\n<p>Han viser til Samfunns\u00f8konomisk analyse fra 2022 som anslo at den svarte \u00f8konomien alene koster det norske samfunnet 80 milliarder kroner, hvorav 32 milliarder anses som direkte tapte skatteinntekter.<\/p>\n<p><b>Les ogs\u00e5:<\/b> <a href=\"https:\/\/www.nettavisen.no\/okonomi\/kamp-mot-kontanter-vil-skrote-norsk-pengeseddel\/s\/5-95-2757859\" rel=\"Follow nofollow noopener\" target=\"_blank\">Kamp mot kontanter: Vil skrote norsk pengeseddel<\/a><\/p>\n<p>\u2013 Svart \u00f8konomi er vanskelig \u00e5 m\u00e5le fordi den holdes unna myndighetene. Men vi vet at deler av den svarte \u00f8konomien foreg\u00e5r med kontanter, sier Stoltenberg.<\/p>\n<p>Danmark kvittet seg med sine tusenlapper i fjor, mens Sverige fremdeles har tusenlapper. Blant landene som benytter euro, er en 500-eurolapp den aller h\u00f8yeste val\u00f8ren. Den gikk ut av produksjon i 2019, men tas fremdeles imot som en gyldig seddel.<\/p>\n","protected":false},"excerpt":{"rendered":"Finansministeren legger torsdag fram flere tiltak for \u00e5 stanse den svarte \u00f8konomien som kriminelle st\u00e5r bak. Han har&hellip;\n","protected":false},"author":2,"featured_media":138212,"comment_status":"","ping_status":"","sticky":false,"template":"","format":"standard","meta":{"footnotes":""},"categories":[10],"tags":[20,21,24,25,15,22,23,13,30,28,29,14,16,26,27],"class_list":{"0":"post-138211","1":"post","2":"type-post","3":"status-publish","4":"format-standard","5":"has-post-thumbnail","7":"category-norge","8":"tag-breaking-news","9":"tag-breakingnews","10":"tag-featured-news","11":"tag-featurednews","12":"tag-headlines","13":"tag-latest-news","14":"tag-latestnews","15":"tag-news","16":"tag-no","17":"tag-norge","18":"tag-norway","19":"tag-nyheter","20":"tag-overskrifter","21":"tag-top-stories","22":"tag-topstories"},"share_on_mastodon":{"url":"https:\/\/pubeurope.com\/@no\/115899075437203105","error":""},"_links":{"self":[{"href":"https:\/\/www.europesays.com\/no\/wp-json\/wp\/v2\/posts\/138211","targetHints":{"allow":["GET"]}}],"collection":[{"href":"https:\/\/www.europesays.com\/no\/wp-json\/wp\/v2\/posts"}],"about":[{"href":"https:\/\/www.europesays.com\/no\/wp-json\/wp\/v2\/types\/post"}],"author":[{"embeddable":true,"href":"https:\/\/www.europesays.com\/no\/wp-json\/wp\/v2\/users\/2"}],"replies":[{"embeddable":true,"href":"https:\/\/www.europesays.com\/no\/wp-json\/wp\/v2\/comments?post=138211"}],"version-history":[{"count":0,"href":"https:\/\/www.europesays.com\/no\/wp-json\/wp\/v2\/posts\/138211\/revisions"}],"wp:featuredmedia":[{"embeddable":true,"href":"https:\/\/www.europesays.com\/no\/wp-json\/wp\/v2\/media\/138212"}],"wp:attachment":[{"href":"https:\/\/www.europesays.com\/no\/wp-json\/wp\/v2\/media?parent=138211"}],"wp:term":[{"taxonomy":"category","embeddable":true,"href":"https:\/\/www.europesays.com\/no\/wp-json\/wp\/v2\/categories?post=138211"},{"taxonomy":"post_tag","embeddable":true,"href":"https:\/\/www.europesays.com\/no\/wp-json\/wp\/v2\/tags?post=138211"}],"curies":[{"name":"wp","href":"https:\/\/api.w.org\/{rel}","templated":true}]}}