{"id":138213,"date":"2026-01-15T12:18:16","date_gmt":"2026-01-15T12:18:16","guid":{"rendered":"https:\/\/www.europesays.com\/no\/138213\/"},"modified":"2026-01-15T12:18:16","modified_gmt":"2026-01-15T12:18:16","slug":"bilen-la-pa-taket-foreren-stakk-fra-stedt","status":"publish","type":"post","link":"https:\/\/www.europesays.com\/no\/138213\/","title":{"rendered":"Bilen l\u00e5 p\u00e5 taket \u2013 f\u00f8reren stakk fra stedt"},"content":{"rendered":"\n<p class=\"_lead_o9xde_2 _lead_xtcu6_50 layout-component text-serif-m layout-normal text-serif-l layout-component layout-wide layout-padded _wide_17hqh_1 layout-padded\">F\u00f8rer er sporet opp og er i avh\u00f8r, sier politiet. <\/p>\n<p><img alt=\"Slik s\u00e5 det ut da politiet ankom stedet.  Foto: Politiet \" class=\"_image_qp4xg_65 layout-component layout-wide\" data-fullscreen- data-track-element-type=\"Article image fullscreen\" data-track-name=\"ImageFullscreen\" fetchpriority=\"high\" decoding=\"sync\" loading=\"eager\" height=\"432\" itemprop=\"image\"  src=\"https:\/\/www.europesays.com\/no\/wp-content\/uploads\/2026\/01\/5c423bba-1184-481e-a113-3e06a550a061.jpeg\"  style=\"object-position:0% 0%\" width=\"768\"\/>Slik s\u00e5 det ut da politiet ankom stedet.  Foto: Politiet <\/p>\n<ul aria-hidden=\"true\" class=\"_images_ntbth_112\">\n<li><a class=\"_link_ntbth_117\" href=\"https:\/\/www.vg.no\/forfatter\/hedda-kurseth\" style=\"z-index:1\" title=\"Hedda Kurseth\" rel=\"nofollow noopener\" target=\"_blank\"><img alt=\"Bilde av Hedda Kurseth\" class=\"_image_ntbth_93\" fetchpriority=\"low\" loading=\"lazy\" decoding=\"async\" itemprop=\"image\"  src=\"https:\/\/www.europesays.com\/no\/wp-content\/uploads\/2026\/01\/1768479494_205_b6ad06ce-2f4e-4492-9dd9-7cfbdae81f6d.jpeg\"  width=\"480\"\/><\/a><\/li>\n<\/ul>\n<p> Oppdatert onsdag 14. januar kl. 21:51     <\/p>\n<p class=\"_paragraph_o9xde_4 _paragraph_xtcu6_10 layout-component text-serif-m layout-normal text-serif-m layout-padded\">Onsdag kveld fikk politiet p\u00e5 <a href=\"https:\/\/www.vg.no\/tag\/karmoey?utm_source=vg-article&amp;utm_medium=auto-tagger&amp;utm_campaign=9pOxnq\" class=\"_link_o9xde_39\" rel=\"nofollow noopener\" target=\"_blank\">Karm\u00f8y<\/a> i Rogaland melding om en utforkj\u00f8ring. <\/p>\n<p class=\"_paragraph_o9xde_4 _paragraph_xtcu6_10 layout-component text-serif-m layout-normal text-serif-m layout-padded\">En personbil l\u00e5 p\u00e5 taket, men ingen personer var i eller ved bilen. <\/p>\n<p class=\"_paragraph_o9xde_4 _paragraph_xtcu6_10 layout-component text-serif-m layout-normal text-serif-m layout-padded\">Litt over en time senere skriver politiet at de har kommet i kontakt med han de mener har kj\u00f8rt bilen. <\/p>\n<p class=\"_paragraph_o9xde_4 _paragraph_xtcu6_10 layout-component text-serif-m layout-normal text-serif-m layout-padded\"><strong class=\"_strong_o9xde_25\">\u2013 En mann i 50-\u00e5rene. Han fremst\u00e5r uskadet, sier operasjonsleder Victor Fenne-Jensen. <\/strong><\/p>\n<p class=\"_paragraph_o9xde_4 _paragraph_xtcu6_10 layout-component text-serif-m layout-normal text-serif-m layout-padded\">If\u00f8lge han er mannen ikke eier av bilen og har heller ikke gyldig f\u00f8rerkort. <\/p>\n<p class=\"_paragraph_o9xde_4 _paragraph_xtcu6_10 layout-component text-serif-m layout-normal text-serif-m layout-padded\">I 21-tiden er mannen i avh\u00f8r hos politiet. <\/p>\n<p class=\"_paragraph_o9xde_4 _paragraph_xtcu6_10 layout-component text-serif-m layout-normal text-serif-m layout-padded\">\u2013 Han er kjent for politiet fra f\u00f8r med en del trafikksaker og ruskj\u00f8ring, sier Fenne-Jensen, som sier de ikke har noen formening om det er tilfelle i denne saken n\u00e5.<\/p>\n<p class=\"_paragraph_o9xde_4 _paragraph_xtcu6_10 layout-component text-serif-m layout-normal text-serif-m layout-padded\">Bilen blir tauet p\u00e5 eier regning, skriver politiet. <\/p>\n<p class=\"_paragraph_o9xde_4 _paragraph_xtcu6_10 layout-component text-serif-m layout-normal text-serif-m layout-padded\">\u2013 Formentlig f\u00f8rer er avh\u00f8rt, og han benekter \u00e5 ha kj\u00f8rt bilen. Det er ikke mistanke om ruskj\u00f8ring, opplyser Fenne-Jensen. <\/p>\n<p>Rettelse<\/p>\n<p class=\"_paragraph_o9xde_4\">I en tidligere versjon av denne saken ble det beg\u00e5tt en geografisk glipp da Karm\u00f8y ble plassert i Vestland. Det er jo selvf\u00f8lgelig feil, da Karm\u00f8y er i Rogaland. Rettelsen ble gjort klokken 21.35.<\/p>\n<p>    <img decoding=\"async\" alt=\"Tips oss illustrasjon\" src=\"https:\/\/www.europesays.com\/no\/wp-content\/uploads\/2025\/10\/pssst-small.webp.webp\"\/>    <\/p>\n<p class=\"title-serif-s\">Har du tips?<\/p>\n<p class=\"text-sans-m\">Send oss informasjon, bilder eller video.<\/p>\n<p>  <a href=\"https:\/\/www.vg.no\/tips-oss\" rel=\"nofollow noopener\" target=\"_blank\"> Tips oss <\/a>      <\/p>\n","protected":false},"excerpt":{"rendered":"F\u00f8rer er sporet opp og er i avh\u00f8r, sier politiet. Slik s\u00e5 det ut da politiet ankom stedet.&hellip;\n","protected":false},"author":2,"featured_media":138214,"comment_status":"","ping_status":"","sticky":false,"template":"","format":"standard","meta":{"footnotes":""},"categories":[5],"tags":[31,20,21,24,25,15,19,1761,22,23,17,18,13,30,28,29,14,16,26,27,224],"class_list":{"0":"post-138213","1":"post","2":"type-post","3":"status-publish","4":"format-standard","5":"has-post-thumbnail","7":"category-overskrifter","8":"tag-breaking","9":"tag-breaking-news","10":"tag-breakingnews","11":"tag-featured-news","12":"tag-featurednews","13":"tag-headlines","14":"tag-hovedoppslag","15":"tag-karmoy","16":"tag-latest-news","17":"tag-latestnews","18":"tag-main-news","19":"tag-mainnews","20":"tag-news","21":"tag-no","22":"tag-norge","23":"tag-norway","24":"tag-nyheter","25":"tag-overskrifter","26":"tag-top-stories","27":"tag-topstories","28":"tag-trafikk"},"share_on_mastodon":{"url":"https:\/\/pubeurope.com\/@no\/115899079288691191","error":""},"_links":{"self":[{"href":"https:\/\/www.europesays.com\/no\/wp-json\/wp\/v2\/posts\/138213","targetHints":{"allow":["GET"]}}],"collection":[{"href":"https:\/\/www.europesays.com\/no\/wp-json\/wp\/v2\/posts"}],"about":[{"href":"https:\/\/www.europesays.com\/no\/wp-json\/wp\/v2\/types\/post"}],"author":[{"embeddable":true,"href":"https:\/\/www.europesays.com\/no\/wp-json\/wp\/v2\/users\/2"}],"replies":[{"embeddable":true,"href":"https:\/\/www.europesays.com\/no\/wp-json\/wp\/v2\/comments?post=138213"}],"version-history":[{"count":0,"href":"https:\/\/www.europesays.com\/no\/wp-json\/wp\/v2\/posts\/138213\/revisions"}],"wp:featuredmedia":[{"embeddable":true,"href":"https:\/\/www.europesays.com\/no\/wp-json\/wp\/v2\/media\/138214"}],"wp:attachment":[{"href":"https:\/\/www.europesays.com\/no\/wp-json\/wp\/v2\/media?parent=138213"}],"wp:term":[{"taxonomy":"category","embeddable":true,"href":"https:\/\/www.europesays.com\/no\/wp-json\/wp\/v2\/categories?post=138213"},{"taxonomy":"post_tag","embeddable":true,"href":"https:\/\/www.europesays.com\/no\/wp-json\/wp\/v2\/tags?post=138213"}],"curies":[{"name":"wp","href":"https:\/\/api.w.org\/{rel}","templated":true}]}}