{"id":138215,"date":"2026-01-15T12:19:18","date_gmt":"2026-01-15T12:19:18","guid":{"rendered":"https:\/\/www.europesays.com\/no\/138215\/"},"modified":"2026-01-15T12:19:18","modified_gmt":"2026-01-15T12:19:18","slug":"nicolai-budkov-kjaer-klar-for-australian-open-stor-oslo","status":"publish","type":"post","link":"https:\/\/www.europesays.com\/no\/138215\/","title":{"rendered":"Nicolai Budkov Kj\u00e6r klar for Australian Open \u2013 Stor-Oslo"},"content":{"rendered":"<p>Det er klart etter at han slo franske Pierre-Hugues Herbert (34) natt til torsdag norsk tid.<\/p>\n<p>Kj\u00e6r gjekk sigrande ut med dei overbevisande settsiffera 6-2, 6\u20133.<\/p>\n<p>For f\u00f8rste gong er han dermed klar for ei Grand Slam-turnering p\u00e5 seniorniv\u00e5.<\/p>\n<p><strong>\u2013 Det er f\u00f8rst og fremst utruleg kult. Det er g\u00f8y \u00e5 spele bra i store kampar og i dag var eg heldigvis betre enn han andre. S\u00e5 eg er eigentleg berre glad, seier Kj\u00e6r til Noregs Tennis- og Padelforbund etter sigeren.<\/strong><\/p>\n<p>Tek ting som dei kjem<\/p>\n<p>Han seier han pr\u00f8vde \u00e5 ikkje tenkje for mykje p\u00e5 kva som stod p\u00e5 spel i den tredje og siste kvalifiseringskampen.<\/p>\n<p>\u2013 Eg pr\u00f8ver \u00e5 fokusere p\u00e5 det ein kan kontrollere og det er seg sj\u00f8lv. Ein tek ting litt som dei kjem, seier 19-\u00e5ringen.<\/p>\n<p>Ogs\u00e5 trenar og far Alexander Kj\u00e6r gler seg over sigeren og kvalifiseringa til hovudturneringa.<\/p>\n<p><strong>\u2013 Det var flott. Han er framleis ein ung ten\u00e5ring, men han var vaksen p\u00e5 banen i dag, seier han til forbundet etter kampen.<\/strong><\/p>\n<p>\u2013 Vi hadde ei god kjensle, men vi visste at Herbert er ei luring. Han har vore nummer 36 i verda og vunne Grand Slam i double ogs\u00e5 vidare, s\u00e5 n\u00f8kkelen var \u00e5 returnere godt.<\/p>\n<p><img decoding=\"async\"   src=\"data:image\/gif;base64,R0lGODlhAQABAIAAAAAAAP\/\/\/yH5BAEAAAAALAAAAAABAAEAAAIBRAA7\" loading=\"eager\" alt=\"Nicolai Budkov Kj\u00e6r under Swedish Open\" title=\"Foto: MATHILDA SCHULER \/ BILDBYR\u00c5N\"\/><\/p>\n<p class=\"\">Her er Nicolai Budkov Kj\u00e6r i aksjon under Swedish Open i 2025.<\/p>\n<p>Foto: MATHILDA SCHULER \/ BILDBYR\u00c5N<\/p>\n<p>Stolt, men fatta<\/p>\n<p>Tidlegare i veka slo den norske 19-\u00e5ringen ut Yosuke Watanuki (Japan) og James McCabe (Australia). Begge kampane vart avgjorde etter tre sett.<\/p>\n<p>\u2013 Eg er stolt. I g\u00e5r var ei kraftig utlading, medan i dag er vi meir fatta. Eg veit ikkje korleis ein skal seie det, men eg er veldig stolt \u2013 og det kjem til \u00e5 vekse litt p\u00e5 oss, seier pappa Kj\u00e6r.<\/p>\n<p>Tidlegare har sonen levert sterke resultat i juniorklassen og tok Wimbledon-tittelen i 2024.<\/p>\n<p>Kj\u00e6r har 135.-plassen p\u00e5 ATP-rankinga og er betre rangert enn motstandarane han har m\u00f8tt p\u00e5 hardcourten i Melbourne. Herbert var n\u00e6rast som nummer 157 i verda.<\/p>\n<p>Turneringsstart s\u00f8ndag<\/p>\n<p>Australian Open er \u00e9in av fire Grand Slam-turneringar i l\u00f8pet av eit \u00e5r. Dei andre er Roland-Garros, Wimbledon og US Open.<\/p>\n<p>Kj\u00e6r deltok i Wimbledon-kvalifiseringa i fjor og rauk ut i 2. runde.<\/p>\n<p><img decoding=\"async\"   src=\"data:image\/gif;base64,R0lGODlhAQABAIAAAAAAAP\/\/\/yH5BAEAAAAALAAAAAABAAEAAAIBRAA7\" loading=\"eager\" alt=\"Nicolai Budkov Kj\u00e6r\" title=\"Foto: Lars Thomas Nordby \/ NRK\"\/><\/p>\n<p class=\"\">Her er Nicolai Budkov Kj\u00e6r i aksjon i ein Davis Cupkamp i 2025.<\/p>\n<p>Foto: Lars Thomas Nordby \/ NRK<\/p>\n<p>Hovudturneringa i Melbourne startar s\u00f8ndag.<\/p>\n<p>Kort tid etter at Kj\u00e6r hadde spelt ferdig, skulle kampoppsettet til hovudturneringa trekkjast. Kj\u00e6r seier han ikkje har nokon spesielle \u00f8nske for kven han m\u00f8ter i f\u00f8rste runde.<\/p>\n<p>\u2013 Det er ikkje s\u00e5 farleg for meg, eg er berre glad for \u00e5 vere i \u00abmain draw\u00bb, s\u00e5 f\u00e5r eg m\u00f8te den eg m\u00f8ter. Eg skal gjere mitt beste og forh\u00e5pentleg spele min beste tennis. Det blir kult, det blir ein heilt sinnssjukt oppleving, seier ein sv\u00e6rt forn\u00f8gd tennisspelar.<\/p>\n<p>TV 2s tenniskommentator Sverre Krogh Sundb\u00f8 har stor tru p\u00e5 eit str\u00e5lande 2026 for Kj\u00e6r.<\/p>\n<p>\u2013 Finn han stabiliteten mot dei som kanskje ikkje er like aggressive, trur eg det blir eit fantastisk \u00e5r. Sp\u00e5dommen min er at han fullf\u00f8rer \u00e5ret som topp 50 i verda. Det er eit trongt n\u00e5lauge, men eg trur oppriktig at han har det inne, sa han til NTB tidlegare i veka.<\/p>\n<p>Publisert<\/p>\n<p>15.01.2026, kl. 09.32<\/p>\n<p>Oppdatert<\/p>\n<p>15.01.2026, kl. 09.54<\/p>\n","protected":false},"excerpt":{"rendered":"Det er klart etter at han slo franske Pierre-Hugues Herbert (34) natt til torsdag norsk tid. Kj\u00e6r gjekk&hellip;\n","protected":false},"author":2,"featured_media":138216,"comment_status":"","ping_status":"","sticky":false,"template":"","format":"standard","meta":{"footnotes":""},"categories":[59],"tags":[30,28,29,83,82],"class_list":{"0":"post-138215","1":"post","2":"type-post","3":"status-publish","4":"format-standard","5":"has-post-thumbnail","7":"category-sport","8":"tag-no","9":"tag-norge","10":"tag-norway","11":"tag-sport","12":"tag-sports"},"share_on_mastodon":{"url":"https:\/\/pubeurope.com\/@no\/115899083496479932","error":""},"_links":{"self":[{"href":"https:\/\/www.europesays.com\/no\/wp-json\/wp\/v2\/posts\/138215","targetHints":{"allow":["GET"]}}],"collection":[{"href":"https:\/\/www.europesays.com\/no\/wp-json\/wp\/v2\/posts"}],"about":[{"href":"https:\/\/www.europesays.com\/no\/wp-json\/wp\/v2\/types\/post"}],"author":[{"embeddable":true,"href":"https:\/\/www.europesays.com\/no\/wp-json\/wp\/v2\/users\/2"}],"replies":[{"embeddable":true,"href":"https:\/\/www.europesays.com\/no\/wp-json\/wp\/v2\/comments?post=138215"}],"version-history":[{"count":0,"href":"https:\/\/www.europesays.com\/no\/wp-json\/wp\/v2\/posts\/138215\/revisions"}],"wp:featuredmedia":[{"embeddable":true,"href":"https:\/\/www.europesays.com\/no\/wp-json\/wp\/v2\/media\/138216"}],"wp:attachment":[{"href":"https:\/\/www.europesays.com\/no\/wp-json\/wp\/v2\/media?parent=138215"}],"wp:term":[{"taxonomy":"category","embeddable":true,"href":"https:\/\/www.europesays.com\/no\/wp-json\/wp\/v2\/categories?post=138215"},{"taxonomy":"post_tag","embeddable":true,"href":"https:\/\/www.europesays.com\/no\/wp-json\/wp\/v2\/tags?post=138215"}],"curies":[{"name":"wp","href":"https:\/\/api.w.org\/{rel}","templated":true}]}}