{"id":138217,"date":"2026-01-15T12:20:09","date_gmt":"2026-01-15T12:20:09","guid":{"rendered":"https:\/\/www.europesays.com\/no\/138217\/"},"modified":"2026-01-15T12:20:09","modified_gmt":"2026-01-15T12:20:09","slug":"celine-dion-minnes-avdod-ektemann-rene-angelil-med-rorende-facebook-innlegg-2","status":"publish","type":"post","link":"https:\/\/www.europesays.com\/no\/138217\/","title":{"rendered":"C\u00e9line Dion minnes avd\u00f8d ektemann Ren\u00e9 Ang\u00e9lil med r\u00f8rende Facebook-innlegg"},"content":{"rendered":"<p class=\"kicker \" style=\"\">C\u00e9line Dion:<\/p>\n<p>    Sangstjerna m\u00f8tte sin avd\u00f8de ektemann da hun var 12. N\u00e5 er det ti \u00e5r siden han d\u00f8de.<\/p>\n<p>\n    DELER OPPDATERING: Det er ni \u00e5r siden sangeren C\u00e9line Dion mistet ektemannen sin. Foto: Erik Pendzich \/ NTB\n  <\/p>\n<p>15. januar er det ti \u00e5r siden artist C\u00e9line Dion (57) mistet ektemannen Ren\u00e9 Ang\u00e9lil til strupekreft. Han ble 73 \u00e5r gammel.<\/p>\n<p>N\u00e5 deler Dion en hilsen p\u00e5 sin\u00a0<a href=\"https:\/\/www.facebook.com\/photo\/?fbid=1484191933073126&amp;set=a.290352705790394\" rel=\"nofollow noopener\" target=\"_blank\">Facebook<\/a>-profil.<\/p>\n<p>Til et bilde av ektemannen skriver Dion at hun og barna\u00a0<a href=\"https:\/\/www.dagbladet.no\/kjendis\/ikke-skjedd-pa-ni-ar\/82519758\" target=\"_blank\" rel=\"nofollow noopener\">Ren\u00e9-Charles (24) og tvillingene Eddy og Nelson (15) markerer ti\u00e5rsdagen.<\/a><\/p>\n<p> \u00abMin kj\u00e6re, ti \u00e5r uten deg f\u00f8les som bare \u00e9n dag, og likevel f\u00f8les hver dag som et ti\u00e5r\u00bb, starter meldingen.\u00a0<\/p>\n<p>Familien beskriver hvordan savnet er overveldende, men at de klarer \u00e5 st\u00e5 i det.\u00a0<\/p>\n<p> \u00abVi savner deg mer enn vi kan b\u00e6re, men du l\u00e6rte oss \u00e5 v\u00e6re sterke. Vi elsker deg mer, for hver dag og hvert \u00e5r som g\u00e5r\u00bb, st\u00e5r det videre.<\/p>\n<p>        BLE TOBARNS MOR: Therese Johaug vant \u00e5rets hederspris p\u00e5 idrettsgallaen i helga, men var selv ikke til stede. Hun sendte i stedet denne videoen fra f\u00f8destua. Video: NRK<\/p>\n<p class=\"font-weight-bold m-font-weight-bold\" data-lab-font_weight=\"font-weight-bold\">Massiv st\u00f8tte<\/p>\n<p>P\u00e5 samme dato i fjor delte sangstjerna et sjeldent bilde av seg selv med s\u00f8nnene for \u00e5 hedre sin avd\u00f8de ektemann.<\/p>\n<p>\u00abRen\u00e9, vi kan ikke tro at du har v\u00e6rt borte i ni \u00e5r allerede. Det g\u00e5r ikke en dag uten at vi f\u00f8ler din tilstedev\u00e6relse, RC, Eddy, Nelson og jeg\u00bb, skrev hun i et innlegg p\u00e5\u00a0<a href=\"https:\/\/www.instagram.com\/p\/DE1T_60uLyx\/\" rel=\"nofollow noopener\" target=\"_blank\">Instagram<\/a>, som ble \u00ablikt\u00bb av 600 000.\u00a0<\/p>\n<p>&#8211; Levde i h\u00e5p\t<\/p>\n<p> Ang\u00e9lil var komponist, i tillegg til \u00e5 v\u00e6re konas manager og mentor. Paret m\u00f8ttes for f\u00f8rste gang da Dion var 12 \u00e5r gammel. Det var etter at broren hennes hadde sendt inn en sang til Ang\u00e9lil, <a href=\"https:\/\/www.seher.no\/kjendis\/avslorer-detaljer-rundt-ung-romanse\/69538878\" rel=\"nofollow noopener\" target=\"_blank\">som hun selv hadde skrevet.<\/a> <\/p>\n<p>Da Dion var 18 \u00e5r, og Ang\u00e9lil var 44, ble de to et par.\u00a0<\/p>\n<p>        <img loading=\"lazy\" decoding=\"async\" src=\"https:\/\/www.europesays.com\/no\/wp-content\/uploads\/2026\/01\/1768479608_489_84100258.webp.webp\" width=\"667\" height=\"834\" title=\"GIFT: Ren\u00e9 Ang\u00e9lil og C\u00e9line Dion giftet seg i 1994 og var sammen til f\u00f8rstnevnte gikk bort i 2016. Her er de avbildet i Las Vegas i 2013. Foto: Mediapunch\/REX\/NTB\" alt=\"\" class=\"\" style=\"--aspect-ratio-image: 0.80; \"\/><\/p>\n<p>\n        GIFT: Ren\u00e9 Ang\u00e9lil og C\u00e9line Dion giftet seg i 1994 og var sammen til f\u00f8rstnevnte gikk bort i 2016. Her er de avbildet i Las Vegas i 2013. Foto: Mediapunch\/REX\/NTB\n    <\/p>\n<p>Komponisten fikk f\u00f8rst kreft i 1999, og ble diagnostisert med strupekreft for andre gang i 2013.\u00a0<\/p>\n<p>Strupekreft oppst\u00e5r i slimhinneepitelet i strupen. De vanligste symptomene og tegnene er langvarig, \u00f8kende heshet og svelgvansker, if\u00f8lge <a href=\"https:\/\/sml.snl.no\/strupekreft\" target=\"_blank\" rel=\"nofollow noopener\">Store medisinske leksikon<\/a>.\u00a0<\/p>\n<p>I Norge f\u00e5r rundt hundre personer den samme diagnosen \u00e5rlig. Sykdommen rammer eldre oftere enn yngre, og i Norge er\u00a0rammes menn seks ganger hyppigere enn kvinner.<\/p>\n<p>Tok en pause\t<\/p>\n<p>I 2013 tok Dion en pause fra musikken for \u00e5 kunne ta vare p\u00e5 sin syke ektemann.<\/p>\n<p>F\u00f8r hans bortgang, delte hun \u00e6rlig om hvor vanskelig det var \u00e5 v\u00e6re ved hans side mens helsa ble d\u00e5rligere.<\/p>\n<p>&#8211; Vi levde i h\u00e5p, vel vitende om at det ikke var noe h\u00e5p. Det var tider da jeg var veldig, veldig redd og han skrev til meg \u00abDet n\u00e6rmer seg slutten, jeg f\u00f8ler det\u00bb, sa hun til <a href=\"https:\/\/people.com\/celebrity\/celine-dion-opens-up-about-late-husband-four-months-after-his-death\/?utm_source=chatgpt.com\" rel=\"nofollow noopener\" target=\"_blank\">People<\/a> i 2016.<\/p>\n<p>    Sorgr\u00e5d fra Kreftforeningen:<\/p>\n<ul>\n<li class=\"lab-bodytext-line\">Godta at du reagerer slik du gj\u00f8r. Fors\u00f8k \u00e5 m\u00f8te tankene og inntrykkene dine slik at du f\u00e5r et bedre grep om det som skjedde.<\/li>\n<li class=\"lab-bodytext-line\">Snakk med noen, selv om det kan v\u00e6re vanskelig \u00e5 ta imot tilbud om hjelp og st\u00f8tte.\u00a0<\/li>\n<li class=\"lab-bodytext-line\">Mange venner og bekjente har et \u00f8nske om \u00e5 hjelpe. De kan f\u00f8le seg hjelpel\u00f8se og ikke vite hva de skal si. Da er det ikke uvanlig \u00e5 velge den letteste utvei som er \u00e5 ikke ta kontakt i det hele tatt. Det kan hende du ogs\u00e5 m\u00e5 ta initiativ for \u00e5 f\u00e5 hjelp.<\/li>\n<li class=\"lab-bodytext-line\">N\u00e5r du er i sorg, er det vanlig at hverdagens gj\u00f8rem\u00e5l virker vanskelig. Ta imot praktisk hjelp. Det er fint om du forteller hva du vil ha hjelp til.\u00a0<\/li>\n<li class=\"lab-bodytext-line\">Fors\u00f8k \u00e5 opprettholde dagsrytmen din. Gj\u00f8r aktiviteter som tidligere ga deg glede. Det kan v\u00e6re praktiske oppgaver som snekring, hagearbeid eller andre opplevelser, som konserter og reiser.\u00a0<\/li>\n<li class=\"lab-bodytext-line\">Om du er i arbeid s\u00e5 ikke vent lenge med \u00e5 g\u00e5 tilbake til jobben, selv om du den f\u00f8rste tiden kanskje ikke kan klare jobben din i like stor grad som tidligere.<\/li>\n<li class=\"lab-bodytext-line\">V\u00e6r raus med deg selv og gi deg tid og rom til \u00e5 s\u00f8rge, p\u00e5 din m\u00e5te. Om du hadde brukket armen ville du umiddelbart visst at du trengte \u00e5 gi den tid til \u00e5 gro. Tillat deg selv \u00e5 v\u00e6re glad, og unne deg gode opplevelser.<\/li>\n<\/ul>\n<p>Kilde: <a href=\"https:\/\/kreftforeningen.no\/rad-og-rettigheter\/sorg-hos-voksne\/\" target=\"_blank\" rel=\"nofollow noopener\">Kreftforeningen<\/a>.<\/p>\n<p>      Vis mer<br \/>\n      Vis mindre<\/p>\n<p>    <a itemprop=\"url\" href=\"https:\/\/www.dagbladet.no\/kjendis\/motte-veggen-etter-innspilling\/84099856\" rel=\"nofollow noopener\" target=\"_blank\"><\/p>\n<p>        <img loading=\"lazy\" decoding=\"async\" src=\"https:\/\/www.europesays.com\/no\/wp-content\/uploads\/2026\/01\/84098031.webp.webp\" width=\"980\" height=\"441\" title=\"M\u00f8tte veggen etter innspilling\" alt=\"\" class=\"lazyload\" style=\"--aspect-ratio-image: 2.22; \"\/><\/p>\n<p>        M\u00f8tte veggen etter innspilling<\/p>\n<p>    <\/a><\/p>\n<p>I 2022 avsl\u00f8rte verdensstjerna at hun lider av <a href=\"https:\/\/www.dagbladet.no\/kjendis\/deler-aerlig-blir-sa-flau\/81598065\" target=\"_blank\" rel=\"nofollow noopener\">nervesykdommen \u00abstiff person syndrome\u00bb (SPS).<\/a><\/p>\n<p>I et videoklipp fra et TV-intervju med\u00a0<a href=\"https:\/\/www.etonline.com\/inside-celine-dions-battle-with-stiff-person-syndrome-what-shes-said-about-her-health-struggles\" rel=\"nofollow noopener\" target=\"_blank\">Entertainment Tonight<\/a>\u00a0fra 2024, r\u00f8pet Dion at hun hadde lidd av sykdommen i 17 \u00e5r f\u00f8r diagnosen ble kjent for offentligheten.<\/p>\n<p><script async src=\"\/\/www.instagram.com\/embed.js\"><\/script><\/p>\n","protected":false},"excerpt":{"rendered":"C\u00e9line Dion: Sangstjerna m\u00f8tte sin avd\u00f8de ektemann da hun var 12. N\u00e5 er det ti \u00e5r siden han&hellip;\n","protected":false},"author":2,"featured_media":138218,"comment_status":"","ping_status":"","sticky":false,"template":"","format":"standard","meta":{"footnotes":""},"categories":[58],"tags":[4121,71,479,30,28,29,15765,72],"class_list":{"0":"post-138217","1":"post","2":"type-post","3":"status-publish","4":"format-standard","5":"has-post-thumbnail","7":"category-underholdning","8":"tag-celine-dion","9":"tag-entertainment","10":"tag-kjendis","11":"tag-no","12":"tag-norge","13":"tag-norway","14":"tag-rene-angelil","15":"tag-underholdning"},"share_on_mastodon":{"url":"https:\/\/pubeurope.com\/@no\/115899087229828965","error":""},"_links":{"self":[{"href":"https:\/\/www.europesays.com\/no\/wp-json\/wp\/v2\/posts\/138217","targetHints":{"allow":["GET"]}}],"collection":[{"href":"https:\/\/www.europesays.com\/no\/wp-json\/wp\/v2\/posts"}],"about":[{"href":"https:\/\/www.europesays.com\/no\/wp-json\/wp\/v2\/types\/post"}],"author":[{"embeddable":true,"href":"https:\/\/www.europesays.com\/no\/wp-json\/wp\/v2\/users\/2"}],"replies":[{"embeddable":true,"href":"https:\/\/www.europesays.com\/no\/wp-json\/wp\/v2\/comments?post=138217"}],"version-history":[{"count":0,"href":"https:\/\/www.europesays.com\/no\/wp-json\/wp\/v2\/posts\/138217\/revisions"}],"wp:featuredmedia":[{"embeddable":true,"href":"https:\/\/www.europesays.com\/no\/wp-json\/wp\/v2\/media\/138218"}],"wp:attachment":[{"href":"https:\/\/www.europesays.com\/no\/wp-json\/wp\/v2\/media?parent=138217"}],"wp:term":[{"taxonomy":"category","embeddable":true,"href":"https:\/\/www.europesays.com\/no\/wp-json\/wp\/v2\/categories?post=138217"},{"taxonomy":"post_tag","embeddable":true,"href":"https:\/\/www.europesays.com\/no\/wp-json\/wp\/v2\/tags?post=138217"}],"curies":[{"name":"wp","href":"https:\/\/api.w.org\/{rel}","templated":true}]}}