{"id":138221,"date":"2026-01-15T12:24:07","date_gmt":"2026-01-15T12:24:07","guid":{"rendered":"https:\/\/www.europesays.com\/no\/138221\/"},"modified":"2026-01-15T12:24:07","modified_gmt":"2026-01-15T12:24:07","slug":"overgrep-nyhetsvarsel-politiker-i-more-og-romsdal-siktet-for-overgrep-mot-barn","status":"publish","type":"post","link":"https:\/\/www.europesays.com\/no\/138221\/","title":{"rendered":"Overgrep, Nyhetsvarsel | Politiker i M\u00f8re og Romsdal siktet for overgrep mot barn"},"content":{"rendered":"\n<p><a href=\"https:\/\/www.tv2.no\/nyheter\/politiker-siktet-for-overgrep-mot-barn\/18464880\/\" rel=\"Follow nofollow noopener\" target=\"_blank\">TV 2<\/a> opplyser at mannen ble p\u00e5grepet 9. desember og fremstilt for varetektsfengsling, men at Sunnm\u00f8re tingrett besluttet \u00e5 holde fengslingskjennelsen hemmelig. Han ble l\u00f8slatt lille julaften da det ikke lenger var fare for bevisforspillelse.<\/p>\n<p>Mannen er lokalpolitiker og kommunestyrerepresentant.<\/p>\n<p>\u2013 Politiet ser alvorlig p\u00e5 denne type kriminalitet, s\u00e6rlig n\u00e5r mindre\u00e5rige er forn\u00e6rmet, sier politiadvokat Merethe Falkevik i M\u00f8re og Romsdal politidistrikt til <a rel=\"Follow nofollow noopener\" href=\"https:\/\/www.tv2.no\/nyheter\/politiker-siktet-for-overgrep-mot-barn\/18464880\/\" target=\"_blank\">TV 2<\/a>.<\/p>\n<p><b>Les ogs\u00e5:<\/b> <a href=\"https:\/\/www.nettavisen.no\/nyheter\/tidligere-dansk-toppolitiker-domt-til-fengsel-for-overgrepsmateriale\/s\/5-95-2594876\" rel=\"Follow nofollow noopener\" target=\"_blank\">Tidligere dansk toppolitiker d\u00f8mt til fengsel for overgrepsmateriale<\/a><\/p>\n<p>Mannen skal ha erkjent seksuell omgang med en 15-\u00e5ring, if\u00f8lge fengslingskjennelsen, og mannen har ogs\u00e5 erkjent \u00e5 ha sendt seksualiserte bilder av seg selv til den forn\u00e6rmede.<\/p>\n<p>Han er ogs\u00e5 siktet etter , hvor politiet har tatt beslag i en stor mengde materiale.<\/p>\n<p><b>Les ogs\u00e5:<\/b> <a href=\"https:\/\/www.nettavisen.no\/nyheter\/fikk-tips-fra-telenor-fant-flere-tusen-filer-med-overgrepsmateriale\/s\/5-95-2801633\" rel=\"Follow nofollow noopener\" target=\"_blank\">Fikk tips fra Telenor: Fant flere tusen filer med overgrepsmateriale<\/a><\/p>\n<p><a rel=\"Follow nofollow noopener\" href=\"https:\/\/www.tv2.no\/nyheter\/politiker-siktet-for-overgrep-mot-barn\/18464880\/\" target=\"_blank\">TV 2 har fors\u00f8kt \u00e5 f\u00e5 tak i mannens forsvarer<\/a>, men de har forel\u00f8pig ikke lyktes. Det er derfor ikke kjent hvordan mannen stiller seg til siktelsen.<\/p>\n<p>Falkevik opplyser til TV 2 at siktelsen kan bli utvidet, fordi etterforskningen p\u00e5g\u00e5r fortsatt for fullt.<\/p>\n","protected":false},"excerpt":{"rendered":"TV 2 opplyser at mannen ble p\u00e5grepet 9. desember og fremstilt for varetektsfengsling, men at Sunnm\u00f8re tingrett besluttet&hellip;\n","protected":false},"author":2,"featured_media":138222,"comment_status":"","ping_status":"","sticky":false,"template":"","format":"standard","meta":{"footnotes":""},"categories":[10],"tags":[20,21,24,25,15,22,23,13,30,28,29,14,16,26,27],"class_list":{"0":"post-138221","1":"post","2":"type-post","3":"status-publish","4":"format-standard","5":"has-post-thumbnail","7":"category-norge","8":"tag-breaking-news","9":"tag-breakingnews","10":"tag-featured-news","11":"tag-featurednews","12":"tag-headlines","13":"tag-latest-news","14":"tag-latestnews","15":"tag-news","16":"tag-no","17":"tag-norge","18":"tag-norway","19":"tag-nyheter","20":"tag-overskrifter","21":"tag-top-stories","22":"tag-topstories"},"share_on_mastodon":{"url":"https:\/\/pubeurope.com\/@no\/115899103375941672","error":""},"_links":{"self":[{"href":"https:\/\/www.europesays.com\/no\/wp-json\/wp\/v2\/posts\/138221","targetHints":{"allow":["GET"]}}],"collection":[{"href":"https:\/\/www.europesays.com\/no\/wp-json\/wp\/v2\/posts"}],"about":[{"href":"https:\/\/www.europesays.com\/no\/wp-json\/wp\/v2\/types\/post"}],"author":[{"embeddable":true,"href":"https:\/\/www.europesays.com\/no\/wp-json\/wp\/v2\/users\/2"}],"replies":[{"embeddable":true,"href":"https:\/\/www.europesays.com\/no\/wp-json\/wp\/v2\/comments?post=138221"}],"version-history":[{"count":0,"href":"https:\/\/www.europesays.com\/no\/wp-json\/wp\/v2\/posts\/138221\/revisions"}],"wp:featuredmedia":[{"embeddable":true,"href":"https:\/\/www.europesays.com\/no\/wp-json\/wp\/v2\/media\/138222"}],"wp:attachment":[{"href":"https:\/\/www.europesays.com\/no\/wp-json\/wp\/v2\/media?parent=138221"}],"wp:term":[{"taxonomy":"category","embeddable":true,"href":"https:\/\/www.europesays.com\/no\/wp-json\/wp\/v2\/categories?post=138221"},{"taxonomy":"post_tag","embeddable":true,"href":"https:\/\/www.europesays.com\/no\/wp-json\/wp\/v2\/tags?post=138221"}],"curies":[{"name":"wp","href":"https:\/\/api.w.org\/{rel}","templated":true}]}}