{"id":138223,"date":"2026-01-15T12:25:17","date_gmt":"2026-01-15T12:25:17","guid":{"rendered":"https:\/\/www.europesays.com\/no\/138223\/"},"modified":"2026-01-15T12:25:17","modified_gmt":"2026-01-15T12:25:17","slug":"equinors-vindprosjekt-i-usa-ideologisk-kamp","status":"publish","type":"post","link":"https:\/\/www.europesays.com\/no\/138223\/","title":{"rendered":"Equinors vindprosjekt i USA: \u2013 Ideologisk kamp"},"content":{"rendered":"<p class=\"txt-ind\">Equinor m\u00f8ter i retten med h\u00e5p om \u00e5 f\u00e5 opphevet ordren om \u00e5 stanse arbeidet med vindkraftprosjektet Empire Wind utenfor kysten av New York.<\/p>\n<p class=\"txt-ind\"><a href=\"https:\/\/www.doi.gov\/pressreleases\/trump-administration-protects-us-national-security-pausing-offshore-wind-leases\" target=\"_blank\" rel=\"noopener nofollow\">Begrunnelsen<\/a> til USAs innenriksdepartement da Empire Wind og fire andre havvindprosjekter ble satt p\u00e5 pause i desember, var hensyn til nasjonal sikkerhet. Men Guri Bang, som i en \u00e5rrekke har forsket p\u00e5 amerikansk klimapolitikk, mener andre motiver ligger bak beslutningen.<\/p>\n<p class=\"txt-ind\">\u2013 Dette er del av en ideologisk kamp mot fornybar energi, sier hun til NTB.<\/p>\n<p>Satser p\u00e5 fossilt<\/p>\n<p class=\"txt-ind\">Bang viser til at Donald Trump i begge sine presidentperioder har jobbet hardt for \u00e5 rulle tilbake amerikansk klimapolitikk. Det siste \u00e5ret har han ogs\u00e5 g\u00e5tt hardt til verks for \u00e5 fjerne st\u00f8tte til fornybar energi.<\/p>\n<p class=\"txt-ind\">Samtidig har han tatt en rekke grep for \u00e5 \u00f8ke satsingen p\u00e5 de fossile energikildene olje, gass og kull.<\/p>\n<p class=\"txt-ind\">\u2013 Dette er ogs\u00e5 en ideologisk kamp for \u00e5 beskytte fossil industri. Det er en viktig del av det politiske programmet til Donald Trump, \u00e5 f\u00e5 mer fart i fossilindustrien, sier Bang, som er professor ved Norges milj\u00f8- og biovitenskapelige universitet (NMBU).<\/p>\n<p><a class=\"group clear-both w-full !no-underline my-8 sm:my-12 bg-stone-50 dark:bg-brandStone-700 dark:text-brandNeutral-100 flex items-stretch flex-nowrap\" href=\"https:\/\/www.tu.no\/artikler\/frp-om-ny-melkoya-omkamp-vanskelig-sak\/565057\" rel=\"nofollow noopener\" target=\"_blank\"><img decoding=\"async\" class=\" object-cover h-full w-full transition-transform duration-700 ease-in-out group-hover:scale-[1.05] will-change-transform\" src=\"https:\/\/www.europesays.com\/no\/wp-content\/uploads\/2026\/01\/1768479916_267_original.jpg\"  alt=\"Til tross for at Frp tidligere har g\u00e5tt i bresjen for \u00e5 stanse elektrifiseringen av Melk\u00f8ya-anlegget, vil partiet n\u00e5 ikke konkludere f\u00f8r etter h\u00f8ringen og behandlingen av saken, if\u00f8lge stortingsrepresentant Kristoffer Sivertsen (Frp). \" loading=\"lazy\"\/><\/p>\n<p>Les ogs\u00e5:<\/p>\n<p class=\"group-hover:underline text-brandNeutral-900 dark:text-brandNeutral-100 mt-2 text-base sm:text-xl leading-5 sm:leading-6 font-bold\">Frp: \u2013 Vanskelig sak<\/p>\n<p><\/a><\/p>\n<p class=\"txt-ind\">Hun mener det ville gitt mer mening for USA \u00e5 satse mer p\u00e5 fornybar energi, spesielt i lys av konkurransen med Kina. At store prosjekter br\u00e5tt blir stanset, kan if\u00f8lge Bang skremme bort investorer som ellers ville vurdert \u00e5 satse p\u00e5 fornybar energi i USA.<\/p>\n<p>\u00d8rsted vant fram<\/p>\n<p class=\"txt-ind\">Ogs\u00e5 to havvindkraftprosjekter i USA som den danske giganten \u00d8rsted st\u00e5r bak, fikk i desember beskjed om \u00e5 innstille arbeidet.<\/p>\n<p class=\"txt-ind\">Tidligere denne uken fikk \u00d8rsted medhold i en amerikansk domstol for \u00e5 gjenoppta utbyggingen av prosjektet Revolution Wind. Dommeren i saken godtok ikke argumentet om at prosjektet m\u00e5tte stanses fullstendig mens mulige utfordringer for nasjonal sikkerhet vurderes, skriver nyhetsbyr\u00e5et AP.<\/p>\n<p class=\"txt-ind\">Equinor-toppsjef Anders Opedal sa tidligere denne uken til <a href=\"https:\/\/e24.no\/energi-og-klima\/i\/431bGV\/equinor-sjefen-om-usa-havvind-spennende-dag-i-morgen\" target=\"_blank\" rel=\"noopener nofollow\"> E24 <\/a> at selskapet har en god dialog med havenergimyndigheten BOEM, som er underlagt det amerikanske innenriksdepartementet.<\/p>\n<p>Trump: \u2013 Tapere<\/p>\n<p class=\"txt-ind\">En av hovedbegrunnelsene til innenriksdepartementet da de fem havvindprosjektene ble satt p\u00e5 pause, var at vindturbinene kan forstyrre radarsignaler.<\/p>\n<p class=\"txt-ind\">Donald Trump selv har imidlertid brukt helt andre argumenter n\u00e5r han har kritisert vindkraft. Han har kalt vindkraftverk for \u00abtapere\u00bb og sagt at vindturbiner \u00f8delegger landskapet og tar livet av fugler, if\u00f8lge kringkasteren <a href=\"https:\/\/www.npr.org\/2026\/01\/12\/g-s1-105808\/offshore-orsted-revolution-wind-trump-court-clean-energy\" target=\"_blank\" rel=\"noopener nofollow\">NPR.<\/a><\/p>\n<p class=\"txt-ind\">\u2013 Jeg har gitt mine folk beskjed om \u00e5 ikke godkjenne noen vindm\u00f8ller, sa Trump i forrige uke.<\/p>\n<p class=\"txt-ind\">Han la til at \u00abvi kan bli tvunget til \u00e5 gj\u00f8re noe\u00bb som f\u00f8lge av godkjenninger gitt av Biden-administrasjonen for flere \u00e5r tilbake.<\/p>\n<p class=\"txt-ind\">If\u00f8lge <a href=\"https:\/\/e24.no\/energi-og-klima\/i\/L4nAyR\/maa-i-gang-foer-16-januar-truer-med-aa-droppe-usa-prosjekt\" target=\"_blank\" rel=\"noopener nofollow\"> E24 <\/a> har Equinor opplyst at selskapet kan tape over 50 milliarder kroner hvis Empire Wind m\u00e5 avvikles fullstendig.<\/p>\n<p class=\"txt\">\u00a0<\/p>\n<p><a class=\"group clear-both w-full !no-underline my-8 sm:my-12 bg-stone-50 dark:bg-brandStone-700 dark:text-brandNeutral-100 flex items-stretch flex-nowrap\" href=\"https:\/\/www.tu.no\/artikler\/maersk-dropper-spesialskip-for-milliarder-til-havvindparker-i-usa\/563262\" rel=\"nofollow noopener\" target=\"_blank\"><img decoding=\"async\" class=\" object-cover h-full w-full transition-transform duration-700 ease-in-out group-hover:scale-[1.05] will-change-transform\" src=\"https:\/\/www.europesays.com\/no\/wp-content\/uploads\/2026\/01\/1768479917_464_original.jpg\"  alt=\"WIV-konseptet fra Maersk, der et spesialfart\u00f8y p\u00e5 145 ganger 83 meter skulle st\u00e5 for installasjonen av 15 MW vindturbiner i Empire Wind 1-parken.\" loading=\"lazy\"\/><\/p>\n<p>Les ogs\u00e5:<\/p>\n<p class=\"group-hover:underline text-brandNeutral-900 dark:text-brandNeutral-100 mt-2 text-base sm:text-xl leading-5 sm:leading-6 font-bold\">Skulle brukes av Equinor: Maersk dropper milliard-skip  til havvindparker<\/p>\n<p><\/a><\/p>\n","protected":false},"excerpt":{"rendered":"Equinor m\u00f8ter i retten med h\u00e5p om \u00e5 f\u00e5 opphevet ordren om \u00e5 stanse arbeidet med vindkraftprosjektet Empire&hellip;\n","protected":false},"author":2,"featured_media":138224,"comment_status":"","ping_status":"","sticky":false,"template":"","format":"standard","meta":{"footnotes":""},"categories":[5],"tags":[20,21,24,25,15,19,22,23,17,18,13,30,28,29,14,16,26,27],"class_list":{"0":"post-138223","1":"post","2":"type-post","3":"status-publish","4":"format-standard","5":"has-post-thumbnail","7":"category-overskrifter","8":"tag-breaking-news","9":"tag-breakingnews","10":"tag-featured-news","11":"tag-featurednews","12":"tag-headlines","13":"tag-hovedoppslag","14":"tag-latest-news","15":"tag-latestnews","16":"tag-main-news","17":"tag-mainnews","18":"tag-news","19":"tag-no","20":"tag-norge","21":"tag-norway","22":"tag-nyheter","23":"tag-overskrifter","24":"tag-top-stories","25":"tag-topstories"},"share_on_mastodon":{"url":"https:\/\/pubeurope.com\/@no\/115899106774286491","error":""},"_links":{"self":[{"href":"https:\/\/www.europesays.com\/no\/wp-json\/wp\/v2\/posts\/138223","targetHints":{"allow":["GET"]}}],"collection":[{"href":"https:\/\/www.europesays.com\/no\/wp-json\/wp\/v2\/posts"}],"about":[{"href":"https:\/\/www.europesays.com\/no\/wp-json\/wp\/v2\/types\/post"}],"author":[{"embeddable":true,"href":"https:\/\/www.europesays.com\/no\/wp-json\/wp\/v2\/users\/2"}],"replies":[{"embeddable":true,"href":"https:\/\/www.europesays.com\/no\/wp-json\/wp\/v2\/comments?post=138223"}],"version-history":[{"count":0,"href":"https:\/\/www.europesays.com\/no\/wp-json\/wp\/v2\/posts\/138223\/revisions"}],"wp:featuredmedia":[{"embeddable":true,"href":"https:\/\/www.europesays.com\/no\/wp-json\/wp\/v2\/media\/138224"}],"wp:attachment":[{"href":"https:\/\/www.europesays.com\/no\/wp-json\/wp\/v2\/media?parent=138223"}],"wp:term":[{"taxonomy":"category","embeddable":true,"href":"https:\/\/www.europesays.com\/no\/wp-json\/wp\/v2\/categories?post=138223"},{"taxonomy":"post_tag","embeddable":true,"href":"https:\/\/www.europesays.com\/no\/wp-json\/wp\/v2\/tags?post=138223"}],"curies":[{"name":"wp","href":"https:\/\/api.w.org\/{rel}","templated":true}]}}