{"id":138237,"date":"2026-01-15T12:46:41","date_gmt":"2026-01-15T12:46:41","guid":{"rendered":"https:\/\/www.europesays.com\/no\/138237\/"},"modified":"2026-01-15T12:46:41","modified_gmt":"2026-01-15T12:46:41","slug":"derfor-er-hun-fortsatt-i-norge","status":"publish","type":"post","link":"https:\/\/www.europesays.com\/no\/138237\/","title":{"rendered":"Derfor er hun fortsatt i Norge"},"content":{"rendered":"<p class=\"kicker \" style=\"\">Prinsesse Ingrid Alexandra:<\/p>\n<p>    At prinsessen fremdeles er i Norge n\u00e5r hun g\u00e5r p\u00e5 skole i Australia, har skapt forvirring.<\/p>\n<p>\n    I NORGE: Prinsesse Ingrid Alexandra har tatt seg en lang juleferie i hjemlandet. Foto: Fredrik Varfjell \/ NTB\n  <\/p>\n<p>De mest observante har f\u00e5tt med seg at prinsesse Ingrid Alexandra\u00a0(21) fortsatt er i Norge og enda ikke har reist tilbake til studiebyen i Australia.<\/p>\n<p>    <a itemprop=\"url\" href=\"https:\/\/www.seher.no\/kjendis\/omtales-som-partyprinsesse-i-sydney\/83408196\" rel=\"nofollow noopener\" target=\"_blank\"><\/p>\n<p>        <img loading=\"lazy\" decoding=\"async\" src=\"https:\/\/www.europesays.com\/no\/wp-content\/uploads\/2026\/01\/83406858.webp.webp\" width=\"980\" height=\"441\" title=\"Omtales som partyprinsesse i Sydney\" alt=\"\" class=\"lazyload\" style=\"--aspect-ratio-image: 2.22; \"\/><\/p>\n<p>        Omtales som partyprinsesse i Sydney<\/p>\n<p>    <\/a><\/p>\n<p>Mandag 12. januar meldte kongehuset i en pressemelding at prinsessen skal p\u00e5 offisielt bes\u00f8k til Finnmark fra 25. til 27. januar. Her skal hun bes\u00f8ke byene Karasjok og Kirkenes for \u00e5 l\u00e6re om samisk kultur og for \u00e5 bes\u00f8ke Karasjok skole og Kirkenes skole.<\/p>\n<p>        KREFTSYK: Bare fire m\u00e5neder etter hun giftet seg d\u00f8de Rikke (32) av brystkreft. Video: \u00abTabu\u00bb\/ NRK TV\/ R\u00f8d L\u00f8per<\/p>\n<p class=\"font-weight-bold m-font-weight-bold\" data-lab-font_weight=\"font-weight-bold\">Men hva er grunnen til at prinsessen ikke er tilbake p\u00e5 skolebenken i Australia?<\/p>\n<p> Se og H\u00f8rs kongehusekspert Caroline Vagle har svaret klart.\u00a0<\/p>\n<p>    <a itemprop=\"url\" href=\"https:\/\/www.seher.no\/kjendis\/her-takkes-hun-av\/82912518\" rel=\"nofollow noopener\" target=\"_blank\"><\/p>\n<p>        <img loading=\"lazy\" decoding=\"async\" src=\"https:\/\/www.europesays.com\/no\/wp-content\/uploads\/2026\/01\/82912489.webp.webp\" width=\"980\" height=\"441\" title=\"Her takkes hun av\" alt=\"\" class=\"lazyload\" style=\"--aspect-ratio-image: 2.22; \"\/><\/p>\n<p>        Her takkes hun av<\/p>\n<p>    <\/a><\/p>\n<p class=\"font-weight-bold m-font-weight-bold\" data-lab-font_weight=\"font-weight-bold\">&#8211; Prinsessen forvirrer \u00e5penbart i utlandet, men det er ikke s\u00e5 veldig forvirrende, egentlig. I Australia har de nemlig sommerferie n\u00e5, og studiene begynner ikke f\u00f8r i februar. Derfor er hun fortsatt hjemme, og kan bist\u00e5 familien med kongelige oppdrag, forteller Vagle.<\/p>\n<p>    <a itemprop=\"url\" href=\"https:\/\/www.seher.no\/kjendis\/klar-for-sin-forste-singel-sommer\/81581659\" rel=\"nofollow noopener\" target=\"_blank\"><\/p>\n<p>        <img loading=\"lazy\" decoding=\"async\" src=\"https:\/\/www.europesays.com\/no\/wp-content\/uploads\/2026\/01\/81325462.webp.webp\" width=\"980\" height=\"441\" title=\"Klar for sin f\u00f8rste singel-sommer\" alt=\"\" class=\"lazyload\" style=\"--aspect-ratio-image: 2.22; \"\/><\/p>\n<p>        Klar for sin f\u00f8rste singel-sommer<\/p>\n<p>    <\/a><\/p>\n<p> Siden august har prinsesse Ingrid Alexandra studert ved University of Sydney, noe hun fremdeles gj\u00f8r. Vagle er ikke i tvil om at b\u00e5de prinsessen selv og resten av kongefamilien er glade for hennes lange ferie.\u00a0<\/p>\n<p>        SJOKKERTE: N\u00e5r \u00abVokteren\u00bb-deltakerne m\u00e5tte eliminere \u00e9n av de andre p\u00e5 brutalt vis, skapte den utvalgte \u00abb\u00f8ddelen\u00bb sterke reaksjoner. Reporter: Nora Skavhaug\/ Karolina Rusov-Hansen. Video: Sanne Holt\/ TV 2\/ R\u00f8d L\u00f8per<\/p>\n<p>&#8211; De st\u00e5r i mye t\u00f8ft, og da er det naturligvis godt \u00e5 v\u00e6re sammen. Dessuten gj\u00f8r hun en str\u00e5lende jobb for kongehuset. Hun skaper positive overskrifter i en tid hvor det har v\u00e6rt mest negative nyheter for dem!<\/p>\n<p>    <a itemprop=\"url\" href=\"https:\/\/www.seher.no\/kjendis\/vil-ikke-svare\/81304403\" rel=\"nofollow noopener\" target=\"_blank\"><\/p>\n<p>        <img loading=\"lazy\" decoding=\"async\" src=\"https:\/\/www.europesays.com\/no\/wp-content\/uploads\/2026\/01\/81307546.webp.webp\" width=\"980\" height=\"441\" title=\"Vil ikke svare\" alt=\"\" class=\"lazyload\" style=\"--aspect-ratio-image: 2.22; \"\/><\/p>\n<p>        Vil ikke svare<\/p>\n<p>    <\/a><\/p>\n<p>Prinsessen kom hjem til Norge i desember for \u00e5 feire jul med familien. Julem\u00e5neden b\u00f8d ogs\u00e5 p\u00e5 flere kongelige oppdrag, og snart drar hun alts\u00e5 nordover p\u00e5 enda et.<\/p>\n","protected":false},"excerpt":{"rendered":"Prinsesse Ingrid Alexandra: At prinsessen fremdeles er i Norge n\u00e5r hun g\u00e5r p\u00e5 skole i Australia, har skapt&hellip;\n","protected":false},"author":2,"featured_media":138238,"comment_status":"","ping_status":"","sticky":false,"template":"","format":"standard","meta":{"footnotes":""},"categories":[5],"tags":[47,20,21,24,25,15,19,479,2543,1222,22,23,17,18,13,30,28,29,14,16,291,804,13900,26,27],"class_list":{"0":"post-138237","1":"post","2":"type-post","3":"status-publish","4":"format-standard","5":"has-post-thumbnail","7":"category-overskrifter","8":"tag-australia","9":"tag-breaking-news","10":"tag-breakingnews","11":"tag-featured-news","12":"tag-featurednews","13":"tag-headlines","14":"tag-hovedoppslag","15":"tag-kjendis","16":"tag-kjendisdesken","17":"tag-kongefamilien","18":"tag-latest-news","19":"tag-latestnews","20":"tag-main-news","21":"tag-mainnews","22":"tag-news","23":"tag-no","24":"tag-norge","25":"tag-norway","26":"tag-nyheter","27":"tag-overskrifter","28":"tag-prinsesse-ingrid-alexandra","29":"tag-skole","30":"tag-sydney","31":"tag-top-stories","32":"tag-topstories"},"share_on_mastodon":{"url":"https:\/\/pubeurope.com\/@no\/115899189558908950","error":""},"_links":{"self":[{"href":"https:\/\/www.europesays.com\/no\/wp-json\/wp\/v2\/posts\/138237","targetHints":{"allow":["GET"]}}],"collection":[{"href":"https:\/\/www.europesays.com\/no\/wp-json\/wp\/v2\/posts"}],"about":[{"href":"https:\/\/www.europesays.com\/no\/wp-json\/wp\/v2\/types\/post"}],"author":[{"embeddable":true,"href":"https:\/\/www.europesays.com\/no\/wp-json\/wp\/v2\/users\/2"}],"replies":[{"embeddable":true,"href":"https:\/\/www.europesays.com\/no\/wp-json\/wp\/v2\/comments?post=138237"}],"version-history":[{"count":0,"href":"https:\/\/www.europesays.com\/no\/wp-json\/wp\/v2\/posts\/138237\/revisions"}],"wp:featuredmedia":[{"embeddable":true,"href":"https:\/\/www.europesays.com\/no\/wp-json\/wp\/v2\/media\/138238"}],"wp:attachment":[{"href":"https:\/\/www.europesays.com\/no\/wp-json\/wp\/v2\/media?parent=138237"}],"wp:term":[{"taxonomy":"category","embeddable":true,"href":"https:\/\/www.europesays.com\/no\/wp-json\/wp\/v2\/categories?post=138237"},{"taxonomy":"post_tag","embeddable":true,"href":"https:\/\/www.europesays.com\/no\/wp-json\/wp\/v2\/tags?post=138237"}],"curies":[{"name":"wp","href":"https:\/\/api.w.org\/{rel}","templated":true}]}}