{"id":138251,"date":"2026-01-15T13:00:40","date_gmt":"2026-01-15T13:00:40","guid":{"rendered":"https:\/\/www.europesays.com\/no\/138251\/"},"modified":"2026-01-15T13:00:40","modified_gmt":"2026-01-15T13:00:40","slug":"opposisjonsparti-leder-kaller-lokkes-arbeidsgruppe-om-gronland-for-farlig","status":"publish","type":"post","link":"https:\/\/www.europesays.com\/no\/138251\/","title":{"rendered":"Opposisjonsparti-leder kaller L\u00f8kkes arbeidsgruppe om Gr\u00f8nland for farlig"},"content":{"rendered":"<p class=\"extendedContent hyperion-css-eyn926\" data-test-tag=\"lead-text\">Morten Messerschmidt, leder for Dansk Folkeparti (DF), mener avtalen om \u00e5 opprette en arbeidsgruppe med USA om Gr\u00f8nland er farlig.<\/p>\n<p><img decoding=\"async\" class=\"image-asset hyperion-css-u06ts1\" data-test-tag=\"image-asset\" src=\"https:\/\/www.europesays.com\/no\/wp-content\/uploads\/2026\/01\/7e30a3b7-3380-4968-99ce-adc63b4ffd7a.jpeg\"  alt=\"Danmarks utenriksminister Lars L\u00f8kke Rasmussen og Gr\u00f8nlands utenriksminister Vivian Motzfeldt p\u00e5 pressekonferanse ved Danmarks ambassade i Washington onsdag, etter m\u00f8tet med visepresident J.D. Vance og utenriksminister Marco Rubio. \"  loading=\"eager\" fetchpriority=\"high\" style=\"aspect-ratio:2048 \/ 1366\"\/>Danmarks utenriksminister Lars L\u00f8kke Rasmussen og Gr\u00f8nlands utenriksminister Vivian Motzfeldt p\u00e5 pressekonferanse ved Danmarks ambassade i Washington onsdag, etter m\u00f8tet med visepresident J.D. Vance og utenriksminister Marco Rubio. Foto: John McDonnell AP \/ NTB<\/p>\n<p>Publisert: 15.01.2026 08:11<\/p>\n<p class=\"paywall hyperion-css-1j42uic\"> \u2013 Det er farlig. Det meste med Trump er farlig. Han er utilregnelig, uforutsigbar og f\u00f8lger ikke de spillereglene vi er vant til, sa DF-lederen til <a aria-label=\"dansk TV 2 torsdag morgen\" class=\"default hyperion-css-1raymq9\" href=\"https:\/\/nyheder.tv2.dk\/live\/2025-01-06-kampen-om-groenlands-fremtid\/messerschmidt-kalder-arbejdsgruppe--farlig?entry=f6c31e9b-5b63-406d-b3f5-6fe0366340a5\" target=\"_blank\" rel=\"noopener nofollow noreferrer\" data-test-tag=\"external-link\">dansk TV 2 torsdag morgen<\/a>.<\/p>\n<p class=\"paywall hyperion-css-1j42uic\">Dagen f\u00f8r deltok utenriksminister Lars L\u00f8kke Rasmussen i et h\u00f8yspent m\u00f8te med USAs visepresident J.D. Vance og utenriksminister Marco Rubio. Der diskuterte partene president Donald Trumps \u00f8nske om \u00e5 erverve Gr\u00f8nland.<\/p>\n<p class=\"paywall hyperion-css-1j42uic\">Som et svar p\u00e5 disse ambisjonene, som Kongeriket Danmark er sterkt imot, skal det n\u00e5 settes ned en arbeidsgruppe med representanter p\u00e5 h\u00f8yt niv\u00e5. Gruppen skal m\u00f8tes jevnlig for \u00e5 unders\u00f8ke om det kan finnes felles grunn om Gr\u00f8nlands framtid.<\/p>\n<p class=\"paywall hyperion-css-1j42uic\">Messerschmidt sier samtidig at han er glad for den \u00f8kte milit\u00e6re tilstedev\u00e6relsen p\u00e5 Gr\u00f8nland, men mener at dette ikke er nok.<\/p>\n<p class=\"paywall hyperion-css-1j42uic\">\u2013 Jeg tror tiden er kommet for \u00e5 endre selvstyreloven, som gir grunnlag for spekulasjoner om at gr\u00f8nlenderne kan tre ut av Kongeriket Danmark. Dette danner igjen grunnlaget for spekulasjonene fra amerikanerne om russerne og kineserne, sier han.<\/p>\n","protected":false},"excerpt":{"rendered":"Morten Messerschmidt, leder for Dansk Folkeparti (DF), mener avtalen om \u00e5 opprette en arbeidsgruppe med USA om Gr\u00f8nland&hellip;\n","protected":false},"author":2,"featured_media":138252,"comment_status":"","ping_status":"","sticky":false,"template":"","format":"standard","meta":{"footnotes":""},"categories":[5],"tags":[20,21,24,25,15,19,22,23,17,18,13,30,28,29,14,16,26,27],"class_list":{"0":"post-138251","1":"post","2":"type-post","3":"status-publish","4":"format-standard","5":"has-post-thumbnail","7":"category-overskrifter","8":"tag-breaking-news","9":"tag-breakingnews","10":"tag-featured-news","11":"tag-featurednews","12":"tag-headlines","13":"tag-hovedoppslag","14":"tag-latest-news","15":"tag-latestnews","16":"tag-main-news","17":"tag-mainnews","18":"tag-news","19":"tag-no","20":"tag-norge","21":"tag-norway","22":"tag-nyheter","23":"tag-overskrifter","24":"tag-top-stories","25":"tag-topstories"},"share_on_mastodon":{"url":"https:\/\/pubeurope.com\/@no\/115899244462206592","error":""},"_links":{"self":[{"href":"https:\/\/www.europesays.com\/no\/wp-json\/wp\/v2\/posts\/138251","targetHints":{"allow":["GET"]}}],"collection":[{"href":"https:\/\/www.europesays.com\/no\/wp-json\/wp\/v2\/posts"}],"about":[{"href":"https:\/\/www.europesays.com\/no\/wp-json\/wp\/v2\/types\/post"}],"author":[{"embeddable":true,"href":"https:\/\/www.europesays.com\/no\/wp-json\/wp\/v2\/users\/2"}],"replies":[{"embeddable":true,"href":"https:\/\/www.europesays.com\/no\/wp-json\/wp\/v2\/comments?post=138251"}],"version-history":[{"count":0,"href":"https:\/\/www.europesays.com\/no\/wp-json\/wp\/v2\/posts\/138251\/revisions"}],"wp:featuredmedia":[{"embeddable":true,"href":"https:\/\/www.europesays.com\/no\/wp-json\/wp\/v2\/media\/138252"}],"wp:attachment":[{"href":"https:\/\/www.europesays.com\/no\/wp-json\/wp\/v2\/media?parent=138251"}],"wp:term":[{"taxonomy":"category","embeddable":true,"href":"https:\/\/www.europesays.com\/no\/wp-json\/wp\/v2\/categories?post=138251"},{"taxonomy":"post_tag","embeddable":true,"href":"https:\/\/www.europesays.com\/no\/wp-json\/wp\/v2\/tags?post=138251"}],"curies":[{"name":"wp","href":"https:\/\/api.w.org\/{rel}","templated":true}]}}